{"id":1003,"date":"2022-08-07T14:15:45","date_gmt":"2022-08-07T14:15:45","guid":{"rendered":"https:\/\/jairolibreros.com\/?p=1003"},"modified":"2025-04-17T15:54:37","modified_gmt":"2025-04-17T15:54:37","slug":"jairo-libreros-es-la-voz-de-quienes-consideramos-que-rehacer-la-lista-de-candidatos-y-candidatas-a-ocupar-el-cargo-de-contralor","status":"publish","type":"post","link":"https:\/\/jairolibreros.com\/?p=1003","title":{"rendered":"Jairo Libreros es la voz de quienes consideramos que rehacer la lista de candidatos y candidatas a ocupar el cargo de contralor&#8230;"},"content":{"rendered":"<p><span style=\"font-size: 14pt; font-family: tahoma, arial, helvetica, sans-serif;\"><strong>Jairo Libreros es la voz de quienes consideramos que rehacer la lista de candidatos y candidatas a ocupar el cargo de contralor&#8230;<\/strong><\/span><\/p>\n<p><span style=\"font-size: 14pt; font-family: tahoma, arial, helvetica, sans-serif;\"><strong>Jairo Libreros<\/strong>, panelista Hora20 de Caracol Radio<\/span><\/p>\n<p><span style=\"font-family: tahoma, arial, helvetica, sans-serif;\"><em><span style=\"font-size: 14pt;\"><a class=\"css-4rbku5 css-18t94o4 css-901oao css-16my406 r-1cvl2hr r-1loqt21 r-poiln3 r-bcqeeo r-1ny4l3l r-1ddef8g r-tjvw6i r-qvutc0\" dir=\"ltr\" role=\"link\" href=\"https:\/\/twitter.com\/hashtag\/SoyLaVoz?src=hashtag_click\">#SoyLaVoz<\/a> \u00b7 6AM \u00b7 Caracol Radio<\/span><\/em><\/span><\/p>\n<p class=\"p1\"><span style=\"font-size: 14pt; font-family: tahoma, arial, helvetica, sans-serif;\"><strong>Hola, les habla Jairo Libreros, profesor de la Universidad Externado de Colombia<\/strong>, y soy la voz de quienes consideramos que rehacer la lista de candidatos y candidatas a ocupar el cargo de contralor general de la Rep\u00fablica es un error pol\u00edtico del Congreso y un lastre jur\u00eddico que entorpecer\u00e1 la gesti\u00f3n de quien asuma la conducci\u00f3n de ese \u00f3rgano de control.<\/span><\/p>\n<p class=\"p1\"><span style=\"font-size: 14pt; font-family: tahoma, arial, helvetica, sans-serif;\">El nuevo Congreso, cuyos integrantes se posesionaron hace dos semanas, se precia de ser un cuerpo colegiado diferente, heterog\u00e9neo y ajeno a las practicas viciadas del pasado y dispuesto a realizar los cambios legislativos y las jornadas de control pol\u00edtico que exigimos con el voto popular.<\/span><\/p>\n<p class=\"p1\"><span style=\"font-size: 14pt; font-family: tahoma, arial, helvetica, sans-serif;\">Pero la nueva mesa directiva de la rama Legislativa, ante la primera prueba de fuego, aparentemente lleg\u00f3 con la p\u00f3lvora mojada. La decisi\u00f3n de rehacer esa lista es una torpeza pol\u00edtica, que deja en el ambiente serios cuestionamientos relacionados con el inter\u00e9s de incluir nuevas candidaturas, ajustadas a ciertos intereses particulares que no son transparentes.<\/span><\/p>\n<p class=\"p1\"><span style=\"font-size: 14pt; font-family: tahoma, arial, helvetica, sans-serif;\">Este cuestionamiento pol\u00edtico trae consigo una tacha de ilegalidad que no solo empa\u00f1a al Congreso, tambi\u00e9n transmite una carga de interinidad que limitar\u00e1 el desempe\u00f1o de la contralor\u00eda, y por supuesto, unas demandas cuantiosas que probablemente se pagar\u00e1n, m\u00e1s temprano que tarde, con los renovados impuestos que pregona el nuevo gobierno nacional.<\/span><\/p>\n<p class=\"p1\"><span style=\"font-size: 14pt; font-family: tahoma, arial, helvetica, sans-serif;\">En conclusi\u00f3n, rehacer esa lista es un ejercicio de suma cero. Es una falla administrativa de la mesa directiva del congreso, que deteriorar\u00e1 la imagen de los congresistas y detendr\u00e1, temporalmente, el ejercicio de la vigilancia de la gesti\u00f3n fiscal.<\/span><\/p>\n<!--[if lt IE 9]><script>document.createElement('audio');<\/script><![endif]-->\n<audio class=\"wp-audio-shortcode\" id=\"audio-1003-1\" preload=\"none\" style=\"width: 100%;\" controls=\"controls\"><source type=\"audio\/mpeg\" src=\"https:\/\/jairolibreros.com\/wp-content\/uploads\/2022\/08\/AUDIO-2022-08-03-20-07-54.m4a?_=1\" \/><a href=\"https:\/\/jairolibreros.com\/wp-content\/uploads\/2022\/08\/AUDIO-2022-08-03-20-07-54.m4a\">https:\/\/jairolibreros.com\/wp-content\/uploads\/2022\/08\/AUDIO-2022-08-03-20-07-54.m4a<\/a><\/audio>\n<p><span style=\"font-size: 14pt; font-family: tahoma, arial, helvetica, sans-serif;\"><em>Caracol Radio, jueves 4 de agosto de 2022.<\/em><\/span><\/p>\n","protected":false},"excerpt":{"rendered":"<p>Jairo Libreros es la voz de quienes consideramos que rehacer la lista de candidatos y candidatas a ocupar el cargo de contralor&#8230; Jairo <\/p>\n","protected":false},"author":1,"featured_media":428,"comment_status":"open","ping_status":"open","sticky":false,"template":"","format":"standard","meta":{"om_disable_all_campaigns":false,"_monsterinsights_skip_tracking":false,"_monsterinsights_sitenote_active":false,"_monsterinsights_sitenote_note":"","_monsterinsights_sitenote_category":0,"footnotes":""},"categories":[1],"tags":[44],"aioseo_notices":[],"class_list":["post-1003","post","type-post","status-publish","format-standard","has-post-thumbnail","hentry","category-jairo-libreros","tag-elecciones"],"_links":{"self":[{"href":"https:\/\/jairolibreros.com\/index.php?rest_route=\/wp\/v2\/posts\/1003"}],"collection":[{"href":"https:\/\/jairolibreros.com\/index.php?rest_route=\/wp\/v2\/posts"}],"about":[{"href":"https:\/\/jairolibreros.com\/index.php?rest_route=\/wp\/v2\/types\/post"}],"author":[{"embeddable":true,"href":"https:\/\/jairolibreros.com\/index.php?rest_route=\/wp\/v2\/users\/1"}],"replies":[{"embeddable":true,"href":"https:\/\/jairolibreros.com\/index.php?rest_route=%2Fwp%2Fv2%2Fcomments&post=1003"}],"version-history":[{"count":7,"href":"https:\/\/jairolibreros.com\/index.php?rest_route=\/wp\/v2\/posts\/1003\/revisions"}],"predecessor-version":[{"id":3386,"href":"https:\/\/jairolibreros.com\/index.php?rest_route=\/wp\/v2\/posts\/1003\/revisions\/3386"}],"wp:featuredmedia":[{"embeddable":true,"href":"https:\/\/jairolibreros.com\/index.php?rest_route=\/wp\/v2\/media\/428"}],"wp:attachment":[{"href":"https:\/\/jairolibreros.com\/index.php?rest_route=%2Fwp%2Fv2%2Fmedia&parent=1003"}],"wp:term":[{"taxonomy":"category","embeddable":true,"href":"https:\/\/jairolibreros.com\/index.php?rest_route=%2Fwp%2Fv2%2Fcategories&post=1003"},{"taxonomy":"post_tag","embeddable":true,"href":"https:\/\/jairolibreros.com\/index.php?rest_route=%2Fwp%2Fv2%2Ftags&post=1003"}],"curies":[{"name":"wp","href":"https:\/\/api.w.org\/{rel}","templated":true}]}}