{"id":1009,"date":"2022-08-13T14:40:27","date_gmt":"2022-08-13T14:40:27","guid":{"rendered":"https:\/\/jairolibreros.com\/?p=1009"},"modified":"2023-06-14T23:25:22","modified_gmt":"2023-06-14T23:25:22","slug":"de-caracas-a-la-habana-cual-es-el-efecto-de-los-anuncios-del-gobierno","status":"publish","type":"post","link":"https:\/\/jairolibreros.com\/?p=1009","title":{"rendered":"De Caracas a La Habana, \u00bfcu\u00e1l es el efecto de los anuncios del gobierno?"},"content":{"rendered":"<p class=\"p1\"><span style=\"font-size: 14pt;\"><strong>De Caracas a La Habana, \u00bfcu\u00e1l es el efecto de los anuncios del gobierno?<\/strong><\/span><\/p>\n<p><span style=\"font-size: 14pt;\"><strong>Jairo Libreros<\/strong>, panelista Hora20 de Caracol Radio<\/span><\/p>\n<p class=\"p1\"><span style=\"font-size: 14pt;\">En Hora20 el an\u00e1lisis a los \u00faltimos anuncios del gobierno de Gustavo Petro que van de Caracas a La Habana, se debati\u00f3 sobre la designaci\u00f3n de embajadores en Bogot\u00e1 y Caracas en medio del restablecimiento de relaciones diplom\u00e1ticas. Despu\u00e9s una mirada a la llegada de Danilo Rueda y el senador Iv\u00e1n Cepeda a La Habana en la b\u00fasqueda de reanudar los di\u00e1logos con el ELN.<\/span><\/p>\n<blockquote hcb-fetch-image-from=\"https:\/\/twitter.com\/Hora20\/status\/1557893830371749889?s=20&amp;t=M_wAsbHCf2jbtKYMVivk8Q\" class=\"twitter-tweet\" data-width=\"550\" data-dnt=\"true\">\n<p lang=\"es\" dir=\"ltr\"><a href=\"https:\/\/twitter.com\/hashtag\/Hora20?src=hash&amp;ref_src=twsrc%5Etfw\">#Hora20<\/a> | \u201cSi hay alguien en Caracas que se da el lujo de decir que es uno de los mejores amigos de Delcy Rodr\u00edguez y Jorge Rodr\u00edguez es Plasencia. Es una designaci\u00f3n que genera confianza\u201d, <a href=\"https:\/\/twitter.com\/JairoLibreros?ref_src=twsrc%5Etfw\">@JairoLibreros<\/a> \u25b6\ufe0f <a href=\"https:\/\/t.co\/bJmPHDvoNt\">https:\/\/t.co\/bJmPHDvoNt<\/a> <a href=\"https:\/\/t.co\/vUSjj4nCsw\">pic.twitter.com\/vUSjj4nCsw<\/a><\/p>\n<p>&mdash; Hora 20 (@Hora20) <a href=\"https:\/\/twitter.com\/Hora20\/status\/1557893830371749889?ref_src=twsrc%5Etfw\">August 12, 2022<\/a><\/p><\/blockquote>\n<p><script async src=\"https:\/\/platform.twitter.com\/widgets.js\" charset=\"utf-8\"><\/script><\/p>\n<p class=\"p1\"><span style=\"font-size: 14pt;\">Por \u00faltimo, el an\u00e1lisis al primer consejo de seguridad del gobierno nuevo en Choc\u00f3, los planes para el Pac\u00edfico y la violencia que ya completa 10 d\u00edas en Balboa, Cauca.Se sigue moviendo el restablecimiento de relaciones con Venezuela, pues tras los anuncios de un restablecimiento de relaciones militares entre ambos pa\u00edses, esta tarde el gobierno de Nicol\u00e1s Maduro anunci\u00f3 que F\u00e9lix Plasencia quien hace parte de la carrera diplom\u00e1tica venezolana desde 1991, trabaj\u00f3 como canciller y tambi\u00e9n se desempe\u00f1\u00f3 como embajador en Cuba, ahora ser\u00e1 el embajador en Colombia.<\/span><\/p>\n<blockquote hcb-fetch-image-from=\"https:\/\/twitter.com\/Hora20\/status\/1557895736875958272?s=20&amp;t=M_wAsbHCf2jbtKYMVivk8Q\" class=\"twitter-tweet\" data-width=\"550\" data-dnt=\"true\">\n<p lang=\"es\" dir=\"ltr\"><a href=\"https:\/\/twitter.com\/hashtag\/Hora20?src=hash&amp;ref_src=twsrc%5Etfw\">#Hora20<\/a> | \u201cHay tres temas vitales: lo comercial para saldar las deudas econ\u00f3micas, la seguridad porque la frontera es el ELN y los mecanismos para solucionar las diferencias\u201d, <a href=\"https:\/\/twitter.com\/JairoLibreros?ref_src=twsrc%5Etfw\">@JairoLibreros<\/a> \u25b6\ufe0f <a href=\"https:\/\/t.co\/bJmPHDdNVV\">https:\/\/t.co\/bJmPHDdNVV<\/a> <a href=\"https:\/\/t.co\/55mdWTXEpP\">pic.twitter.com\/55mdWTXEpP<\/a><\/p>\n<p>&mdash; Hora 20 (@Hora20) <a href=\"https:\/\/twitter.com\/Hora20\/status\/1557895736875958272?ref_src=twsrc%5Etfw\">August 12, 2022<\/a><\/p><\/blockquote>\n<p><script async src=\"https:\/\/platform.twitter.com\/widgets.js\" charset=\"utf-8\"><\/script><\/p>\n<p class=\"p1\"><span style=\"font-size: 14pt;\">Desde Bogot\u00e1 tambi\u00e9n hubo anuncios: la designaci\u00f3n del exsenador Armando Benedetti como embajador en Caracas, el nuevo embajador le dijo a trav\u00e9s de Twitter al presidente Petro \u201clo sorprender\u00e9 cuando lleguemos a 10 mil mill de d\u00f3lares en intercambio comercial, cuando beneficiemos a los m\u00e1s de 8 mill de colombianos que viven en la frontera. Ninguna l\u00ednea imaginaria nos volver\u00e1 a separar como hermanos\u201d.<\/span><\/p>\n<blockquote hcb-fetch-image-from=\"https:\/\/twitter.com\/Hora20\/status\/1557895859794231300?s=20&amp;t=M_wAsbHCf2jbtKYMVivk8Q\" class=\"twitter-tweet\" data-width=\"550\" data-dnt=\"true\">\n<p lang=\"es\" dir=\"ltr\"><a href=\"https:\/\/twitter.com\/hashtag\/Hora20?src=hash&amp;ref_src=twsrc%5Etfw\">#Hora20<\/a> | \u201cPor ir\u00f3nico que suene, un tema log\u00edstico toma dos meses de trabajo. Hay dificultades para establecer 20 puestos consulares en Venezuela. Lo mismo le pasar\u00e1 a ellos\u201d, <a href=\"https:\/\/twitter.com\/JairoLibreros?ref_src=twsrc%5Etfw\">@JairoLibreros<\/a> \u25b6\ufe0f <a href=\"https:\/\/t.co\/bJmPHDdNVV\">https:\/\/t.co\/bJmPHDdNVV<\/a> <a href=\"https:\/\/t.co\/ZoyF0Xe1Pv\">pic.twitter.com\/ZoyF0Xe1Pv<\/a><\/p>\n<p>&mdash; Hora 20 (@Hora20) <a href=\"https:\/\/twitter.com\/Hora20\/status\/1557895859794231300?ref_src=twsrc%5Etfw\">August 12, 2022<\/a><\/p><\/blockquote>\n<p><script async src=\"https:\/\/platform.twitter.com\/widgets.js\" charset=\"utf-8\"><\/script><\/p>\n<p class=\"p1\"><span style=\"font-size: 14pt;\">Desde hace cuatro a\u00f1os los dos pa\u00edses no ten\u00edan embajadores tras la ruptura de relaciones diplom\u00e1ticas.Por otro lado, est\u00e1 la llegada de una delegaci\u00f3n del nuevo gobierno a Cuba para establecer las verdaderas intenciones del ELN de firmar la paz y volverse a sentar a una mesa de negociaci\u00f3n.<\/span><\/p>\n<blockquote hcb-fetch-image-from=\"https:\/\/twitter.com\/Hora20\/status\/1557897846757670915?s=20&amp;t=M_wAsbHCf2jbtKYMVivk8Q\" class=\"twitter-tweet\" data-width=\"550\" data-dnt=\"true\">\n<p lang=\"es\" dir=\"ltr\"><a href=\"https:\/\/twitter.com\/hashtag\/Hora20?src=hash&amp;ref_src=twsrc%5Etfw\">#Hora20<\/a> | \u201cPor transparencia es importante que pol\u00edticos hablen porque permite tener claridad sobre conducci\u00f3n de pol\u00edticas p\u00fablicas\u201d, <a href=\"https:\/\/twitter.com\/JairoLibreros?ref_src=twsrc%5Etfw\">@JairoLibreros<\/a> \u25b6\ufe0f <a href=\"https:\/\/t.co\/bJmPHDdNVV\">https:\/\/t.co\/bJmPHDdNVV<\/a> <a href=\"https:\/\/t.co\/M8uT7rU1Um\">pic.twitter.com\/M8uT7rU1Um<\/a><\/p>\n<p>&mdash; Hora 20 (@Hora20) <a href=\"https:\/\/twitter.com\/Hora20\/status\/1557897846757670915?ref_src=twsrc%5Etfw\">August 12, 2022<\/a><\/p><\/blockquote>\n<p><script async src=\"https:\/\/platform.twitter.com\/widgets.js\" charset=\"utf-8\"><\/script><\/p>\n<p class=\"p1\"><span style=\"font-size: 14pt;\">Seg\u00fan el presidente Petro esta ma\u00f1ana viaj\u00f3 una \u201cmesa t\u00e9cnica de negociaci\u00f3n\u201d conformada por el canciller \u00c1lvaro Leyva, el alto comisionado para la paz Danilo Rueda, el senador Iv\u00e1n Cepeda, el jefe de la Misi\u00f3n de Verificaci\u00f3n de Naciones Unidas en Colombia, Carlos Ruiz y un delegado del gobierno de Noruega. Este es un viaje que se da en medio de las declaraciones de alias Antonio Garc\u00eda en las que ha criticado la \u201cpaz total\u201d y ha dicho que no negociar\u00e1n si el gobierno \u201clos mete en el mismo costal con bandas y organizaciones criminales.<\/span><\/p>\n<blockquote hcb-fetch-image-from=\"https:\/\/twitter.com\/Hora20\/status\/1557898249360515075?s=20&amp;t=M_wAsbHCf2jbtKYMVivk8Q\" class=\"twitter-tweet\" data-width=\"550\" data-dnt=\"true\">\n<p lang=\"es\" dir=\"ltr\"><a href=\"https:\/\/twitter.com\/hashtag\/Hora20?src=hash&amp;ref_src=twsrc%5Etfw\">#Hora20<\/a> | \u201cNos hemos quejado de incapacidad de Duque para comunicar pol\u00edtica y ahora llega Petro con facilidad de expresi\u00f3n y carga simb\u00f3lica y ahora no nos gusta; es importante que los pol\u00edticos hablen\u201d, <a href=\"https:\/\/twitter.com\/JairoLibreros?ref_src=twsrc%5Etfw\">@JairoLibreros<\/a> \u25b6\ufe0f <a href=\"https:\/\/t.co\/bJmPHDdNVV\">https:\/\/t.co\/bJmPHDdNVV<\/a> <a href=\"https:\/\/t.co\/Duzt7l8FpR\">pic.twitter.com\/Duzt7l8FpR<\/a><\/p>\n<p>&mdash; Hora 20 (@Hora20) <a href=\"https:\/\/twitter.com\/Hora20\/status\/1557898249360515075?ref_src=twsrc%5Etfw\">August 12, 2022<\/a><\/p><\/blockquote>\n<p><script async src=\"https:\/\/platform.twitter.com\/widgets.js\" charset=\"utf-8\"><\/script><\/p>\n<blockquote hcb-fetch-image-from=\"https:\/\/twitter.com\/Hora20\/status\/1557901648109912065?s=20&amp;t=M_wAsbHCf2jbtKYMVivk8Q\" class=\"twitter-tweet\" data-width=\"550\" data-dnt=\"true\">\n<p lang=\"es\" dir=\"ltr\"><a href=\"https:\/\/twitter.com\/hashtag\/Hora20?src=hash&amp;ref_src=twsrc%5Etfw\">#Hora20<\/a> | \u201cNo descartar\u00eda que Petro vincule a otro pa\u00eds de las Am\u00e9ricas. Muy seguramente en la reuni\u00f3n de la CELAC tendremos noticias relacionadas con los avances en la materia de negociaci\u00f3n, eso le dar\u00eda m\u00e1s cuerpo al proceso\u201d, <a href=\"https:\/\/twitter.com\/JairoLibreros?ref_src=twsrc%5Etfw\">@JairoLibreros<\/a> \u25b6\ufe0f <a href=\"https:\/\/t.co\/bJmPHDdNVV\">https:\/\/t.co\/bJmPHDdNVV<\/a> <a href=\"https:\/\/t.co\/hAVQ97raCb\">pic.twitter.com\/hAVQ97raCb<\/a><\/p>\n<p>&mdash; Hora 20 (@Hora20) <a href=\"https:\/\/twitter.com\/Hora20\/status\/1557901648109912065?ref_src=twsrc%5Etfw\">August 12, 2022<\/a><\/p><\/blockquote>\n<p><script async src=\"https:\/\/platform.twitter.com\/widgets.js\" charset=\"utf-8\"><\/script><\/p>\n<blockquote hcb-fetch-image-from=\"https:\/\/twitter.com\/Hora20\/status\/1557902549746843649?s=20&amp;t=M_wAsbHCf2jbtKYMVivk8Q\" class=\"twitter-tweet\" data-width=\"550\" data-dnt=\"true\">\n<p lang=\"es\" dir=\"ltr\"><a href=\"https:\/\/twitter.com\/hashtag\/Hora20?src=hash&amp;ref_src=twsrc%5Etfw\">#Hora20<\/a> | \u201cCuando Petro habla de di\u00e1logos regionales abre una participaci\u00f3n plural de todos los ciudadanos y de actores armados que expresen p\u00fablicamente su inter\u00e9s de participar\u201d, <a href=\"https:\/\/twitter.com\/JairoLibreros?ref_src=twsrc%5Etfw\">@JairoLibreros<\/a> \u25b6\ufe0f <a href=\"https:\/\/t.co\/bJmPHDdNVV\">https:\/\/t.co\/bJmPHDdNVV<\/a> <a href=\"https:\/\/t.co\/DIkUZlx0i2\">pic.twitter.com\/DIkUZlx0i2<\/a><\/p>\n<p>&mdash; Hora 20 (@Hora20) <a href=\"https:\/\/twitter.com\/Hora20\/status\/1557902549746843649?ref_src=twsrc%5Etfw\">August 12, 2022<\/a><\/p><\/blockquote>\n<p><script async src=\"https:\/\/platform.twitter.com\/widgets.js\" charset=\"utf-8\"><\/script><\/p>\n<p>&nbsp;<\/p>\n<p class=\"p1\" style=\"text-align: center;\"><span style=\"font-size: 14pt;\"><strong>Panelistas analizaron los anuncios de embajadores entre Bogot\u00e1 y Caracas. Tambi\u00e9n debatieron sobre el encuentro entre el ELN y el Gobierno<\/strong><\/span><\/p>\n<p class=\"p1\"><span style=\"font-size: 14pt;\"><b>Para Jairo Libreros, abogado, profesor universitario y experto en asuntos de seguridad<\/b>, los nombramientos de las embajadas son importantes, \u201csi hay alguien en Caracas que se da lujo de decir ser el mejor amigo de Delcy Rodr\u00edguez, la vicepresidenta, es Plasencia\u201d, pues destaca que es una figura h\u00e1bil, locuaz, caribe y prudente no es f\u00e1cil encontrar.<\/span><\/p>\n<p class=\"p1\"><span style=\"font-size: 14pt;\">Tambi\u00e9n destac\u00f3 que genera confianza el proceso de restablecimiento de relaciones y que tener una persona como Armando Benedetti, permitir\u00e1 tener una interlocuci\u00f3n importante.Sobre el di\u00e1logo con el ELN, se\u00f1al\u00f3 que por primera vez se conoce que hay transparencia pol\u00edtica en una negociaci\u00f3n al hacer que los pol\u00edticos lleguen primero que los t\u00e9cnicos para despu\u00e9s afinar.<\/span><\/p>\n<p class=\"p1\"><span style=\"font-size: 14pt;\">\u201cNos hemos quejado de incapacidad de Duque para comunicar pol\u00edtica y ahora llega Petro con facilidad de expresi\u00f3n y carga simb\u00f3lica y ahora no nos gusta; es importante que los pol\u00edticos hablen\u201d. Tambi\u00e9n dijo que es importante que se vincule otros pa\u00edses a la negociaci\u00f3n, pues no descart\u00f3 que, ante la intenci\u00f3n de Gustavo Petro de unir la regi\u00f3n, se busque apoyo en otros pa\u00edses.<\/span><\/p>\n<p><span style=\"font-size: 14pt;\"><strong>El link de YouTube con el cap\u00edtulo del debate en Hora20 es el siguiente \u2935\ufe0f<\/strong><\/span><\/p>\n<p><iframe hcb-fetch-image-from=\"https:\/\/youtu.be\/GUu-Y42NROs\" title=\"HORA 20 | El an\u00e1lisis a los recortes que planea el nuevo gobierno\" width=\"640\" height=\"360\" src=\"https:\/\/www.youtube.com\/embed\/GUu-Y42NROs?feature=oembed\" frameborder=\"0\" allow=\"accelerometer; autoplay; clipboard-write; encrypted-media; gyroscope; picture-in-picture; web-share\" referrerpolicy=\"strict-origin-when-cross-origin\" allowfullscreen><\/iframe><\/p>\n<p><span style=\"font-size: 14pt;\"><strong>Y el link con el audio del debate en Hora20 es el siguiente \u2935\ufe0f<\/strong><\/span><\/p>\n<p><span style=\"text-decoration: underline; font-size: 14pt;\"><a href=\"https:\/\/caracol.com.co\/programa\/2022\/08\/12\/hora_20\/1660272302_518315.html\">https:\/\/caracol.com.co\/programa\/2022\/08\/12\/hora_20\/1660272302_518315.html\u00a0<\/a><\/span><\/p>\n","protected":false},"excerpt":{"rendered":"<p>De Caracas a La Habana, \u00bfcu\u00e1l es el efecto de los anuncios del gobierno? Jairo Libreros, panelista Hora20 de Caracol Radio En Hora20 <\/p>\n","protected":false},"author":1,"featured_media":428,"comment_status":"open","ping_status":"open","sticky":false,"template":"","format":"standard","meta":{"om_disable_all_campaigns":false,"_monsterinsights_skip_tracking":false,"_monsterinsights_sitenote_active":false,"_monsterinsights_sitenote_note":"","_monsterinsights_sitenote_category":0,"footnotes":""},"categories":[1],"tags":[54,90,39],"aioseo_notices":[],"class_list":["post-1009","post","type-post","status-publish","format-standard","has-post-thumbnail","hentry","category-jairo-libreros","tag-comunicacion-politica","tag-seguridad-y-defensa-nacional","tag-seguridad-ciudadana"],"_links":{"self":[{"href":"https:\/\/jairolibreros.com\/index.php?rest_route=\/wp\/v2\/posts\/1009"}],"collection":[{"href":"https:\/\/jairolibreros.com\/index.php?rest_route=\/wp\/v2\/posts"}],"about":[{"href":"https:\/\/jairolibreros.com\/index.php?rest_route=\/wp\/v2\/types\/post"}],"author":[{"embeddable":true,"href":"https:\/\/jairolibreros.com\/index.php?rest_route=\/wp\/v2\/users\/1"}],"replies":[{"embeddable":true,"href":"https:\/\/jairolibreros.com\/index.php?rest_route=%2Fwp%2Fv2%2Fcomments&post=1009"}],"version-history":[{"count":5,"href":"https:\/\/jairolibreros.com\/index.php?rest_route=\/wp\/v2\/posts\/1009\/revisions"}],"predecessor-version":[{"id":1989,"href":"https:\/\/jairolibreros.com\/index.php?rest_route=\/wp\/v2\/posts\/1009\/revisions\/1989"}],"wp:featuredmedia":[{"embeddable":true,"href":"https:\/\/jairolibreros.com\/index.php?rest_route=\/wp\/v2\/media\/428"}],"wp:attachment":[{"href":"https:\/\/jairolibreros.com\/index.php?rest_route=%2Fwp%2Fv2%2Fmedia&parent=1009"}],"wp:term":[{"taxonomy":"category","embeddable":true,"href":"https:\/\/jairolibreros.com\/index.php?rest_route=%2Fwp%2Fv2%2Fcategories&post=1009"},{"taxonomy":"post_tag","embeddable":true,"href":"https:\/\/jairolibreros.com\/index.php?rest_route=%2Fwp%2Fv2%2Ftags&post=1009"}],"curies":[{"name":"wp","href":"https:\/\/api.w.org\/{rel}","templated":true}]}}