{"id":1022,"date":"2022-08-31T23:53:41","date_gmt":"2022-08-31T23:53:41","guid":{"rendered":"https:\/\/jairolibreros.com\/?p=1022"},"modified":"2025-09-06T22:46:33","modified_gmt":"2025-09-06T22:46:33","slug":"el-efecto-zapateiro","status":"publish","type":"post","link":"https:\/\/jairolibreros.com\/?p=1022","title":{"rendered":"El efecto zapateiro"},"content":{"rendered":"<p><span style=\"font-size: 14pt;\"><strong>El efecto zapateiro<\/strong><\/span><\/p>\n<p><span style=\"font-size: 14pt;\"><span style=\"text-decoration: underline;\"><a href=\"https:\/\/twitter.com\/hashtag\/EntreBastidores?src=hashtag_click\">#EntreBastidores<\/a><\/span> con <strong>Jairo Libreros<\/strong>, analista permanente de Noticias RCN<\/span><\/p>\n<blockquote hcb-fetch-image-from=\"https:\/\/twitter.com\/NoticiasRCN\/status\/1565123235842252802?s=20&amp;t=agwYzI7O9umBN4uwiCgNpA\" class=\"twitter-tweet\" data-width=\"550\" data-dnt=\"true\">\n<p lang=\"es\" dir=\"ltr\"><a href=\"https:\/\/twitter.com\/hashtag\/Opini%C3%B3n?src=hash&amp;ref_src=twsrc%5Etfw\">#Opini\u00f3n<\/a> | Al portal de Noticias RCN llega <a href=\"https:\/\/twitter.com\/hashtag\/EntreBastidores?src=hash&amp;ref_src=twsrc%5Etfw\">#EntreBastidores<\/a> del profesor <a href=\"https:\/\/twitter.com\/JairoLibreros?ref_src=twsrc%5Etfw\">@JairoLibreros<\/a>, experto en seguridad y docente de la Universidad Externado. Estar\u00e1 analizando todas las semanas las movidas en materia de defensa y soberan\u00eda. Vea la primera entrega <a href=\"https:\/\/t.co\/vyesSb3RIy\">https:\/\/t.co\/vyesSb3RIy<\/a><\/p>\n<p>&mdash; Noticias RCN (@NoticiasRCN) <a href=\"https:\/\/twitter.com\/NoticiasRCN\/status\/1565123235842252802?ref_src=twsrc%5Etfw\">August 31, 2022<\/a><\/p><\/blockquote>\n<p><script async src=\"https:\/\/platform.twitter.com\/widgets.js\" charset=\"utf-8\"><\/script><\/p>\n<p class=\"p1\"><span style=\"font-size: 14pt;\">El remez\u00f3n en la c\u00fapula de la fuerza p\u00fablica es alucinante. Hace dos semanas se anunci\u00f3 la salida de por lo menos cuarenta generales, y durante el transcurso de los \u00faltimos d\u00edas, se sumaron otros diez.<\/span><\/p>\n<p class=\"p1\"><span style=\"font-size: 14pt;\">\u00a1Y los que faltan!, porque en Casa de Nari\u00f1o mantienen la espada desenvainada. A cuenta gotas, en lo que resta del a\u00f1o, se conocer\u00edan los nombres de algunas y algunos oficiales llamados a calificar servicios.<\/span><\/p>\n<p class=\"p1\"><span style=\"font-size: 14pt;\">En diferentes mentideros corren quejas que se\u00f1alan al presidente Gustavo Petro de irrespetar la antig\u00fcedad en la fuerza p\u00fablica, de vulnerar la presunci\u00f3n de inocencia y que la espada de Palacio dej\u00f3 una masacre laboral.<\/span><\/p>\n<p class=\"p1\"><span style=\"font-size: 14pt;\">Mmm\u2026, no\u2026<\/span><\/p>\n<p class=\"p1\"><span style=\"font-size: 14pt;\">Esos reclamos son entendibles mas no veraces: cada cuatrienio el nuevo inquilino de Casa de Nari\u00f1o escoge su propia c\u00fapula, este cambio siempre trae consigo un llamado a la reserva por antig\u00fcedad, la calificaci\u00f3n de los servicios no es una sentencia condenatoria dictada en un proceso penal o disciplinario y el retiro de medio centenar de generales es sonoro pero no in\u00e9dito ni apocal\u00edptico.<\/span><\/p>\n<p class=\"p1\"><span style=\"font-size: 14pt;\">La descabezada de los generales se enmarca en un principio liberal propio de todas las democracias constitucionales: garantizar la subordinaci\u00f3n de la fuerza p\u00fablica a las instituciones pol\u00edticas.<\/span><\/p>\n<p class=\"p1\"><span style=\"font-size: 14pt;\">La decisi\u00f3n del presidente Petro se puede explicar de diferentes maneras. De un lado, necesitaba sacar de las filas a quienes estaban alineados con la doctrina del enemigo interno y la seguridad democr\u00e1tica para impulsar su pol\u00edtica de seguridad humana. Esta decisi\u00f3n es leg\u00edtima, legal y oportuna.<\/span><\/p>\n<p class=\"p1\"><span style=\"font-size: 14pt;\">Y por el otro lado, surge la tesis de la desconfianza que ronda al presidente Petro frente a un sector de la Polic\u00eda y del Ej\u00e9rcito, agravada por un detonante, el efecto zapateiro, que se podr\u00eda definir como un generador de inseguridades que buscaba minar la legitimidad de Petro como eventual mandatario de Colombia, y evitar as\u00ed, a toda costa, que \u00e9ste impulsara como presidente el Acuerdo de Paz con las FARC.<\/span><\/p>\n<p class=\"p1\"><span style=\"font-size: 14pt;\">No podemos olvidar que hasta hace un par de meses se escucharon voces que especulaban sobre la inviabilidad de un gobierno de Gustavo Petro frente a la fuerza p\u00fablica. Se dec\u00eda que los uniformados no iban a cumplir las \u00f3rdenes de Petro. Que ellos no le marchar\u00eda a este.<\/span><\/p>\n<p class=\"p1\"><span style=\"font-size: 14pt;\">Tambi\u00e9n que la desconfianza del hoy presidente Petro hacia el Ej\u00e9rcito y la Polic\u00eda emerge de su militancia en el M-19, en el procedimiento de allanamiento que termin\u00f3 con su captura, en la detenci\u00f3n carcelaria y en la tortura que padeci\u00f3 en prisi\u00f3n.<\/span><\/p>\n<p class=\"p1\"><span style=\"font-size: 14pt;\">O en los incidentes de las agencias de inteligencia relacionados con perfilamientos ilegales, en actos de persecuci\u00f3n pol\u00edtica o en violaciones al derecho fundamental a la intimidad, traducidas en conversaciones que acabaron en manos de los medios de comunicaci\u00f3n y a disposici\u00f3n de los colombianos.<\/span><\/p>\n<p class=\"p1\"><span style=\"font-size: 14pt;\">Esa desconfianza es cierta. La distancia del presidente Petro con algunos oficiales de la Polic\u00eda y del Ej\u00e9rcito es real. Seguramente, \u00e9l ten\u00eda claro que deb\u00eda como presidente remover del generalato algunos oficiales. Pero el n\u00famero bullicioso de descabezados obedece \u00fanica y exclusivamente al efecto zapateiro.<\/span><\/p>\n<p class=\"p1\"><span style=\"font-size: 14pt;\">Hace cuatro meses, en plena campa\u00f1a presidencial, el general Eduardo Zapateiro, por aquellos d\u00edas comandante del Ej\u00e9rcito, en un claro e inaceptable acto de deliberaci\u00f3n pol\u00edtica descalific\u00f3 e intimid\u00f3 a Gustavo Petro como senador de la Rep\u00fablica y candidato puntero y favorito a la Presidencia, seg\u00fan el registro de todas las encuestas electorales.<\/span><\/p>\n<p class=\"p1\"><span style=\"font-size: 14pt;\">Y c\u00f3mo si esto no fuera poco, en sus palabras de despedida como comandante y oficial del Ej\u00e9rcito, Zapateiro sentenci\u00f3 que \u00e9l se iba tranquilo, porque en la milicia quedaban muchos zapateiros.<\/span><\/p>\n<p class=\"p1\"><span style=\"font-size: 14pt;\">A estas alturas del partido no s\u00e9 cu\u00e1ntos zapateiros sobreviven. Pero aquella sentencia perdurar\u00e1 en la mente del presidente Petro, quien por desconfianza mantendr\u00e1 la espada desenvainada y la usar\u00e1 para retirar de la fuerza p\u00fablica a quienes saboteen la seguridad humana, la implementaci\u00f3n del Acuerdo de Paz con las FARC, los di\u00e1logos de paz con el ELN, el sometimiento a la justicia de las bandas criminales, entre otras causales.<\/span><\/p>\n<p class=\"p1\"><span style=\"font-size: 14pt;\">En conclusi\u00f3n, la decisi\u00f3n sobre el retiro de los oficiales se tom\u00f3 en derecho, pero pagan justos por pecadores. La fuerza p\u00fablica asimilar\u00e1 el golpe sin fracturas en su lealtad al Estado constitucional. Y la lecci\u00f3n aprendida de este <i>impasse<\/i> la resumo en un solo concepto: el efecto zapateiro.<\/span><\/p>\n<p class=\"p1\"><span style=\"font-size: 14pt;\">Posdata. El remez\u00f3n en la fuerza p\u00fablica se sinti\u00f3 con menor intensidad en la Fuerza A\u00e9rea y en la Armada. De la primera sali\u00f3 un general y de la segunda un almirante.<\/span><\/p>\n<p class=\"p1\"><span style=\"font-size: 14pt;\">Feliz d\u00eda\u2026<\/span><\/p>\n<p><span style=\"font-size: 14pt;\"><a class=\"qi72231t nu7423ey n3hqoq4p r86q59rh b3qcqh3k fq87ekyn bdao358l fsf7x5fv rse6dlih s5oniofx m8h3af8h l7ghb35v kjdc1dyq kmwttqpk srn514ro oxkhqvkx rl78xhln nch0832m cr00lzj9 rn8ck1ys s3jn8y49 icdlwmnq _aa9_ _a6hd\" tabindex=\"0\" role=\"link\" href=\"https:\/\/www.instagram.com\/explore\/tags\/entrebastidores\/\">#EntreBastidores<\/a> con <strong>Jairo Libreros<\/strong><\/span><\/p>\n<p><span style=\"font-size: 14pt;\"><img fetchpriority=\"high\" decoding=\"async\" class=\"alignright size-medium wp-image-1035\" src=\"https:\/\/jairolibreros.com\/wp-content\/uploads\/2022\/08\/A41EC73F-789C-40D1-911C-23C244297F4F-300x169.jpeg\" alt=\"\" width=\"300\" height=\"169\" srcset=\"https:\/\/jairolibreros.com\/wp-content\/uploads\/2022\/08\/A41EC73F-789C-40D1-911C-23C244297F4F-300x169.jpeg 300w, https:\/\/jairolibreros.com\/wp-content\/uploads\/2022\/08\/A41EC73F-789C-40D1-911C-23C244297F4F-1024x576.jpeg 1024w, https:\/\/jairolibreros.com\/wp-content\/uploads\/2022\/08\/A41EC73F-789C-40D1-911C-23C244297F4F-768x432.jpeg 768w, https:\/\/jairolibreros.com\/wp-content\/uploads\/2022\/08\/A41EC73F-789C-40D1-911C-23C244297F4F.jpeg 1280w\" sizes=\"(max-width: 300px) 100vw, 300px\" \/><\/span><\/p>\n<p class=\"p1\" style=\"text-align: right;\"><span style=\"font-size: 14pt;\"><b>Jairo Libreros<\/b> es editor y analista pol\u00edtico de Noticias RCN y NTN24. <b>Entre Bastidores<\/b> es su espacio de an\u00e1lisis sobre pol\u00edtica internacional, seguridad y defensa nacional que se publica todos los martes y viernes. Libreros es abogado, experto en pol\u00edticas p\u00fablicas y profesor titular de seguridad y defensa nacional de la Escuela de Gobierno y de la Escuela de Relaciones Internacionales de la Universidad Externado de Colombia.<\/span><\/p>\n<p><span style=\"font-size: 14pt;\"><strong>El link de Noticias RCN con mi an\u00e1lisis es el siguiente:<\/strong><\/span><\/p>\n<p><span style=\"text-decoration: underline; font-size: 14pt;\"><a href=\"https:\/\/www.noticiasrcn.com\/opinion\/el-efecto-zapateiro-427984?utm_medium=Social&amp;utm_source=Twitter#Echobox=1661989431\">https:\/\/www.noticiasrcn.com\/opinion\/el-efecto-zapateiro-427984?utm_medium=Social&amp;utm_source=Twitter#Echobox=1661989431\u00a0<\/a><\/span><\/p>\n","protected":false},"excerpt":{"rendered":"<p>El efecto zapateiro #EntreBastidores con Jairo Libreros, analista permanente de Noticias RCN #Opini\u00f3n | Al portal de Noticias RCN llega #EntreBastidores del profesor <\/p>\n","protected":false},"author":1,"featured_media":1035,"comment_status":"open","ping_status":"open","sticky":false,"template":"","format":"standard","meta":{"om_disable_all_campaigns":false,"_monsterinsights_skip_tracking":false,"_monsterinsights_sitenote_active":false,"_monsterinsights_sitenote_note":"","_monsterinsights_sitenote_category":0,"footnotes":""},"categories":[1],"tags":[44,54,90,97],"aioseo_notices":[],"class_list":["post-1022","post","type-post","status-publish","format-standard","has-post-thumbnail","hentry","category-jairo-libreros","tag-elecciones","tag-comunicacion-politica","tag-seguridad-y-defensa-nacional","tag-inteligencia-estrategica"],"_links":{"self":[{"href":"https:\/\/jairolibreros.com\/index.php?rest_route=\/wp\/v2\/posts\/1022"}],"collection":[{"href":"https:\/\/jairolibreros.com\/index.php?rest_route=\/wp\/v2\/posts"}],"about":[{"href":"https:\/\/jairolibreros.com\/index.php?rest_route=\/wp\/v2\/types\/post"}],"author":[{"embeddable":true,"href":"https:\/\/jairolibreros.com\/index.php?rest_route=\/wp\/v2\/users\/1"}],"replies":[{"embeddable":true,"href":"https:\/\/jairolibreros.com\/index.php?rest_route=%2Fwp%2Fv2%2Fcomments&post=1022"}],"version-history":[{"count":17,"href":"https:\/\/jairolibreros.com\/index.php?rest_route=\/wp\/v2\/posts\/1022\/revisions"}],"predecessor-version":[{"id":1991,"href":"https:\/\/jairolibreros.com\/index.php?rest_route=\/wp\/v2\/posts\/1022\/revisions\/1991"}],"wp:featuredmedia":[{"embeddable":true,"href":"https:\/\/jairolibreros.com\/index.php?rest_route=\/wp\/v2\/media\/1035"}],"wp:attachment":[{"href":"https:\/\/jairolibreros.com\/index.php?rest_route=%2Fwp%2Fv2%2Fmedia&parent=1022"}],"wp:term":[{"taxonomy":"category","embeddable":true,"href":"https:\/\/jairolibreros.com\/index.php?rest_route=%2Fwp%2Fv2%2Fcategories&post=1022"},{"taxonomy":"post_tag","embeddable":true,"href":"https:\/\/jairolibreros.com\/index.php?rest_route=%2Fwp%2Fv2%2Ftags&post=1022"}],"curies":[{"name":"wp","href":"https:\/\/api.w.org\/{rel}","templated":true}]}}