{"id":1043,"date":"2022-09-03T00:14:04","date_gmt":"2022-09-03T00:14:04","guid":{"rendered":"https:\/\/jairolibreros.com\/?p=1043"},"modified":"2025-10-22T13:55:38","modified_gmt":"2025-10-22T13:55:38","slug":"tolerancia-diplomatica-cero","status":"publish","type":"post","link":"https:\/\/jairolibreros.com\/?p=1043","title":{"rendered":"\u00bfTolerancia diplom\u00e1tica cero?"},"content":{"rendered":"<p><span style=\"font-size: 14pt;\"><strong>\u00bfTolerancia diplom\u00e1tica cero?<\/strong><\/span><\/p>\n<p><span style=\"font-size: 14pt;\">\u00a0<span style=\"text-decoration: underline;\"><a href=\"https:\/\/twitter.com\/hashtag\/EntreBastidores?src=hashtag_click\">#EntreBastidores<\/a><\/span> con <strong>Jairo Libreros<\/strong>, analista permanente de Noticias RCN<\/span><\/p>\n<blockquote hcb-fetch-image-from=\"https:\/\/twitter.com\/JairoLibreros\/status\/1565757114794053633?s=20&amp;t=X8-JvFzZyorVGpy7JxJPkg\" class=\"twitter-tweet\" data-width=\"550\" data-dnt=\"true\">\n<p lang=\"es\" dir=\"ltr\">Canciller Leyva, \u00bfa usted le molesta el papel del periodismo? <a href=\"https:\/\/twitter.com\/JairoLibreros?ref_src=twsrc%5Etfw\">@JairoLibreros<\/a> analista <a href=\"https:\/\/twitter.com\/NoticiasRCN?ref_src=twsrc%5Etfw\">@noticiasrcn<\/a> <br \/> <a href=\"https:\/\/t.co\/AAq1UawHqE\">https:\/\/t.co\/AAq1UawHqE<\/a><\/p>\n<p>&mdash; Jairo Libreros (@JairoLibreros) <a href=\"https:\/\/twitter.com\/JairoLibreros\/status\/1565757114794053633?ref_src=twsrc%5Etfw\">September 2, 2022<\/a><\/p><\/blockquote>\n<p><script async src=\"https:\/\/platform.twitter.com\/widgets.js\" charset=\"utf-8\"><\/script><\/p>\n<p><span style=\"font-size: 14pt;\">\u201c<em>Esperamos que las filtraciones no tengan consecuencias adversas a lo buscado<\/em>\u201d, dice uno de los apartes del comunicado suscrito por el <span style=\"text-decoration: underline;\"><a href=\"https:\/\/www.cancilleria.gov.co\/newsroom\/publiques\/comunicado-prensa-relacion-resolucion-nicaragua-consejo-permanente-oea\">canciller \u00c1lvaro Leyva<\/a><\/span> , el cual est\u00e1 relacionado con una explicaci\u00f3n soterrada sobre la ausencia de Colombia en la sesi\u00f3n del Consejo Permanente de la OEA, <span style=\"text-decoration: underline;\"><a href=\"https:\/\/scm.oas.org\/doc_public\/spanish\/hist_22\/cp46282s03.docx\">donde se conden\u00f3 el comportamiento de Daniel Ortega en Nicaragua<\/a><\/span>.<\/span><\/p>\n<p><span style=\"font-size: 14pt;\">\u00bfEsa declaraci\u00f3n es un pasaje de la nueva diplomacia? Algunos dir\u00e1n que s\u00ed, porque diplom\u00e1ticamente hace alusi\u00f3n a filtraciones de informaci\u00f3n frente a las misteriosas gestiones humanitarias del Ministerio de Relaciones Exteriores de Colombia a favor de Nicaragua.<\/span><\/p>\n<p><span style=\"font-size: 14pt;\">Pero otras personas -menos diplom\u00e1ticas-, tambi\u00e9n le\u00edmos un mensaje amedrentador a los medios de comunicaci\u00f3n y a los periodistas, en el sentido de adjudicarnos alg\u00fan tipo de responsabilidad por las consecuencias derivadas de esas mal denominadas filtraciones.<\/span><\/p>\n<p><span style=\"font-size: 14pt;\">Por ello, canciller Leyva, le pregunto directamente: \u00bfa usted le molesta el papel que cumple el periodismo en una democracia liberal?<\/span><\/p>\n<p><span style=\"font-size: 14pt;\">De un lado, lo digo porque eso que denomina en el comunicado como filtraciones es realmente el ejercicio libre e independiente de la actividad period\u00edstica, principio fundamental de la libertad de prensa y de expresi\u00f3n, protegido por la Convenci\u00f3n Americana sobre Derechos Humanos, por la Carta Democr\u00e1tica Interamericana y por la Constituci\u00f3n Pol\u00edtica de Colombia.<\/span><\/p>\n<p><span style=\"font-size: 14pt;\">Y del otro lado, le recuerdo que a las figuras p\u00fablicas, l\u00edderes pol\u00edticos o altos servidores del Estado les asiste una carga de mayor tolerancia frente a la cr\u00edtica y al escrutinio p\u00fablico. Es una exigencia de apertura mental ante los cuestionamientos del periodismo para garantizar la vigencia de una sociedad democr\u00e1tica.<\/span><\/p>\n<p><span style=\"font-size: 14pt;\">Por ir\u00f3nico que pueda sonar, una de las cr\u00edticas que trae la Resoluci\u00f3n de la OEA, aprobada sin el concurso de Colombia, es el rechazo al hostigamiento que padecen las voces cr\u00edticas del gobierno de Managua. Quiz\u00e1, si la delegaci\u00f3n diplom\u00e1tica de Colombia ante la OEA hubiera participado en esa sesi\u00f3n del Consejo Permanente entender\u00eda con claridad que en democracia no existe espacio para la tolerancia diplom\u00e1tica cero.<\/span><\/p>\n<p><span style=\"font-size: 14pt;\">En conclusi\u00f3n, el papel del periodismo en una democracia consiste en buscar de manera imparcial la verdad, especialmente cuando los poderosos la quieren ocultar. Y el papel de quienes ostentan poder p\u00fablico, como es el caso del canciller Leyva, es ser tolerantes ante los cuestionamientos de la prensa y entregar la informaci\u00f3n requerida por los periodistas, sin lugar a frases descalificadoras o amenazantes.<\/span><\/p>\n<p><span style=\"font-size: 14pt;\">Feliz d\u00eda&#8230;<\/span><\/p>\n<p><span style=\"font-size: 14pt;\"><a class=\"qi72231t nu7423ey n3hqoq4p r86q59rh b3qcqh3k fq87ekyn bdao358l fsf7x5fv rse6dlih s5oniofx m8h3af8h l7ghb35v kjdc1dyq kmwttqpk srn514ro oxkhqvkx rl78xhln nch0832m cr00lzj9 rn8ck1ys s3jn8y49 icdlwmnq _aa9_ _a6hd\" tabindex=\"0\" role=\"link\" href=\"https:\/\/www.instagram.com\/explore\/tags\/entrebastidores\/\">#EntreBastidores<\/a> con <strong>Jairo Libreros<\/strong><\/span><\/p>\n<p style=\"text-align: right;\"><span style=\"font-size: 14pt;\"><img fetchpriority=\"high\" decoding=\"async\" class=\"alignright size-medium wp-image-1049\" src=\"https:\/\/jairolibreros.com\/wp-content\/uploads\/2022\/09\/Jairo-Libreros-300x169.png\" alt=\"\" width=\"300\" height=\"169\" srcset=\"https:\/\/jairolibreros.com\/wp-content\/uploads\/2022\/09\/Jairo-Libreros-300x169.png 300w, https:\/\/jairolibreros.com\/wp-content\/uploads\/2022\/09\/Jairo-Libreros-1024x576.png 1024w, https:\/\/jairolibreros.com\/wp-content\/uploads\/2022\/09\/Jairo-Libreros-768x432.png 768w, https:\/\/jairolibreros.com\/wp-content\/uploads\/2022\/09\/Jairo-Libreros-1536x864.png 1536w, https:\/\/jairolibreros.com\/wp-content\/uploads\/2022\/09\/Jairo-Libreros.png 1920w\" sizes=\"(max-width: 300px) 100vw, 300px\" \/><\/span><\/p>\n<p style=\"text-align: right;\"><span style=\"font-size: 14pt;\"><strong>Jairo Libreros<\/strong>\u00a0es editor y analista pol\u00edtico de Noticias RCN y NTN24.\u00a0<strong>Entre Bastidores<\/strong>\u00a0es su espacio de an\u00e1lisis sobre pol\u00edtica internacional, seguridad y defensa nacional que se publica todos los martes y viernes.\u00a0Libreros es abogado, experto en pol\u00edticas p\u00fablicas y profesor titular de seguridad y defensa nacional de la Escuela de Gobierno y de la Escuela de Relaciones Internacionales de la Universidad Externado de Colombia.<\/span><\/p>\n<p><span style=\"font-size: 14pt;\"><strong>El link de Noticias RCN con mi an\u00e1lisis es el siguiente:<\/strong><\/span><\/p>\n<p><span style=\"text-decoration: underline; font-size: 14pt;\"><a href=\"https:\/\/www.noticiasrcn.com\/opinion\/canciller-leyva-le-molesta-el-papel-del-periodismo-428074?utm_medium=Social\">https:\/\/www.noticiasrcn.com\/opinion\/canciller-leyva-le-molesta-el-papel-del-periodismo-428074?utm_medium=Social<\/a><\/span><\/p>\n","protected":false},"excerpt":{"rendered":"<p>\u00bfTolerancia diplom\u00e1tica cero? \u00a0#EntreBastidores con Jairo Libreros, analista permanente de Noticias RCN Canciller Leyva, \u00bfa usted le molesta el papel del periodismo? @JairoLibreros <\/p>\n","protected":false},"author":1,"featured_media":1049,"comment_status":"open","ping_status":"open","sticky":false,"template":"","format":"standard","meta":{"om_disable_all_campaigns":false,"_monsterinsights_skip_tracking":false,"_monsterinsights_sitenote_active":false,"_monsterinsights_sitenote_note":"","_monsterinsights_sitenote_category":0,"footnotes":""},"categories":[1,96],"tags":[54,98,64,53],"aioseo_notices":[],"class_list":["post-1043","post","type-post","status-publish","format-standard","has-post-thumbnail","hentry","category-jairo-libreros","category-universidad-externado","tag-comunicacion-politica","tag-derechos-humanos","tag-politica-internacional","tag-politicas-publicas"],"_links":{"self":[{"href":"https:\/\/jairolibreros.com\/index.php?rest_route=\/wp\/v2\/posts\/1043"}],"collection":[{"href":"https:\/\/jairolibreros.com\/index.php?rest_route=\/wp\/v2\/posts"}],"about":[{"href":"https:\/\/jairolibreros.com\/index.php?rest_route=\/wp\/v2\/types\/post"}],"author":[{"embeddable":true,"href":"https:\/\/jairolibreros.com\/index.php?rest_route=\/wp\/v2\/users\/1"}],"replies":[{"embeddable":true,"href":"https:\/\/jairolibreros.com\/index.php?rest_route=%2Fwp%2Fv2%2Fcomments&post=1043"}],"version-history":[{"count":11,"href":"https:\/\/jairolibreros.com\/index.php?rest_route=\/wp\/v2\/posts\/1043\/revisions"}],"predecessor-version":[{"id":1992,"href":"https:\/\/jairolibreros.com\/index.php?rest_route=\/wp\/v2\/posts\/1043\/revisions\/1992"}],"wp:featuredmedia":[{"embeddable":true,"href":"https:\/\/jairolibreros.com\/index.php?rest_route=\/wp\/v2\/media\/1049"}],"wp:attachment":[{"href":"https:\/\/jairolibreros.com\/index.php?rest_route=%2Fwp%2Fv2%2Fmedia&parent=1043"}],"wp:term":[{"taxonomy":"category","embeddable":true,"href":"https:\/\/jairolibreros.com\/index.php?rest_route=%2Fwp%2Fv2%2Fcategories&post=1043"},{"taxonomy":"post_tag","embeddable":true,"href":"https:\/\/jairolibreros.com\/index.php?rest_route=%2Fwp%2Fv2%2Ftags&post=1043"}],"curies":[{"name":"wp","href":"https:\/\/api.w.org\/{rel}","templated":true}]}}