{"id":1073,"date":"2022-09-08T14:59:13","date_gmt":"2022-09-08T14:59:13","guid":{"rendered":"https:\/\/jairolibreros.com\/?p=1073"},"modified":"2025-10-22T13:57:48","modified_gmt":"2025-10-22T13:57:48","slug":"periodista-nicaraguense-asegura-que-colombia-busca-un-acuerdo-con-el-regimen-de-daniel-ortega","status":"publish","type":"post","link":"https:\/\/jairolibreros.com\/?p=1073","title":{"rendered":"Periodista nicarag\u00fcense asegura que Colombia busca un acuerdo con el r\u00e9gimen de Daniel Ortega"},"content":{"rendered":"<p class=\"p1\"><span style=\"font-size: 14pt;\"><strong>Periodista nicarag\u00fcense asegura que Colombia busca un acuerdo con el r\u00e9gimen de Daniel Ortega<\/strong><\/span><\/p>\n<p><span style=\"font-size: 14pt;\"><strong>Jairo Libreros<\/strong>, analista permanente de NTN24<\/span><\/p>\n<blockquote hcb-fetch-image-from=\"https:\/\/twitter.com\/JairoLibreros\/status\/1567728998095982594?s=20&amp;t=TIOAYEHGs1xub938HdZyhQ\" class=\"twitter-tweet\" data-width=\"550\" data-dnt=\"true\">\n<p lang=\"es\" dir=\"ltr\">\u00bfColombia est\u00e1 negociando con el r\u00e9gimen de Nicaragua? <a href=\"https:\/\/t.co\/BIEpCUueos\">https:\/\/t.co\/BIEpCUueos<\/a><\/p>\n<p>&mdash; Jairo Libreros (@JairoLibreros) <a href=\"https:\/\/twitter.com\/JairoLibreros\/status\/1567728998095982594?ref_src=twsrc%5Etfw\">September 8, 2022<\/a><\/p><\/blockquote>\n<p><script async src=\"https:\/\/platform.twitter.com\/widgets.js\" charset=\"utf-8\"><\/script><\/p>\n<p class=\"p1\"><span style=\"font-size: 14pt;\">El supuesto acuerdo buscar\u00eda que Colombia acate el fallo de la CIJ sobre su soberan\u00eda mar\u00edtima a cambio de que Nicaragua libere a 14 presos pol\u00edticos.<\/span><\/p>\n<p class=\"p1\"><span style=\"font-size: 14pt;\">Nuevo debate pol\u00edtico en Colombia:\u00a0rumores indican que la Canciller\u00eda de Colombia estar\u00eda negociando con el r\u00e9gimen de Daniel Ortega.<\/span><\/p>\n<p class=\"p1\"><span style=\"font-size: 14pt;\">El acuerdo que buscar\u00eda Colombia consistir\u00eda en\u00a0acatar el fallo de abril de la Corte Internacional de Justicia sobre la soberan\u00eda mar\u00edtima a cambio de que Nicaragua libere a 14 presos pol\u00edticos.<\/span><\/p>\n<p class=\"p1\"><span style=\"font-size: 14pt;\">Asimismo, se dice que el Gobierno de Colombia estar\u00eda pidiendo permiso para que los nativos del archipi\u00e9lago de San Andr\u00e9s y Providencia puedan seguir pescando en las aguas de las que habla la CIJ.<\/span><\/p>\n<p class=\"p1\"><span style=\"font-size: 14pt;\">Toda esta informaci\u00f3n surgi\u00f3 a ra\u00edz de unas declaraciones del periodista nicarag\u00fcense William Grigsby Vado, quien\u00a0asegur\u00f3 en su programa radial que Colombia habr\u00eda enviado una delegaci\u00f3n para adelantar la negociaci\u00f3n.<\/span><\/p>\n<p class=\"p1\"><span style=\"font-size: 14pt;\">Grigsby, cercano a Daniel Ortega, dijo que se trata de\u00a0\u201coportunismo pol\u00edtico\u201d y que Colombia busca \u201cmantener las rutas de la droga\u201d.<\/span><\/p>\n<p class=\"p1\"><span style=\"font-size: 14pt;\">Sin embargo, el periodista dijo que el fallo debe acatarse sin ninguna negociaci\u00f3n:<\/span><\/p>\n<p class=\"p1\"><span style=\"font-size: 14pt;\">\u201cNo, hermanito, as\u00ed me manden de mensajero a San Pedro (\u2026)\u00a0nosotros no estamos pidiendo nada diferente a que reconozcan el fallo del m\u00e1ximo tribunal de justicia del planeta\u201d, dijo.<\/span><\/p>\n<p class=\"p1\"><span style=\"font-size: 14pt;\">Cabe recordar que Colombia se ausent\u00f3 en la \u00faltima\u00a0sesi\u00f3n extraordinaria de la Organizaci\u00f3n de los Estados Americanos (OEA),\u00a0en la que se condenaron las violaciones a los derechos humanos en Nicaragua por parte del r\u00e9gimen de Daniel Ortega.<\/span><\/p>\n<p class=\"p1\"><span style=\"font-size: 14pt;\">El canciller \u00c1lvaro Leyva asegur\u00f3 d\u00edas despu\u00e9s que el no presentarse a la reuni\u00f3n\u00a0se debi\u00f3 a &#8220;razones estrat\u00e9gicas y humanitarias&#8221;.<\/span><\/p>\n<p class=\"p1\"><span style=\"font-size: 14pt;\"><strong>Jairo Libreros, experto en seguridad, habl\u00f3 en La Tarde de NTN24 para analizar el rumor que ha causado controversia.<\/strong><\/span><\/p>\n<p><span style=\"font-size: 14pt;\">En una columna en Infobae se\u00f1al\u00e9 que el candidato Gustavo Petro: &#8220;&#8230;<em>Y con Managua la diplomacia se concentrar\u00e1 en crear consensos para cumplir el fallo de la Corte de la Haya sobre los nuevos l\u00edmites mar\u00edtimos en el Caribe<\/em>&#8230;&#8221;.<\/span><\/p>\n<p><span style=\"font-size: 14pt;\">El link de mi columna:<\/span><\/p>\n<blockquote hcb-fetch-image-from=\"https:\/\/jairolibreros.com\/?p=895\" class=\"wp-embedded-content\" data-secret=\"vHug3vSzHd\"><p><a href=\"https:\/\/jairolibreros.com\/?p=895\">La nueva agenda internacional<\/a><\/p><\/blockquote>\n<p><iframe class=\"wp-embedded-content\" sandbox=\"allow-scripts\" security=\"restricted\" style=\"position: absolute; clip: rect(1px, 1px, 1px, 1px);\" title=\"\u00abLa nueva agenda internacional\u00bb \u2014 Jairo Libreros\" src=\"https:\/\/jairolibreros.com\/?p=895&#038;embed=true#?secret=NOMpoXvh5A#?secret=vHug3vSzHd\" data-secret=\"vHug3vSzHd\" width=\"600\" height=\"338\" frameborder=\"0\" marginwidth=\"0\" marginheight=\"0\" scrolling=\"no\"><\/iframe><\/p>\n<blockquote hcb-fetch-image-from=\"https:\/\/twitter.com\/JairoLibreros\/status\/1538704960019472385?ref_src=twsrc%5Etfw%7Ctwcamp%5Etweetembed%7Ctwterm%5E1538704960019472385%7Ctwgr%5E0467f6dbf823d3c46fa3ceacc76ecbfb6c029b76%7Ctwcon%5Es1_c10&amp;ref_url=https%3A%2F%2Fjairolibreros.com%2F%3Fp%3D895\" class=\"twitter-tweet\" data-width=\"550\" data-dnt=\"true\">\n<p lang=\"es\" dir=\"ltr\">&quot;El presidente electo Gustavo Petro manejar\u00e1 dos agendas internacionales en Am\u00e9rica Latina, una pol\u00edtica bilateral y disruptiva y otra pol\u00edtica regional e integradora&quot;, <a href=\"https:\/\/twitter.com\/JairoLibreros?ref_src=twsrc%5Etfw\">@JairoLibreros<\/a> <a href=\"https:\/\/twitter.com\/infobaeamerica?ref_src=twsrc%5Etfw\">@infobaeamerica<\/a><a href=\"https:\/\/t.co\/h8VfyIy5dA\">https:\/\/t.co\/h8VfyIy5dA<\/a><\/p>\n<p>&mdash; Jairo Libreros (@JairoLibreros) <a href=\"https:\/\/twitter.com\/JairoLibreros\/status\/1538704960019472385?ref_src=twsrc%5Etfw\">June 20, 2022<\/a><\/p><\/blockquote>\n<p><script async src=\"https:\/\/platform.twitter.com\/widgets.js\" charset=\"utf-8\"><\/script><\/p>\n<p><span style=\"font-size: 14pt;\">El link de Ntn24 con mi an\u00e1lisis es el siguiente:<\/span><\/p>\n<p><span style=\"text-decoration: underline; font-size: 14pt;\"><a href=\"https:\/\/www.ntn24.com\/america-latina\/colombia\/colombia-esta-negociando-con-el-regimen-de-nicaragua-400175\">https:\/\/www.ntn24.com\/america-latina\/colombia\/colombia-esta-negociando-con-el-regimen-de-nicaragua-400175\u00a0<\/a><\/span><\/p>\n<p><span style=\"font-size: 14pt;\">El link (Blu Radio) con la declaraci\u00f3n del periodista William Grigsby Vado<b> <\/b>es el siguiente:<\/span><\/p>\n<p><span style=\"text-decoration: underline; font-size: 14pt;\"><a href=\"https:\/\/youtu.be\/gm8hRjP16sA\">https:\/\/youtu.be\/gm8hRjP16sA\u00a0<\/a><\/span><\/p>\n","protected":false},"excerpt":{"rendered":"<p>Periodista nicarag\u00fcense asegura que Colombia busca un acuerdo con el r\u00e9gimen de Daniel Ortega Jairo Libreros, analista permanente de NTN24 \u00bfColombia est\u00e1 negociando <\/p>\n","protected":false},"author":1,"featured_media":285,"comment_status":"open","ping_status":"open","sticky":false,"template":"","format":"standard","meta":{"om_disable_all_campaigns":false,"_monsterinsights_skip_tracking":false,"_monsterinsights_sitenote_active":false,"_monsterinsights_sitenote_note":"","_monsterinsights_sitenote_category":0,"footnotes":""},"categories":[1,96],"tags":[90,98,64],"aioseo_notices":[],"class_list":["post-1073","post","type-post","status-publish","format-standard","has-post-thumbnail","hentry","category-jairo-libreros","category-universidad-externado","tag-seguridad-y-defensa-nacional","tag-derechos-humanos","tag-politica-internacional"],"_links":{"self":[{"href":"https:\/\/jairolibreros.com\/index.php?rest_route=\/wp\/v2\/posts\/1073"}],"collection":[{"href":"https:\/\/jairolibreros.com\/index.php?rest_route=\/wp\/v2\/posts"}],"about":[{"href":"https:\/\/jairolibreros.com\/index.php?rest_route=\/wp\/v2\/types\/post"}],"author":[{"embeddable":true,"href":"https:\/\/jairolibreros.com\/index.php?rest_route=\/wp\/v2\/users\/1"}],"replies":[{"embeddable":true,"href":"https:\/\/jairolibreros.com\/index.php?rest_route=%2Fwp%2Fv2%2Fcomments&post=1073"}],"version-history":[{"count":6,"href":"https:\/\/jairolibreros.com\/index.php?rest_route=\/wp\/v2\/posts\/1073\/revisions"}],"predecessor-version":[{"id":1994,"href":"https:\/\/jairolibreros.com\/index.php?rest_route=\/wp\/v2\/posts\/1073\/revisions\/1994"}],"wp:featuredmedia":[{"embeddable":true,"href":"https:\/\/jairolibreros.com\/index.php?rest_route=\/wp\/v2\/media\/285"}],"wp:attachment":[{"href":"https:\/\/jairolibreros.com\/index.php?rest_route=%2Fwp%2Fv2%2Fmedia&parent=1073"}],"wp:term":[{"taxonomy":"category","embeddable":true,"href":"https:\/\/jairolibreros.com\/index.php?rest_route=%2Fwp%2Fv2%2Fcategories&post=1073"},{"taxonomy":"post_tag","embeddable":true,"href":"https:\/\/jairolibreros.com\/index.php?rest_route=%2Fwp%2Fv2%2Ftags&post=1073"}],"curies":[{"name":"wp","href":"https:\/\/api.w.org\/{rel}","templated":true}]}}