{"id":1082,"date":"2022-09-08T22:01:32","date_gmt":"2022-09-08T22:01:32","guid":{"rendered":"https:\/\/jairolibreros.com\/?p=1082"},"modified":"2023-06-14T23:47:12","modified_gmt":"2023-06-14T23:47:12","slug":"petro-cumple-un-mes-en-el-gobierno-enfocado-en-la-paz-y-en-las-reformas","status":"publish","type":"post","link":"https:\/\/jairolibreros.com\/?p=1082","title":{"rendered":"Petro cumple un mes en el Gobierno enfocado en la paz y en las reformas"},"content":{"rendered":"<p class=\"p1\"><span style=\"font-size: 14pt;\"><strong>Petro cumple un mes en el Gobierno enfocado en la paz y en las reformas<\/strong><\/span><\/p>\n<p class=\"p1\"><span style=\"font-size: 14pt;\"><strong>Jairo Libreros<\/strong>, profesor titular de la Universidad Externado de Colombia<\/span><\/p>\n<p class=\"p1\"><span style=\"font-size: 14pt;\">Jaime Ortega Carrascal. Bogot\u00e1, 7 septiembre de 2022 (<strong>EFE<\/strong>).<\/span><\/p>\n<blockquote hcb-fetch-image-from=\"https:\/\/twitter.com\/JairoLibreros\/status\/1567992528233963520?s=20&amp;t=ouGh8TFMjzYr9Xku1eAexg\" class=\"twitter-tweet\" data-width=\"550\" data-dnt=\"true\">\n<p lang=\"es\" dir=\"ltr\">&quot;&#8230;los activistas son buenos para los diagn\u00f3sticos, para conducir los descontentos populares, pero no necesariamente para gestionar pol\u00edticas p\u00fablicas de cambio&#8230;&quot;, <a href=\"https:\/\/twitter.com\/JairoLibreros?ref_src=twsrc%5Etfw\">@JairoLibreros<\/a>  <a href=\"https:\/\/t.co\/DWfOI3FC6P\">https:\/\/t.co\/DWfOI3FC6P<\/a><\/p>\n<p>&mdash; Jairo Libreros (@JairoLibreros) <a href=\"https:\/\/twitter.com\/JairoLibreros\/status\/1567992528233963520?ref_src=twsrc%5Etfw\">September 8, 2022<\/a><\/p><\/blockquote>\n<p><script async src=\"https:\/\/platform.twitter.com\/widgets.js\" charset=\"utf-8\"><\/script><\/p>\n<p class=\"p1\"><span style=\"font-size: 14pt;\">El presidente de Colombia, Gustavo Petro, cumple un mes en el cargo con una popularidad del 56 % y enfocado en la b\u00fasqueda de la &#8220;paz total&#8221;, prioridad de un Gobierno al que le empiezan a aparecer cr\u00edticas por la inexperiencia de algunos de sus ministros.<\/span><\/p>\n<p class=\"p1\"><span style=\"font-size: 14pt;\">El Gobierno del cambio que propuso Petro, principalmente para atender los problemas sociales, ha puesto m\u00e1s \u00e9nfasis en la paz con la idea de que ese es un valor fundamental para resolver las demandas sociales.<\/span><\/p>\n<p class=\"p1\"><span style=\"font-size: 14pt;\">Por eso encarg\u00f3 a su canciller, \u00c1lvaro Leyva, que la paz sea el norte de las relaciones exteriores y el ministro se ha implicado directamente en los acercamientos con la guerrilla del Ej\u00e9rcito de Liberaci\u00f3n Nacional (ELN) para retomar los di\u00e1logos interrumpidos desde 2018.<\/span><\/p>\n<p class=\"p1\"><span style=\"font-size: 14pt;\">En su primer mes de Gobierno, Petro extendi\u00f3 su propuesta de paz a otros grupos armados ilegales, como las disidencias de las FARC y bandas criminales, algunas de las cuales se han mostrado dispuestas a una negociaci\u00f3n o a un sometimiento a la justicia bajo ciertas condiciones, entre ellas la no extradici\u00f3n a EE.UU. por narcotr\u00e1fico.<\/span><\/p>\n<p class=\"p1\"><span style=\"font-size: 14pt;\">Pero pese al ambiente propicio creado por el Gobierno para otro proceso de paz, Petro tuvo que hacer frente el pasado viernes a la primera prueba en ese sentido cuando desconocidos, al parecer disidentes de las FARC, asesinaron a siete polic\u00edas en una emboscada en el departamento del Huila.<\/span><\/p>\n<p class=\"p1\"><span style=\"font-size: 14pt;\">Tras ese ataque, Petro pidi\u00f3 a la c\u00fapula militar y policial &#8220;que cuanto m\u00e1s se hable de paz, m\u00e1s hay que elevar la guardia, m\u00e1s cuidado hay que tener desde el punto de vista del accionar militar&#8221; para evitar atentados como ese, que consider\u00f3 un sabotaje a la &#8220;paz total&#8221;.<\/span><\/p>\n<p class=\"p1\"><span style=\"font-size: 14pt;\">PROMESAS DE CAMBIO<\/span><\/p>\n<p class=\"p1\"><span style=\"font-size: 14pt;\"><b>&#8220;Lo bueno de este Gobierno es que mantiene la promesa de cambio y mientras siga as\u00ed durante los primeros cien d\u00edas va a ganar mayores espacios de gobernabilidad&#8221;, dijo a Efe el analista Jairo Libreros, profesor de la Universidad Externado de Colombia.<\/b><\/span><\/p>\n<p class=\"p1\"><span style=\"font-size: 14pt;\">La gobernabilidad es fundamental para sacar adelante en el Congreso las reformas de Petro y para eso logr\u00f3 atraer a la coalici\u00f3n de Gobierno a la mayor\u00eda de partidos y movimientos pol\u00edticos, pero en esa alianza comienzan a aparecer fisuras por la disconformidad con algunas de las pol\u00edticas del mandatario.<\/span><\/p>\n<p class=\"p1\"><span style=\"font-size: 14pt;\">&#8220;El presidente Petro no ha dejado de ser el candidato Petro, por todas partes va haciendo promesas imposibles, sin rigor, que despu\u00e9s se convierten en expectativas fallidas que se traducen, si no se act\u00faa a tiempo, en malestar, y ese malestar tantas veces pasa a ser explosi\u00f3n social&#8221;, manifest\u00f3 en sus redes sociales el excandidato presidencial Sergio Fajardo.<\/span><\/p>\n<p class=\"p1\"><span style=\"font-size: 14pt;\">Entre las propuestas pol\u00e9micas del Gobierno est\u00e1 la ambiciosa reforma tributaria para recaudar m\u00e1s impuestos que abarca pr\u00e1cticamente a todos los sectores de la econom\u00eda; la reforma de la Polic\u00eda; cambios en la doctrina militar, y modificaciones en el modelo energ\u00e9tico del pa\u00eds para reducir la dependencia del petr\u00f3leo y combatir la crisis clim\u00e1tica mundial.<\/span><\/p>\n<p class=\"p1\"><span style=\"font-size: 14pt;\"><b>&#8220;Lo malo es que (Petro) quiere hacer cambios extremos y muy r\u00e1pidos y no s\u00e9 si existe el consenso suficiente en la sociedad para hacerlos&#8221;, explica Libreros.<\/b><\/span><\/p>\n<p class=\"p1\"><span style=\"font-size: 14pt;\">Un tema en el que s\u00ed encontr\u00f3 consenso es en el restablecimiento de relaciones diplom\u00e1ticas con Venezuela, rotas en febrero de 2019, un cap\u00edtulo del que ya se empez\u00f3 a pasar la p\u00e1gina con el nombramiento de embajadores en Caracas y Bogot\u00e1 como punto de partida para la normalizaci\u00f3n y para la reapertura total de la frontera com\u00fan, cerrada hace siete a\u00f1os al paso de veh\u00edculos.<\/span><\/p>\n<p class=\"p1\"><span style=\"font-size: 14pt;\">EL LUNAR DE LA INEXPERIENCIA<\/span><\/p>\n<p class=\"p1\"><span style=\"font-size: 14pt;\">A pesar de la &#8220;luna de miel&#8221; de Petro con el poder, el primer mes de Gobierno puso en evidencia la inexperiencia de algunos de sus ministros.<\/span><\/p>\n<p class=\"p1\"><span style=\"font-size: 14pt;\">El caso m\u00e1s notorio es el de la ministra de Minas y Energ\u00eda, Irene V\u00e9lez, fil\u00f3sofa y activista contra el cambio clim\u00e1tico, que propuso importar gas natural de Venezuela pese a que Colombia tiene reservas para al menos siete a\u00f1os m\u00e1s, y luego sorprendi\u00f3 al auditorio del Congreso Nacional de Miner\u00eda con la teor\u00eda del decrecimiento.<\/span><\/p>\n<p class=\"p1\"><span style=\"font-size: 14pt;\">&#8220;Nosotros necesitamos exigirle tambi\u00e9n, en el marco de esta geopol\u00edtica global, a los otros pa\u00edses que comiencen a decrecer en sus modelos econ\u00f3micos porque de ese decrecimiento depende que nosotros logremos un equilibrio mayor y que los impactos del cambio clim\u00e1tico nos afecten menos&#8221;, dijo la ministra, lo que desat\u00f3 una avalancha de cr\u00edticas.<\/span><\/p>\n<p class=\"p1\"><span style=\"font-size: 14pt;\"><b>Al respecto, Libreros opina que &#8220;los activistas son buenos para los diagn\u00f3sticos, para conducir los descontentos populares, pero no necesariamente para gestionar pol\u00edticas p\u00fablicas de cambio&#8221;.<\/b><\/span><\/p>\n<p class=\"p1\"><span style=\"font-size: 14pt;\">Tambi\u00e9n el canciller Leyva dio de que hablar al intentar justificar la ausencia de Colombia en una votaci\u00f3n de la Organizaci\u00f3n de Estados Americanos (OEA) en la que se conden\u00f3 a Nicaragua por limitar de manera &#8220;arbitraria&#8221; a organizaciones religiosas y ordenar el cierre de ONG.<\/span><\/p>\n<blockquote hcb-fetch-image-from=\"https:\/\/twitter.com\/JairoLibreros\/status\/1567993280356577280?s=20&amp;t=ouGh8TFMjzYr9Xku1eAexg\" class=\"twitter-tweet\" data-width=\"550\" data-dnt=\"true\">\n<p lang=\"es\" dir=\"ltr\">&quot;Lo malo es que (Petro) quiere hacer cambios extremos y muy r\u00e1pidos y no s\u00e9 si existe el consenso suficiente en la sociedad para hacerlos&#8230;&quot;, <a href=\"https:\/\/twitter.com\/JairoLibreros?ref_src=twsrc%5Etfw\">@JairoLibreros<\/a>  <a href=\"https:\/\/t.co\/bVAlqp8tCs\">https:\/\/t.co\/bVAlqp8tCs<\/a><\/p>\n<p>&mdash; Jairo Libreros (@JairoLibreros) <a href=\"https:\/\/twitter.com\/JairoLibreros\/status\/1567993280356577280?ref_src=twsrc%5Etfw\">September 8, 2022<\/a><\/p><\/blockquote>\n<p><script async src=\"https:\/\/platform.twitter.com\/widgets.js\" charset=\"utf-8\"><\/script><\/p>\n<p class=\"p1\"><span style=\"font-size: 14pt;\">La Canciller\u00eda rest\u00f3 importancia a esa situaci\u00f3n pero ante la insistencia de la prensa Leyva dijo en un comunicado: &#8220;La ausencia de Colombia en la citada sesi\u00f3n se debi\u00f3 tanto a razones estrat\u00e9gicas como humanitarias y no ideol\u00f3gicas&#8221;, una respuesta que arroj\u00f3 m\u00e1s sombras que luces sobre la diplomacia del pa\u00eds ante Nicaragua.<\/span><\/p>\n<p><span style=\"font-size: 14pt;\">El link de la nota de EFE es el siguiente:<\/span><\/p>\n<p><span style=\"text-decoration: underline; font-size: 14pt;\"><a href=\"https:\/\/www.swissinfo.ch\/spa\/colombia-gobierno_petro-cumple-un-mes-en-el-gobierno-enfocado-en-la-paz-y-en-las-reformas\/47883318\">https:\/\/www.swissinfo.ch\/spa\/colombia-gobierno_petro-cumple-un-mes-en-el-gobierno-enfocado-en-la-paz-y-en-las-reformas\/47883318<\/a><\/span><\/p>\n<p><span style=\"text-decoration: underline; font-size: 14pt;\"><a href=\"https:\/\/www.publico.es\/internacional\/petro-cumple-mes-gobierno-enfocado-paz-reformas.html\">https:\/\/www.publico.es\/internacional\/petro-cumple-mes-gobierno-enfocado-paz-reformas.html<\/a><\/span><\/p>\n","protected":false},"excerpt":{"rendered":"<p>Petro cumple un mes en el Gobierno enfocado en la paz y en las reformas Jairo Libreros, profesor titular de la Universidad Externado <\/p>\n","protected":false},"author":1,"featured_media":425,"comment_status":"open","ping_status":"open","sticky":false,"template":"","format":"standard","meta":{"om_disable_all_campaigns":false,"_monsterinsights_skip_tracking":false,"_monsterinsights_sitenote_active":false,"_monsterinsights_sitenote_note":"","_monsterinsights_sitenote_category":0,"footnotes":""},"categories":[1],"tags":[54,90,53,39],"aioseo_notices":[],"class_list":["post-1082","post","type-post","status-publish","format-standard","has-post-thumbnail","hentry","category-jairo-libreros","tag-comunicacion-politica","tag-seguridad-y-defensa-nacional","tag-politicas-publicas","tag-seguridad-ciudadana"],"_links":{"self":[{"href":"https:\/\/jairolibreros.com\/index.php?rest_route=\/wp\/v2\/posts\/1082"}],"collection":[{"href":"https:\/\/jairolibreros.com\/index.php?rest_route=\/wp\/v2\/posts"}],"about":[{"href":"https:\/\/jairolibreros.com\/index.php?rest_route=\/wp\/v2\/types\/post"}],"author":[{"embeddable":true,"href":"https:\/\/jairolibreros.com\/index.php?rest_route=\/wp\/v2\/users\/1"}],"replies":[{"embeddable":true,"href":"https:\/\/jairolibreros.com\/index.php?rest_route=%2Fwp%2Fv2%2Fcomments&post=1082"}],"version-history":[{"count":4,"href":"https:\/\/jairolibreros.com\/index.php?rest_route=\/wp\/v2\/posts\/1082\/revisions"}],"predecessor-version":[{"id":2106,"href":"https:\/\/jairolibreros.com\/index.php?rest_route=\/wp\/v2\/posts\/1082\/revisions\/2106"}],"wp:featuredmedia":[{"embeddable":true,"href":"https:\/\/jairolibreros.com\/index.php?rest_route=\/wp\/v2\/media\/425"}],"wp:attachment":[{"href":"https:\/\/jairolibreros.com\/index.php?rest_route=%2Fwp%2Fv2%2Fmedia&parent=1082"}],"wp:term":[{"taxonomy":"category","embeddable":true,"href":"https:\/\/jairolibreros.com\/index.php?rest_route=%2Fwp%2Fv2%2Fcategories&post=1082"},{"taxonomy":"post_tag","embeddable":true,"href":"https:\/\/jairolibreros.com\/index.php?rest_route=%2Fwp%2Fv2%2Ftags&post=1082"}],"curies":[{"name":"wp","href":"https:\/\/api.w.org\/{rel}","templated":true}]}}