{"id":1129,"date":"2022-09-15T03:54:55","date_gmt":"2022-09-15T03:54:55","guid":{"rendered":"https:\/\/jairolibreros.com\/?p=1129"},"modified":"2023-06-14T23:10:52","modified_gmt":"2023-06-14T23:10:52","slug":"alocucion-presidencial-dialogos-regionales-vinculantes","status":"publish","type":"post","link":"https:\/\/jairolibreros.com\/?p=1129","title":{"rendered":"Alocuci\u00f3n Presidencial: Di\u00e1logos Regionales Vinculantes"},"content":{"rendered":"<p><span style=\"font-size: 14pt;\"><strong>Alocuci\u00f3n Presidencial: Di\u00e1logos Regionales Vinculantes<\/strong><\/span><\/p>\n<p><span style=\"font-size: 14pt;\"><strong>Jairo Libreros<\/strong>, profesor titular de seguridad y defensa nacional de la Universidad Externado de Colombia<\/span><\/p>\n<blockquote hcb-fetch-image-from=\"https:\/\/twitter.com\/jairolibreros\/status\/1570254088436350976?s=21&amp;t=MEUvghgUsH2W9nPJveSCiA\" class=\"twitter-tweet\" data-width=\"550\" data-dnt=\"true\">\n<p lang=\"es\" dir=\"ltr\">1er Di\u00e1logo Regional Vinculante para el Plan Nacional de Desarrollo: Turbaco 16.09.2022 <a href=\"https:\/\/t.co\/lmILEvpyAy\">pic.twitter.com\/lmILEvpyAy<\/a><\/p>\n<p>&mdash; Jairo Libreros (@JairoLibreros) <a href=\"https:\/\/twitter.com\/JairoLibreros\/status\/1570254088436350976?ref_src=twsrc%5Etfw\">September 15, 2022<\/a><\/p><\/blockquote>\n<p><script async src=\"https:\/\/platform.twitter.com\/widgets.js\" charset=\"utf-8\"><\/script><\/p>\n<p style=\"text-align: center;\"><strong>&#8220;INVITACI\u00d3N<\/strong><em><strong> A LA POBLACI\u00d3N NACIONAL A LOS DI\u00c1LOGOS REGIONALES VINCULANTES<\/strong><\/em><br \/>\n<em><strong>ALOCUCI\u00d3N PRESIDENTE GUSTAVO PETRO URREGO #ColombiaTienesLaPalabra<\/strong><\/em><\/p>\n<p><em><img fetchpriority=\"high\" decoding=\"async\" class=\"size-medium wp-image-1130 alignleft\" src=\"https:\/\/jairolibreros.com\/wp-content\/uploads\/2022\/09\/C8C9D556-6098-41C6-ABB4-EEA37CD9CEBD-234x300.jpeg\" alt=\"\" width=\"234\" height=\"300\" srcset=\"https:\/\/jairolibreros.com\/wp-content\/uploads\/2022\/09\/C8C9D556-6098-41C6-ABB4-EEA37CD9CEBD-234x300.jpeg 234w, https:\/\/jairolibreros.com\/wp-content\/uploads\/2022\/09\/C8C9D556-6098-41C6-ABB4-EEA37CD9CEBD-798x1024.jpeg 798w, https:\/\/jairolibreros.com\/wp-content\/uploads\/2022\/09\/C8C9D556-6098-41C6-ABB4-EEA37CD9CEBD-768x985.jpeg 768w, https:\/\/jairolibreros.com\/wp-content\/uploads\/2022\/09\/C8C9D556-6098-41C6-ABB4-EEA37CD9CEBD.jpeg 828w\" sizes=\"(max-width: 234px) 100vw, 234px\" \/><\/em><\/p>\n<p class=\"p1\"><em><strong><span class=\"s1\">14 de septiembre de 2022.<\/span><\/strong><\/em><\/p>\n<p class=\"p1\"><em><span class=\"s1\">Queridos colombianos y colombianas:<\/span><\/em><\/p>\n<p class=\"p1\"><em><span class=\"s1\">Ha pasado poco m\u00e1s de un mes desde que se inici\u00f3 este Gobierno del Cambio, elegido por el pueblo. Treinta d\u00edas en los que hemos empezado a construir las bases para transformar Colombia en un pa\u00eds de paz total.<\/span><\/em><\/p>\n<p class=\"p1\"><em><span class=\"s1\">Conformamos un gabinete paritario, con quienes empezamos a trabajar en las primeras reformas que har\u00e1n de Colombia un pa\u00eds para todos y todas. Empezamos a recorrer el pa\u00eds, a ir a donde los gobiernos nunca hab\u00edan llegado. Nos abrimos a escuchar a todos los sectores: desde los ciudadanos m\u00e1s pobres y las autoridades regionales hasta a los empresarios.<\/span><\/em><\/p>\n<p class=\"p1\"><em><span class=\"s1\">Las puertas del Gobierno est\u00e1n abiertas de par en par y pueden contar con que as\u00ed se mantendr\u00e1n. Porque este es un Gobierno para la gente, de todos y todas, sin importar en qu\u00e9 rinc\u00f3n de Colombia hayan nacido, c\u00f3mo se apelliden o a qui\u00e9n hayan votado. Esta Presidencia naci\u00f3 de la Voluntad Popular y de esa Voluntad Popular nacer\u00e1 tambi\u00e9n el documento m\u00e1s importante de nuestra gesti\u00f3n: el Plan Nacional de Desarrollo, la hoja de ruta que guiar\u00e1 la acci\u00f3n del Estado, nuestros compromisos para Colombia en los pr\u00f3ximos cuatro a\u00f1os.<\/span><\/em><\/p>\n<p class=\"p1\"><em><span class=\"s1\">Hoy me dirijo al pa\u00eds entero, a los j\u00f3venes, a las viejas y viejos sabios, a los trabajadores, a los empresarios, a las mujeres, a los negros, a las ind\u00edgenas, porque ha llegado el momento de que escuchemos su voz.<\/span><\/em><\/p>\n<p class=\"p1\"><em><span class=\"s1\"> Quiero invitarlos a participar de los Di\u00e1logos Regionales Vinculantes. Un recorrido por 50 territorios en el que participar\u00e1n funcionarios de distintos ministerios y otras entidades del Estado para conocer sus necesidades. Queremos acercarnos a ustedes, queremos o\u00edrlos. Desde hoy ustedes tienen la palabra.<\/span><\/em><\/p>\n<p><em><img decoding=\"async\" class=\"size-medium wp-image-1131 alignleft\" src=\"https:\/\/jairolibreros.com\/wp-content\/uploads\/2022\/09\/8A764EB5-B039-45BA-B1BF-E51E570245A7-233x300.jpeg\" alt=\"\" width=\"233\" height=\"300\" srcset=\"https:\/\/jairolibreros.com\/wp-content\/uploads\/2022\/09\/8A764EB5-B039-45BA-B1BF-E51E570245A7-233x300.jpeg 233w, https:\/\/jairolibreros.com\/wp-content\/uploads\/2022\/09\/8A764EB5-B039-45BA-B1BF-E51E570245A7-795x1024.jpeg 795w, https:\/\/jairolibreros.com\/wp-content\/uploads\/2022\/09\/8A764EB5-B039-45BA-B1BF-E51E570245A7-768x989.jpeg 768w, https:\/\/jairolibreros.com\/wp-content\/uploads\/2022\/09\/8A764EB5-B039-45BA-B1BF-E51E570245A7.jpeg 827w\" sizes=\"(max-width: 233px) 100vw, 233px\" \/><\/em><\/p>\n<p><em>50 territorios en todo el pa\u00eds. All\u00ed en el territorio se convoca a la ciudadan\u00eda a dialogar. Desde hoy, ustedes tienen la palabra en el dialogo social.<\/em><br \/>\n<em>El primero de estos di\u00e1logos ser\u00e1 este viernes 16 de septiembre en Turbaco, Bol\u00edvar. Ser\u00e1 un espacio exploratorio, con una metodolog\u00eda definida por el Departamento Nacional de Planeaci\u00f3n y dise\u00f1ada para que los funcionarios del Gobierno Nacional escuchen a la ciudadan\u00eda y tomen nota de sus propuestas.<\/em><br \/>\n<em>Estas ser\u00e1n analizadas por el Gabinete en su conjunto y, finalmente, ser\u00e1n incluidas como un Mandato Soberano en el Plan Nacional de Desarrollo. Este ser\u00e1 un plan con car\u00e1cter regional y territorial, donde las prioridades de la gente ser\u00e1n tambi\u00e9n las prioridades del Gobierno Nacional. Su norte y objetivo final ser\u00e1 la construcci\u00f3n de un entorno de paz total, donde todas y todos podamos vivir en igualdad de condiciones. Una paz total construida sobre fuertes bases de Justicia Social, Justicia Econ\u00f3mica y Justicia Ambiental. Sobre estos ejes construiremos un nuevo pa\u00eds para todos.<\/em><br \/>\n<em>Queremos escucharlos hablar de lo que a ustedes les interesa. El acceso al agua potable, las tarifas de la energ\u00eda y el cambio clim\u00e1tico y c\u00f3mo prevenimos sus efectos en nuestras ciudades de la seguridad humana, el ordenamiento territorial hacia la paz total, nuestra lucha contra el hambre, el acceso a la salud, la transici\u00f3n energ\u00e9tica, y otros muchos temas estar\u00e1n en el centro de este di\u00e1logo conjunto.<\/em><br \/>\n<em>Transformar Colombia en un pa\u00eds de Paz Total no es una tarea exclusiva del Gobierno ni de unos pocos. La Paz Total es una tarea de todos y todas. Colombia no ser\u00e1 una sociedad pasiva frente a la injusticia hist\u00f3rica, la ciudadan\u00eda entera debe ser parte activa de la construcci\u00f3n de un pa\u00eds diferente. Aqu\u00ed tienen la oportunidad para ser parte del Cambio.<\/em><br \/>\n<em>Colombia tiene la palabra. La invitaci\u00f3n est\u00e1 hecha y las puertas est\u00e1n abiertas para todos los colombianos y colombianas, a quienes esperamos verlos masivamente, con esperanza y con entusiasmo. Queremos conocerlos, escucharlos durante estas<\/em><br \/>\n<em>sesiones y, juntos, transformar este pa\u00eds en la Colombia potencia de la vida.<\/em><br \/>\n<em>Que millones se apropien de su territorio, que millones hablen en la democracia multicolor. Que millones hagan la ley del Plan Nacional de Desarrollo. Que millones sean los arquitectos y las arquitectas de la paz.<\/em><br \/>\n<em>Muchas gracias.<\/em>&#8221;<\/p>\n<p><span style=\"font-size: 14pt;\">Fuente: Presidencia de la Rep\u00fablica<\/span><\/p>\n","protected":false},"excerpt":{"rendered":"<p>Alocuci\u00f3n Presidencial: Di\u00e1logos Regionales Vinculantes Jairo Libreros, profesor titular de seguridad y defensa nacional de la Universidad Externado de Colombia 1er Di\u00e1logo Regional <\/p>\n","protected":false},"author":1,"featured_media":425,"comment_status":"open","ping_status":"open","sticky":false,"template":"","format":"standard","meta":{"om_disable_all_campaigns":false,"_monsterinsights_skip_tracking":false,"_monsterinsights_sitenote_active":false,"_monsterinsights_sitenote_note":"","_monsterinsights_sitenote_category":0,"footnotes":""},"categories":[1],"tags":[44,54,90,53,39],"aioseo_notices":[],"class_list":["post-1129","post","type-post","status-publish","format-standard","has-post-thumbnail","hentry","category-jairo-libreros","tag-elecciones","tag-comunicacion-politica","tag-seguridad-y-defensa-nacional","tag-politicas-publicas","tag-seguridad-ciudadana"],"_links":{"self":[{"href":"https:\/\/jairolibreros.com\/index.php?rest_route=\/wp\/v2\/posts\/1129"}],"collection":[{"href":"https:\/\/jairolibreros.com\/index.php?rest_route=\/wp\/v2\/posts"}],"about":[{"href":"https:\/\/jairolibreros.com\/index.php?rest_route=\/wp\/v2\/types\/post"}],"author":[{"embeddable":true,"href":"https:\/\/jairolibreros.com\/index.php?rest_route=\/wp\/v2\/users\/1"}],"replies":[{"embeddable":true,"href":"https:\/\/jairolibreros.com\/index.php?rest_route=%2Fwp%2Fv2%2Fcomments&post=1129"}],"version-history":[{"count":4,"href":"https:\/\/jairolibreros.com\/index.php?rest_route=\/wp\/v2\/posts\/1129\/revisions"}],"predecessor-version":[{"id":2097,"href":"https:\/\/jairolibreros.com\/index.php?rest_route=\/wp\/v2\/posts\/1129\/revisions\/2097"}],"wp:featuredmedia":[{"embeddable":true,"href":"https:\/\/jairolibreros.com\/index.php?rest_route=\/wp\/v2\/media\/425"}],"wp:attachment":[{"href":"https:\/\/jairolibreros.com\/index.php?rest_route=%2Fwp%2Fv2%2Fmedia&parent=1129"}],"wp:term":[{"taxonomy":"category","embeddable":true,"href":"https:\/\/jairolibreros.com\/index.php?rest_route=%2Fwp%2Fv2%2Fcategories&post=1129"},{"taxonomy":"post_tag","embeddable":true,"href":"https:\/\/jairolibreros.com\/index.php?rest_route=%2Fwp%2Fv2%2Ftags&post=1129"}],"curies":[{"name":"wp","href":"https:\/\/api.w.org\/{rel}","templated":true}]}}