{"id":1136,"date":"2022-09-15T04:34:58","date_gmt":"2022-09-15T04:34:58","guid":{"rendered":"https:\/\/jairolibreros.com\/?p=1136"},"modified":"2023-06-14T21:09:12","modified_gmt":"2023-06-14T21:09:12","slug":"venezuela-sera-garante-en-dialogos-de-paz-con-el-eln","status":"publish","type":"post","link":"https:\/\/jairolibreros.com\/?p=1136","title":{"rendered":"Venezuela ser\u00e1 garante en di\u00e1logos de paz con el ELN"},"content":{"rendered":"<p><span style=\"font-size: 14pt;\"><strong>Venezuela ser\u00e1 garante en di\u00e1logos de paz con el ELN<\/strong><\/span><\/p>\n<p><span style=\"font-size: 14pt;\"><strong>Jairo Libreros<\/strong>, analista permanente de NTN24<\/span><\/p>\n<p class=\"p1\"><span class=\"s1\" style=\"font-size: 14pt;\"><b>Jairo Libreros<\/b>: \u201cColombia facilita el reintegro de la dictadura de Miraflores al Sistema Interamericano\u201d.<\/span><\/p>\n<blockquote hcb-fetch-image-from=\"https:\/\/twitter.com\/jairolibreros\/status\/1570263094617841664?s=21&amp;t=6qF9wHEAC4YeUuACuLFpSA\" class=\"twitter-tweet\" data-width=\"550\" data-dnt=\"true\">\n<p lang=\"es\" dir=\"ltr\">En entrevista con La Tarde de NTN24, el analista Jairo Libreros <a href=\"https:\/\/twitter.com\/JairoLibreros?ref_src=twsrc%5Etfw\">@JairoLibreros<\/a> habla sobre la petici\u00f3n que hizo Colombia a Venezuela para ser garante en los di\u00e1logos de paz <a href=\"https:\/\/t.co\/JAfYYBLHiG\">https:\/\/t.co\/JAfYYBLHiG<\/a><\/p>\n<p>&mdash; Jairo Libreros (@JairoLibreros) <a href=\"https:\/\/twitter.com\/JairoLibreros\/status\/1570263094617841664?ref_src=twsrc%5Etfw\">September 15, 2022<\/a><\/p><\/blockquote>\n<p><script async src=\"https:\/\/platform.twitter.com\/widgets.js\" charset=\"utf-8\"><\/script><\/p>\n<p class=\"p1\"><span class=\"s1\" style=\"font-size: 14pt;\">En entrevista con La Tarde de NTN24, <b>el analista Jairo Libreros<\/b> habla sobre la petici\u00f3n que hizo Colombia a Venezuela para ser garante en los di\u00e1logos de paz.<\/span><\/p>\n<p class=\"p1\"><span class=\"s1\" style=\"font-size: 14pt;\"><b>El analista Jairo Libreros<\/b> se refiri\u00f3 a la reciente aprobaci\u00f3n por parte del r\u00e9gimen de Nicol\u00e1s Maduro de ser garante en los di\u00e1logos de paz que se reanudar\u00e1n entre el Gobierno colombiano y el grupo guerrillero ELN ante la invitaci\u00f3n que hizo el presidente Gustavo Petro.<\/span><\/p>\n<p class=\"p1\"><span class=\"s1\" style=\"font-size: 14pt;\">En entrevista con La Tarde de NTN24 afirm\u00f3 con la invitaci\u00f3n \u201cColombia facilita el reintegro de la dictadura de Miraflores al Sistema Interamericano, v\u00eda a una negociaci\u00f3n con el ELN que tambi\u00e9n involucra a Cuba y seguramente a Espa\u00f1a\u201d.<\/span><\/p>\n<p class=\"p1\"><span class=\"s1\" style=\"font-size: 14pt;\">\u201cEs decir, termina facilitando el camino para darle mejores visos de legitimidad a una dictadura que no la puede tener\u201d, asegur\u00f3 Libreros.<\/span><\/p>\n<p class=\"p1\"><span class=\"s1\" style=\"font-size: 14pt;\">Por otra parte, el analista se\u00f1al\u00f3 que \u201cEl precio que va pagar Colombia\u201d por cuenta de esa invitaci\u00f3n a Maduro es muy alto.<\/span><\/p>\n<p class=\"p1\"><span class=\"s1\" style=\"font-size: 14pt;\">\u201cDe un lado, (Colombia) va a terminar asociada en ese proceso de reinserci\u00f3n a Am\u00e9rica Latina y al mundo por parte de Venezuela. En segundo lugar tambi\u00e9n van a caer muchas cr\u00edticas\u201d, sostuvo.<\/span><\/p>\n<p class=\"p1\"><span class=\"s1\" style=\"font-size: 14pt;\">Nicol\u00e1s Maduro acept\u00f3 la petici\u00f3n del presidente de Colombia, Gustavo Petro, para ser garante en los acuerdos de paz que se reanudar\u00e1n entre el Gobierno colombiano y el grupo guerrillero ELN.<\/span><\/p>\n<p><span style=\"font-size: 14pt;\">&#8220;Una vez m\u00e1s, Venezuela acepta el car\u00e1cter de garante de las negociaciones entre el ELN y el Gobierno por la paz de toda Colombia&#8221;, anunci\u00f3 el l\u00edder del r\u00e9gimen venezolano el martes.<\/span><\/p>\n<p><span style=\"font-size: 14pt;\">Para algunos analistas internacionales, resulta \u201cinexorable\u201d la decisi\u00f3n del mandatario colombiano de pedir al r\u00e9gimen de Nicol\u00e1s Maduro que sea parte de este proceso, pues argumentan que \u201cla presencia del ELN en Venezuela no es una casualidad\u201d y se\u00f1alan que, para lograr un avance en la negociaci\u00f3n, la participaci\u00f3n de Miraflores es fundamental.<\/span><\/p>\n<p><span style=\"font-size: 14pt;\"><b>El link de NTN24 con mi an\u00e1lisis es el siguiente:<\/b><\/span><\/p>\n<p><span style=\"text-decoration: underline; font-size: 14pt;\"><a href=\"https:\/\/www.ntn24.com\/programas\/la-tarde\/jairo-libreros-entrevista-la-tarde-400448\">https:\/\/www.ntn24.com\/programas\/la-tarde\/jairo-libreros-entrevista-la-tarde-400448<\/a><\/span><\/p>\n","protected":false},"excerpt":{"rendered":"<p>Venezuela ser\u00e1 garante en di\u00e1logos de paz con el ELN Jairo Libreros, analista permanente de NTN24 Jairo Libreros: \u201cColombia facilita el reintegro de <\/p>\n","protected":false},"author":1,"featured_media":285,"comment_status":"open","ping_status":"open","sticky":false,"template":"","format":"standard","meta":{"om_disable_all_campaigns":false,"_monsterinsights_skip_tracking":false,"_monsterinsights_sitenote_active":false,"_monsterinsights_sitenote_note":"","_monsterinsights_sitenote_category":0,"footnotes":""},"categories":[1],"tags":[54,90,53],"aioseo_notices":[],"class_list":["post-1136","post","type-post","status-publish","format-standard","has-post-thumbnail","hentry","category-jairo-libreros","tag-comunicacion-politica","tag-seguridad-y-defensa-nacional","tag-politicas-publicas"],"_links":{"self":[{"href":"https:\/\/jairolibreros.com\/index.php?rest_route=\/wp\/v2\/posts\/1136"}],"collection":[{"href":"https:\/\/jairolibreros.com\/index.php?rest_route=\/wp\/v2\/posts"}],"about":[{"href":"https:\/\/jairolibreros.com\/index.php?rest_route=\/wp\/v2\/types\/post"}],"author":[{"embeddable":true,"href":"https:\/\/jairolibreros.com\/index.php?rest_route=\/wp\/v2\/users\/1"}],"replies":[{"embeddable":true,"href":"https:\/\/jairolibreros.com\/index.php?rest_route=%2Fwp%2Fv2%2Fcomments&post=1136"}],"version-history":[{"count":4,"href":"https:\/\/jairolibreros.com\/index.php?rest_route=\/wp\/v2\/posts\/1136\/revisions"}],"predecessor-version":[{"id":2095,"href":"https:\/\/jairolibreros.com\/index.php?rest_route=\/wp\/v2\/posts\/1136\/revisions\/2095"}],"wp:featuredmedia":[{"embeddable":true,"href":"https:\/\/jairolibreros.com\/index.php?rest_route=\/wp\/v2\/media\/285"}],"wp:attachment":[{"href":"https:\/\/jairolibreros.com\/index.php?rest_route=%2Fwp%2Fv2%2Fmedia&parent=1136"}],"wp:term":[{"taxonomy":"category","embeddable":true,"href":"https:\/\/jairolibreros.com\/index.php?rest_route=%2Fwp%2Fv2%2Fcategories&post=1136"},{"taxonomy":"post_tag","embeddable":true,"href":"https:\/\/jairolibreros.com\/index.php?rest_route=%2Fwp%2Fv2%2Ftags&post=1136"}],"curies":[{"name":"wp","href":"https:\/\/api.w.org\/{rel}","templated":true}]}}