{"id":1154,"date":"2022-09-20T12:00:23","date_gmt":"2022-09-20T12:00:23","guid":{"rendered":"https:\/\/jairolibreros.com\/?p=1154"},"modified":"2023-05-10T03:55:40","modified_gmt":"2023-05-10T03:55:40","slug":"bukele-el-millennials-autoritario-de-el-salvador","status":"publish","type":"post","link":"https:\/\/jairolibreros.com\/?p=1154","title":{"rendered":"Bukele: el millennials autoritario de El Salvador"},"content":{"rendered":"<p><span style=\"font-size: 14pt;\"><strong>Bukele: el <em>millennials<\/em> autoritario de El Salvador<\/strong><\/span><\/p>\n<p><span style=\"font-size: 14pt;\"><a href=\"https:\/\/twitter.com\/hashtag\/EntreBastidores?src=hashtag_click\">#EntreBastidores<\/a> con <strong>Jairo Libreros<\/strong> analista permanente de Noticias RCN<\/span><\/p>\n<p style=\"text-align: center;\"><span style=\"font-size: 14pt;\"><strong>La reelecci\u00f3n presidencial hecha a la medida de los mandatarios de turno rompe el principio de alternancia en el poder<\/strong><\/span><\/p>\n<blockquote hcb-fetch-image-from=\"https:\/\/twitter.com\/jairolibreros\/status\/1572388488208863232?s=46&amp;t=XxuxqSQDwTD27DrE0xV9yQ\" class=\"twitter-tweet\" data-width=\"550\" data-dnt=\"true\">\n<p lang=\"es\" dir=\"ltr\">\u201cEl populismo radical -de derecha y de izquierda-, se encarg\u00f3 de romper el principio de alternancia en el poder promoviendo reformas o interpretaciones constitucionales para instaurar la reelecci\u00f3n presidencial inmediata\u201d, <a href=\"https:\/\/twitter.com\/JairoLibreros?ref_src=twsrc%5Etfw\">@JairoLibreros<\/a> <a href=\"https:\/\/t.co\/zTiDvSLZW1\">https:\/\/t.co\/zTiDvSLZW1<\/a> <a href=\"https:\/\/t.co\/Fkua5mMHQj\">pic.twitter.com\/Fkua5mMHQj<\/a><\/p>\n<p>&mdash; Jairo Libreros (@JairoLibreros) <a href=\"https:\/\/twitter.com\/JairoLibreros\/status\/1572388488208863232?ref_src=twsrc%5Etfw\">September 21, 2022<\/a><\/p><\/blockquote>\n<p><script async src=\"https:\/\/platform.twitter.com\/widgets.js\" charset=\"utf-8\"><\/script><\/p>\n<p><span style=\"font-size: 14pt;\">Nayib Bukele buscar\u00e1 su reelecci\u00f3n presidencial en 2024. En cadena nacional por radio y televisi\u00f3n, el presidente <em>millennials<\/em> de El Salvador anunci\u00f3 su postulaci\u00f3n amparado en una sentencia reciente de la Sala Constitucional de la Corte Suprema de Justicia, que allan\u00f3 el camino autoritario de la reelecci\u00f3n en contrav\u00eda de la Constituci\u00f3n, que de manera expresa la prohibe.<\/span><\/p>\n<p><span style=\"font-size: 14pt;\">En 2021, Bukele de la mano con el Congreso -que controla a su antojo- finiquit\u00f3 el per\u00edodo de los magistrados de la Sala Constitucional y los reemplaz\u00f3 por otros togados, quienes en agradecimiento modificaron la jurisprudencia y habilitaron la reelecci\u00f3n presidencial inmediata.<\/span><\/p>\n<p><span style=\"font-size: 14pt;\">En Am\u00e9rica Latina la historia de las reelecciones presidenciales confeccionadas a la medida de los mandatarios de turno es bien conocida. Algunos las impulsaron mediante reformas constitucionales espurias avaladas en el congreso. Otros las ejecutaron v\u00eda interpretaci\u00f3n constitucional ama\u00f1ada cuando se apoderaron de los altos tribunales de justicia.<\/span><\/p>\n<p><span style=\"font-size: 14pt;\">La tercera ola democr\u00e1tica, que en t\u00e9rminos de Samuel Huntington lleg\u00f3 a finales del siglo XX, fue interpretada como una victoria de la democracia liberal a nivel global -o como el fin de la historia, seg\u00fan Francis Fukuyama-. En Am\u00e9rica Latina esa tercera ola lleg\u00f3 con la ca\u00edda de las dictaduras en Sudam\u00e9rica y con los procesos de paz en Centroam\u00e9rica.<\/span><\/p>\n<p><span style=\"font-size: 14pt;\">Sin embargo, la euforia democr\u00e1tica en la regi\u00f3n duro muy poco. El populismo radical -de derecha y de izquierda-, se encarg\u00f3 de romper el principio de alternancia en el poder promoviendo reformas o interpretaciones constitucionales para instaurar la reelecci\u00f3n presidencial inmediata. La derecha pic\u00f3 en punta. Carlos Menen en Argentina, Alberto Fujimori en Per\u00fa y \u00c1lvaro Uribe en Colombia son los principales exponentes de ese populismo radical.<\/span><\/p>\n<p><span style=\"font-size: 14pt;\">Posteriormente, el socialismo del siglo XXI tom\u00f3 la posta. Hugo Ch\u00e1vez en Venezuela, Evo Morales en Bol\u00edvia y Rafael Correa en Ecuador refrendaron el populismo radical desde la izquierda. Poco tiempo despu\u00e9s se estren\u00f3 en Centroam\u00e9rica. Fracas\u00f3 en el intento Manuel Zelaya pero Juan Orlando Hern\u00e1ndez lo logr\u00f3 en Honduras. Sumemos a Daniel Ortega en Nicaragua, quien sigue en el poder por cuenta de esa reelecci\u00f3n inmediata.<\/span><\/p>\n<p><span style=\"font-size: 14pt;\">Y ahora llega Bukele con el mismo libreto del populismo radical. Desconoce la historia tr\u00e1gica de las reelecciones hechas a la medida del mandatario de turno en Am\u00e9rica Latina. Y por ello, estar\u00e1 condenado a repetirla. Todos los mandatarios que impusieron la reelecci\u00f3n presidencial en sus per\u00edodos constitucionales gozaban de altos niveles de popularidad, tal como los ostenta hoy d\u00eda el presidente salvadore\u00f1o de derecha.<\/span><\/p>\n<p><span style=\"font-size: 14pt;\">Igualmente, todos esos mandatarios se apoderaron de la rama legislativa o de la rama judicial -o de las dos ramas- para imponer autoritariamente la reelecci\u00f3n, tal como ocurre hoy d\u00eda con Bukele. Todos esos mandatarios se enfrentaron con la prensa o persiguieron a la oposici\u00f3n pol\u00edtica, tal como ocurre hoy d\u00eda con el <em>millennials<\/em> salvadore\u00f1o. Y todos salieron mal o con serios problemas judiciales de su segundo mandato, muy seguramente como le pasar\u00e1 a Bukele en El Salvador.<\/span><\/p>\n<p><span style=\"font-size: 14pt;\">En conclusi\u00f3n, en Am\u00e9rica Latina la habilitaci\u00f3n autoritaria de la reelecci\u00f3n presidencial inmediata es un ejercicio fracasado, solo al servicio de la egolatr\u00eda o mesianismo del mandatario de turno. Y la suerte de Bukele en El Salvador no ser\u00e1 la excepci\u00f3n. Terminar\u00e1 mal como mandatario y su pa\u00eds en d\u00e9ficit democr\u00e1tico, tal como lo demuestran los ejemplos del populismo radical de izquierda y de derecha.<\/span><\/p>\n<p><span style=\"font-size: 14pt;\"><a class=\"qi72231t nu7423ey n3hqoq4p r86q59rh b3qcqh3k fq87ekyn bdao358l fsf7x5fv rse6dlih s5oniofx m8h3af8h l7ghb35v kjdc1dyq kmwttqpk srn514ro oxkhqvkx rl78xhln nch0832m cr00lzj9 rn8ck1ys s3jn8y49 icdlwmnq _aa9_ _a6hd\" tabindex=\"0\" role=\"link\" href=\"https:\/\/www.instagram.com\/explore\/tags\/entrebastidores\/\">#EntreBastidores<\/a> con <strong>Jairo Libreros<\/strong><\/span><\/p>\n<p style=\"text-align: right;\"><span style=\"font-size: 14pt;\"><img fetchpriority=\"high\" decoding=\"async\" class=\"size-medium wp-image-1164 alignright\" src=\"https:\/\/jairolibreros.com\/wp-content\/uploads\/2022\/09\/54298A2E-284C-443B-A22E-F8C6CD5C6D29_1_105_c-300x169.jpeg\" alt=\"\" width=\"300\" height=\"169\" srcset=\"https:\/\/jairolibreros.com\/wp-content\/uploads\/2022\/09\/54298A2E-284C-443B-A22E-F8C6CD5C6D29_1_105_c-300x169.jpeg 300w, https:\/\/jairolibreros.com\/wp-content\/uploads\/2022\/09\/54298A2E-284C-443B-A22E-F8C6CD5C6D29_1_105_c-1024x576.jpeg 1024w, https:\/\/jairolibreros.com\/wp-content\/uploads\/2022\/09\/54298A2E-284C-443B-A22E-F8C6CD5C6D29_1_105_c-768x432.jpeg 768w, https:\/\/jairolibreros.com\/wp-content\/uploads\/2022\/09\/54298A2E-284C-443B-A22E-F8C6CD5C6D29_1_105_c.jpeg 1182w\" sizes=\"(max-width: 300px) 100vw, 300px\" \/><\/span><\/p>\n<p style=\"text-align: right;\"><span style=\"font-size: 14pt;\"><strong>Jairo Libreros<\/strong>\u00a0\u00a0es editor y analista pol\u00edtico de Noticias RCN y NTN24.\u00a0<strong>Entre Bastidores\u00a0<\/strong>\u00a0es su espacio de an\u00e1lisis sobre pol\u00edtica internacional, seguridad y defensa nacional que se publica todos los martes y viernes.\u00a0Libreros es abogado, experto en pol\u00edticas p\u00fablicas y profesor titular de seguridad y defensa nacional de la Escuela de Gobierno y de la Escuela de Relaciones Internacionales de la Universidad Externado de Colombia.<\/span><\/p>\n<p><span style=\"font-size: 14pt;\"><strong>El link de Noticias RCN con mi columna es el siguiente:<\/strong><\/span><\/p>\n<p><span style=\"text-decoration: underline; font-size: 14pt;\"><a href=\"https:\/\/www.noticiasrcn.com\/opinion\/bukele-el-millennials-autoritario-de-el-salvador-429522\">https:\/\/www.noticiasrcn.com\/opinion\/bukele-el-millennials-autoritario-de-el-salvador-429522\u00a0<\/a><\/span><\/p>\n<p>&nbsp;<\/p>\n","protected":false},"excerpt":{"rendered":"<p>Bukele: el millennials autoritario de El Salvador #EntreBastidores con Jairo Libreros analista permanente de Noticias RCN La reelecci\u00f3n presidencial hecha a la medida <\/p>\n","protected":false},"author":1,"featured_media":1164,"comment_status":"open","ping_status":"open","sticky":false,"template":"","format":"standard","meta":{"om_disable_all_campaigns":false,"_monsterinsights_skip_tracking":false,"_monsterinsights_sitenote_active":false,"_monsterinsights_sitenote_note":"","_monsterinsights_sitenote_category":0,"footnotes":""},"categories":[1],"tags":[39],"aioseo_notices":[],"class_list":["post-1154","post","type-post","status-publish","format-standard","has-post-thumbnail","hentry","category-jairo-libreros","tag-seguridad-ciudadana"],"_links":{"self":[{"href":"https:\/\/jairolibreros.com\/index.php?rest_route=\/wp\/v2\/posts\/1154"}],"collection":[{"href":"https:\/\/jairolibreros.com\/index.php?rest_route=\/wp\/v2\/posts"}],"about":[{"href":"https:\/\/jairolibreros.com\/index.php?rest_route=\/wp\/v2\/types\/post"}],"author":[{"embeddable":true,"href":"https:\/\/jairolibreros.com\/index.php?rest_route=\/wp\/v2\/users\/1"}],"replies":[{"embeddable":true,"href":"https:\/\/jairolibreros.com\/index.php?rest_route=%2Fwp%2Fv2%2Fcomments&post=1154"}],"version-history":[{"count":13,"href":"https:\/\/jairolibreros.com\/index.php?rest_route=\/wp\/v2\/posts\/1154\/revisions"}],"predecessor-version":[{"id":2093,"href":"https:\/\/jairolibreros.com\/index.php?rest_route=\/wp\/v2\/posts\/1154\/revisions\/2093"}],"wp:featuredmedia":[{"embeddable":true,"href":"https:\/\/jairolibreros.com\/index.php?rest_route=\/wp\/v2\/media\/1164"}],"wp:attachment":[{"href":"https:\/\/jairolibreros.com\/index.php?rest_route=%2Fwp%2Fv2%2Fmedia&parent=1154"}],"wp:term":[{"taxonomy":"category","embeddable":true,"href":"https:\/\/jairolibreros.com\/index.php?rest_route=%2Fwp%2Fv2%2Fcategories&post=1154"},{"taxonomy":"post_tag","embeddable":true,"href":"https:\/\/jairolibreros.com\/index.php?rest_route=%2Fwp%2Fv2%2Ftags&post=1154"}],"curies":[{"name":"wp","href":"https:\/\/api.w.org\/{rel}","templated":true}]}}