{"id":1247,"date":"2022-09-29T00:52:27","date_gmt":"2022-09-29T00:52:27","guid":{"rendered":"https:\/\/jairolibreros.com\/?p=1247"},"modified":"2025-10-22T13:59:23","modified_gmt":"2025-10-22T13:59:23","slug":"que-es-un-cese-al-fuego-unilateral-bilateral-y-multilateral-las-propuestas-del-gobierno-petro","status":"publish","type":"post","link":"https:\/\/jairolibreros.com\/?p=1247","title":{"rendered":"\u00bfQu\u00e9 es un cese al fuego unilateral, bilateral y multilateral?: las propuestas del gobierno Petro"},"content":{"rendered":"<p><span style=\"font-size: 14pt;\"><strong>\u00bfQu\u00e9 es un cese al fuego unilateral, bilateral y multilateral?: las propuestas del gobierno Petro<\/strong><\/span><\/p>\n<p><span style=\"font-size: 14pt;\"><strong>Jairo Libreros<\/strong>, analista permanente de Noticias RCN \u00b7 <a href=\"https:\/\/www.noticiasrcn.com\/\"><span style=\"text-decoration: underline;\">NoticiasRCN.com<\/span><\/a><\/span><\/p>\n<blockquote hcb-fetch-image-from=\"https:\/\/twitter.com\/JairoLibreros\/status\/1575284227704328195?s=20&amp;t=2udmQiTGtpcBMEdy1NRW3g\" class=\"twitter-tweet\" data-width=\"550\" data-dnt=\"true\">\n<p lang=\"es\" dir=\"ltr\">\u201c\u2026no descartar\u00eda que de aqu\u00ed a seis meses se llegue a decretar un cese al fuego multilateral que involucrar\u00eda al gobierno nacional y por supuesto a la fuerza p\u00fablica\u2026\u201d, <a href=\"https:\/\/twitter.com\/JairoLibreros?ref_src=twsrc%5Etfw\">@JairoLibreros<\/a> analista <a href=\"https:\/\/twitter.com\/NoticiasRCN?ref_src=twsrc%5Etfw\">@NoticiasRCN<\/a> <a href=\"https:\/\/t.co\/IcAPnmqcax\">https:\/\/t.co\/IcAPnmqcax<\/a><\/p>\n<p>&mdash; Jairo Libreros (@JairoLibreros) <a href=\"https:\/\/twitter.com\/JairoLibreros\/status\/1575284227704328195?ref_src=twsrc%5Etfw\">September 29, 2022<\/a><\/p><\/blockquote>\n<p><script async src=\"https:\/\/platform.twitter.com\/widgets.js\" charset=\"utf-8\"><\/script><\/p>\n<p class=\"p1\"><span style=\"font-size: 14pt;\">En las \u00faltimas horas el alto comisionado para la Paz de Colombia anunci\u00f3 que son m\u00e1s de 10 los grupos armados que comenzaron el cese unilateral<\/span><\/p>\n<p class=\"p1\"><span style=\"font-size: 14pt;\">Luego de conocerse la noticia de que m\u00e1s de 10 grupos armados iniciaron el cese al fuego\u00a0unilateral en Colombia, el alto comisionado para la Paz, Danilo Rueda, anunci\u00f3 que \u201cen esta fase de exploraci\u00f3n se les ha pedido no matar, no torturar, no desaparecer&#8221;.<\/span><\/p>\n<p class=\"p1\"><span style=\"font-size: 14pt;\">Llama la atenci\u00f3n que grupos como el Estado Mayor Central, la Segunda Marquetalia, Las AGC, varias oficinas y las autodefensas de la Sierra Nevada de Santa Marta manifestaran de manera p\u00fablica su voluntad de seguir el camino de la paz que inici\u00f3 el expresidente Juan Manuel Santos y que en este momento contin\u00faa el gobierno de Gustavo Petro.<\/span><\/p>\n<p class=\"p1\"><span style=\"font-size: 14pt;\">Aunque por el momento su compromiso ha sido verbal, la voluntad de negociaci\u00f3n es un punto importante para poner en marcha el sometimiento a la justicia que propone el Gobierno Nacional.<\/span><\/p>\n<p class=\"p3\"><span style=\"font-size: 14pt;\"><b>\u00bfQu\u00e9 es un cese al fuego unilateral, bilateral y multilateral?<\/b><\/span><\/p>\n<ol class=\"ol1\">\n<li class=\"li1\"><span style=\"font-size: 14pt;\">El cese unilateral al fuego solamente compromete y responsabiliza a quien lo decreta, si el Estado dice que va a adelantar un cese unilateral frente a los actores armados, pues compromete \u00fanicamente al Estado, pero si dentro de estos grupos solamente uno de ellos decreta el cese unilateral solamente lo compromete a \u00e9l.<\/span><\/li>\n<li class=\"li1\"><span style=\"font-size: 14pt;\">El cese bilateral al fuego es un compromiso mucho m\u00e1s formal que compromete a dos partes generalmente estos ceses bilaterales comprometen a dos partes donde una de ellas es el que detenta el monopolio leg\u00edtimo de la fuerza, es decir el Estado.<\/span><\/li>\n<li class=\"li1\"><span style=\"font-size: 14pt;\">El cese multilateral al fuego se debe adelantar entre tres y m\u00e1s organizaciones, en las cuales m\u00ednimo una es la que detenta el monopolio leg\u00edtimo de la fuerza, es decir el Estado.<\/span><\/li>\n<\/ol>\n<p class=\"p3\"><span style=\"font-size: 14pt;\"><b>Lo que significa que haya un cese unilateral al fuego en Colombia<\/b><\/span><\/p>\n<p class=\"p1\"><span style=\"font-size: 14pt;\"><strong>De acuerdo con el editor y analista pol\u00edtico de Noticias RCN y NTN24, Jairo Libreros<\/strong>, el anuncio del cese unilateral de los grupos criminales tiene dos interpretaciones muy importantes:<\/span><\/p>\n<ul class=\"ul1\">\n<li class=\"li1\"><span style=\"font-size: 14pt;\">La primera de ellas es que esas organizaciones que acaban de confirmar su compromiso con el cese unilateral demuestran su voluntad pol\u00edtica para negociar un acuerdo de paz, e incluso el sometimiento a la justicia.<\/span><\/li>\n<li class=\"li1\"><span style=\"font-size: 14pt;\">La segunda tiene que ver con la propuesta de la paz total que empieza a calar en diferentes sectores relacionados con grupos violentos armados que han sido causantes de homicidios, secuestros, torturas, desapariciones forzadas, intimidaci\u00f3n, confinamiento de comunidades; lo que traer\u00eda una disminuci\u00f3n en los indicadores de la comisi\u00f3n de delitos.<\/span><\/li>\n<\/ul>\n<p class=\"p1\"><span style=\"font-size: 14pt;\">\u201cEs un mensaje importante donde los actores armados est\u00e1n dispuestos a caminar con el Gobierno en una l\u00ednea que permita bajar la intensidad de la confrontaci\u00f3n y de las hostilidades\u201d.<\/span><\/p>\n<p class=\"p3\"><span style=\"font-size: 14pt;\"><b>\u00bfCon el cese el fuego qu\u00e9 sigue para los grupos armados el gobierno?<\/b><\/span><\/p>\n<p class=\"p1\"><span style=\"font-size: 14pt;\">La \u2018paz total\u2019 no es suficiente con la propuesta o con las ideas de pol\u00edtica p\u00fablica para llegar a un acuerdo de paz o de sometimiento; hay un punto intermedio que es como el eslab\u00f3n de la negociaci\u00f3n entre el Gobierno y estos actores ilegales que actuar\u00eda como un mecanismo de verificaci\u00f3n del cumplimiento del cese unilateral y as\u00ed llegar a un cese multilateral.<\/span><\/p>\n<p class=\"p3\"><span style=\"font-size: 14pt;\"><b>Yo no descartar\u00eda que de aqu\u00ed a seis meses se llegue a decretar un cese al fuego multilateral que involucrar\u00eda al gobierno nacional y por supuesto a la fuerza p\u00fablica.<\/b><\/span><\/p>\n<p class=\"p1\"><span style=\"font-size: 14pt;\">Al mismo tiempo, Libreros se\u00f1al\u00f3 que \u201cel Comit\u00e9 Internacional de la Cruz Roja estar\u00eda buscando una hoja de ruta que permita el trabajo de verificaci\u00f3n del cese unilateral en este caso, y posteriormente, el cese multilateral\u201d.<\/span><\/p>\n<p class=\"p1\"><span style=\"font-size: 14pt;\">Para Libreros, entre el 19, 20 de diciembre o cuando se termine primer periodo de la legislatura en el Congreso de la Rep\u00fablica se avanzar\u00e1 en la aprobaci\u00f3n en el Congreso de la Rep\u00fablica de las reformas necesarias para para establecer el marco jur\u00eddico de la pr\u00f3rroga de la Ley de Orden P\u00fablico que se vence en diciembre. Se hace necesario que el Gobierno Nacional presente y radique ante el Congreso de la Rep\u00fablica el nuevo proyecto de ley de sometimiento a la justicia.<\/span><\/p>\n<p class=\"p1\"><span style=\"font-size: 14pt;\">En cuanto a las organizaciones armadas que se van a sentar a la mesa en b\u00fasqueda de un proceso de negociaci\u00f3n de acuerdo de paz, Libreros indic\u00f3 que \u201cest\u00e1 claro que en el ELN hay algunas dudas que podr\u00edan descartarlo de esta v\u00eda, mientras que la segunda Marquetalia la de Iv\u00e1n M\u00e1rquez tal vez vaya por esa l\u00ednea, pero las disidencias de las Farc que no firmaron el acuerdo de paz quiz\u00e1s s\u00ed vayan a tener un espacio en este en este acuerdo de paz.<\/span><\/p>\n<p class=\"p1\"><span style=\"font-size: 14pt;\">Por otro lado, en el caso del sometimiento de la justicia ir\u00eda la segunda Marquetalia, el Clan del Golfo y otras organizaciones como las oficinas de cobro de bandas delincuenciales urbanas vinculadas al crimen trasnacional.<\/span><\/p>\n<p class=\"p1\"><span style=\"font-size: 14pt;\">\u201cLas conversaciones de sometimiento podr\u00edan a mediados de noviembre y diciembre, pero yo no lo creo as\u00ed\u201d. Sobre este punto, el comisionado para la Paz ha dejado entrever que va a tomar un poco m\u00e1s de tiempo hasta que apruebe la pr\u00f3rroga de la Ley de Orden P\u00fablico y la ley de sometimiento a justicia.<\/span><\/p>\n<p class=\"p1\"><span style=\"font-size: 14pt;\">Luego de estos procesos se deber\u00e1n definir los temas relacionados con el cumplimiento de las garant\u00edas del derecho internacional de los derechos humanos relacionados con la verdad, la justicia, la reparaci\u00f3n y la no repetici\u00f3n que se suscribir\u00eda para sellar la paz o el sometimiento de la justicia.<\/span><\/p>\n<p class=\"p3\"><span style=\"font-size: 14pt;\"><b>En contexto<\/b><\/span><\/p>\n<p class=\"p1\"><span style=\"font-size: 14pt;\">Es importante resaltar que el anuncio de Danilo Rueda se da durante la propuesta del presidente Gustavo Petro, denominada \u2018paz total\u2019.<\/span><\/p>\n<p class=\"p1\"><span style=\"font-size: 14pt;\">Durante la visita del presidente Petro a Nueva York, a la asamblea general de la ONU, el mandatario anunci\u00f3 la intenci\u00f3n de poner en marcha un cese al fuego multilateral, por lo que todos los grupos que tengan la disposici\u00f3n de iniciar di\u00e1logos con el Gobierno deber\u00edan hacer un cese de hostilidades y frenar las acciones armadas.<\/span><\/p>\n<p><span style=\"font-size: 14pt;\"><strong>El link de Noticias RCN es el siguiente:<\/strong><\/span><\/p>\n<p><a href=\"https:\/\/www.noticiasrcn.com\/colombia\/las-propuesta-de-petro-sobre-el-cese-unilateral-430224\"><span style=\"text-decoration: underline; font-size: 14pt;\">https:\/\/www.noticiasrcn.com\/colombia\/las-propuesta-de-petro-sobre-el-cese-unilateral-430224\u00a0<\/span><\/a><\/p>\n","protected":false},"excerpt":{"rendered":"<p>\u00bfQu\u00e9 es un cese al fuego unilateral, bilateral y multilateral?: las propuestas del gobierno Petro Jairo Libreros, analista permanente de Noticias RCN \u00b7 <\/p>\n","protected":false},"author":1,"featured_media":285,"comment_status":"open","ping_status":"open","sticky":false,"template":"","format":"standard","meta":{"om_disable_all_campaigns":false,"_monsterinsights_skip_tracking":false,"_monsterinsights_sitenote_active":false,"_monsterinsights_sitenote_note":"","_monsterinsights_sitenote_category":0,"footnotes":""},"categories":[1,96],"tags":[90,98,53,39],"aioseo_notices":[],"class_list":["post-1247","post","type-post","status-publish","format-standard","has-post-thumbnail","hentry","category-jairo-libreros","category-universidad-externado","tag-seguridad-y-defensa-nacional","tag-derechos-humanos","tag-politicas-publicas","tag-seguridad-ciudadana"],"_links":{"self":[{"href":"https:\/\/jairolibreros.com\/index.php?rest_route=\/wp\/v2\/posts\/1247"}],"collection":[{"href":"https:\/\/jairolibreros.com\/index.php?rest_route=\/wp\/v2\/posts"}],"about":[{"href":"https:\/\/jairolibreros.com\/index.php?rest_route=\/wp\/v2\/types\/post"}],"author":[{"embeddable":true,"href":"https:\/\/jairolibreros.com\/index.php?rest_route=\/wp\/v2\/users\/1"}],"replies":[{"embeddable":true,"href":"https:\/\/jairolibreros.com\/index.php?rest_route=%2Fwp%2Fv2%2Fcomments&post=1247"}],"version-history":[{"count":4,"href":"https:\/\/jairolibreros.com\/index.php?rest_route=\/wp\/v2\/posts\/1247\/revisions"}],"predecessor-version":[{"id":2084,"href":"https:\/\/jairolibreros.com\/index.php?rest_route=\/wp\/v2\/posts\/1247\/revisions\/2084"}],"wp:featuredmedia":[{"embeddable":true,"href":"https:\/\/jairolibreros.com\/index.php?rest_route=\/wp\/v2\/media\/285"}],"wp:attachment":[{"href":"https:\/\/jairolibreros.com\/index.php?rest_route=%2Fwp%2Fv2%2Fmedia&parent=1247"}],"wp:term":[{"taxonomy":"category","embeddable":true,"href":"https:\/\/jairolibreros.com\/index.php?rest_route=%2Fwp%2Fv2%2Fcategories&post=1247"},{"taxonomy":"post_tag","embeddable":true,"href":"https:\/\/jairolibreros.com\/index.php?rest_route=%2Fwp%2Fv2%2Ftags&post=1247"}],"curies":[{"name":"wp","href":"https:\/\/api.w.org\/{rel}","templated":true}]}}