{"id":1263,"date":"2022-09-30T00:21:32","date_gmt":"2022-09-30T00:21:32","guid":{"rendered":"https:\/\/jairolibreros.com\/?p=1263"},"modified":"2025-10-22T14:00:56","modified_gmt":"2025-10-22T14:00:56","slug":"el-estandar-canino-del-senor-fiscal","status":"publish","type":"post","link":"https:\/\/jairolibreros.com\/?p=1263","title":{"rendered":"El est\u00e1ndar canino del se\u00f1or fiscal"},"content":{"rendered":"<p class=\"p1\"><span style=\"font-size: 14pt;\"><strong>El est\u00e1ndar canino del se\u00f1or fiscal<\/strong><\/span><\/p>\n<p><span style=\"font-size: 14pt;\"><a href=\"https:\/\/twitter.com\/hashtag\/EntreBastidores?src=hashtag_click\">#EntreBastidores<\/a> con <strong>Jairo Libreros<\/strong>, analista permanente de Noticias RCN (29.09.2022)<\/span><\/p>\n<p class=\"p2\" style=\"text-align: center;\"><span style=\"font-size: 14pt;\"><strong>La innovaci\u00f3n en seguridad es una disciplina necesaria para salvar vidas -humanas y animales-, pero disponer un esquema especial de protecci\u00f3n para las mascotas de un servidor p\u00fablico es pervertir la responsabilidad del Estado<\/strong><\/span><\/p>\n<blockquote hcb-fetch-image-from=\"https:\/\/twitter.com\/JairoLibreros\/status\/1575887067070234624?s=20&amp;t=L4OEga7t8iM0eXvwWe9YQg\" class=\"twitter-tweet\" data-width=\"550\" data-dnt=\"true\">\n<p lang=\"es\" dir=\"ltr\">&quot;Ordenar medidas de protecci\u00f3n a favor de las mascotas de un servidor p\u00fablico desborda el marco jur\u00eddico de la seguridad personal&quot;: <a href=\"https:\/\/twitter.com\/hashtag\/EntreBastidores?src=hash&amp;ref_src=twsrc%5Etfw\">#EntreBastidores<\/a> con <a href=\"https:\/\/twitter.com\/JairoLibreros?ref_src=twsrc%5Etfw\">@JairoLibreros<\/a> <a href=\"https:\/\/twitter.com\/NoticiasRCN?ref_src=twsrc%5Etfw\">@NoticiasRCN<\/a> <a href=\"https:\/\/t.co\/dxbaE2ysCe\">https:\/\/t.co\/dxbaE2ysCe<\/a> <a href=\"https:\/\/t.co\/h053Xk1n6G\">pic.twitter.com\/h053Xk1n6G<\/a><\/p>\n<p>&mdash; Jairo Libreros (@JairoLibreros) <a href=\"https:\/\/twitter.com\/JairoLibreros\/status\/1575887067070234624?ref_src=twsrc%5Etfw\">September 30, 2022<\/a><\/p><\/blockquote>\n<p><script async src=\"https:\/\/platform.twitter.com\/widgets.js\" charset=\"utf-8\"><\/script><\/p>\n<p class=\"p2\"><span style=\"font-size: 14pt;\">\u201cEs un chiste que me cuestionen por los perros\u201d, le contest\u00f3 Francisco Barbosa, el se\u00f1or fiscal general de la Naci\u00f3n, a una pregunta de <span style=\"text-decoration: underline;\"><a href=\"https:\/\/www.noticiasrcn.com\/colombia\/fiscal-general-francisco-barbosa-entrevista-430271\"><span class=\"s1\">Jos\u00e9 Manuel Acevedo, director de Noticias RCN<\/span><\/a><\/span>, relacionada con la columna <a href=\"https:\/\/cambiocolombia.com\/opinion\/puntos-de-vista\/los-perros-de-la-realeza\"><span class=\"s1\"><span style=\"text-decoration: underline;\">Los perros de la realeza<\/span><\/span><\/a> escrita por Yohir Akerman en la revista Cambio.<\/span><\/p>\n<p class=\"p1\"><span style=\"font-size: 14pt;\">Se\u00f1or fiscal, el cuestionamiento al esquema de protecci\u00f3n de sus mascotas no es un chiste. Todo lo contrario. Es un interrogante leg\u00edtimo realizado por los periodistas Acevedo y Akerman, quienes como muchos otros nos quedamos sin una respuesta de fondo, clara y precisa, y asombrados por sus niveles precarios de tolerancia frente a la cr\u00edtica y el escrutinio p\u00fablico.<\/span><\/p>\n<p class=\"p1\"><span style=\"font-size: 14pt;\">Sigamos con el se\u00f1or fiscal, dice: las mascotas \u201c\u2026son parte de mi familia, esas mascotas hacen parte tambi\u00e9n de un entorno de protecci\u00f3n que yo tengo, hacen parte del entorno de protecci\u00f3n de mi familia\u2026\u201d.<\/span><\/p>\n<p class=\"p1\"><span style=\"font-size: 14pt;\">Mmmmmm, no. Eso no es cierto. O por lo menos es la estrategia perversa de mezclar en una respuesta verdades con mentiras. Las mascotas si son parte de la familia, eso lo podemos entender y aceptar, pero las mascotas no son un sujeto de protecci\u00f3n especial ni integran de manera aut\u00f3noma el entorno de protecci\u00f3n de una persona, por importante que esta sea.<\/span><\/p>\n<p class=\"p1\"><span style=\"font-size: 14pt;\">La protecci\u00f3n de las personas en situaciones de riesgo excepcional se deriva del derecho fundamental a la seguridad personal, el cual es un derecho humano reconocido por la Constituci\u00f3n Pol\u00edtica y por la Convenci\u00f3n Americana sobre Derechos Humanos.<\/span><\/p>\n<p class=\"p1\"><span style=\"font-size: 14pt;\">Por ello, ordenar medidas de protecci\u00f3n a favor de las mascotas de un servidor p\u00fablico desborda el marco jur\u00eddico -convencional, constitucional, legal y jurisprudencial- de la seguridad personal. Una cosa es que las mascotas se beneficien por extensi\u00f3n de la protecci\u00f3n que el Estado les otorga a unas personas en riesgo excepcional, y otra cosa muy diferente es proveer un esquema especial de protecci\u00f3n a las mascotas de esa persona.<\/span><\/p>\n<p class=\"p1\"><span style=\"font-size: 14pt;\">Aun as\u00ed, para efectos de la discusi\u00f3n digamos que le asiste la raz\u00f3n al se\u00f1or fiscal. Sus mascotas hacen parte de su entorno de protecci\u00f3n, es decir, tienen derecho a un esquema especial de protecci\u00f3n. De ser cierta la respuesta del se\u00f1or fiscal, su dicho est\u00e1 expresamente justificado en un documento p\u00fablico que se denomina estudio t\u00e9cnico de seguridad, en el cual se analiz\u00f3 el nivel de riesgo, se formularon medidas de protecci\u00f3n, se ordenaron gastos p\u00fablicos y se destinaron recursos oficiales para la seguridad personal del se\u00f1or fiscal, de su familia y por supuesto de sus mascotas.<\/span><\/p>\n<p class=\"p1\"><span style=\"font-size: 14pt;\">A manera de conclusi\u00f3n le pregunto al se\u00f1or fiscal: \u00bfese documento p\u00fablico que se\u00f1al\u00e9 hace una menci\u00f3n precisa a la protecci\u00f3n especial que la Fiscal\u00eda asume con las mascotas de su familia? y \u00bfcu\u00e1les son las fuentes convencionales, constitucionales, legales o jurisprudenciales que se tuvieron en cuenta para ordenar un esquema especial de protecci\u00f3n para sus mascotas?<\/span><\/p>\n<p class=\"p1\"><span style=\"font-size: 14pt;\">S\u00e9 que un estudio t\u00e9cnico de seguridad tiene una reserva de confidencialidad, pero mi pregunta no est\u00e1 dirigida a conocer aspectos que comprometan el derecho a la intimidad o a la seguridad personal de Usted o de su familia, solo quiero saber si los servidores p\u00fablicos de la Fiscal\u00eda que realizaron el estudio t\u00e9cnico de seguridad analizaron el nivel de riesgo, formularon medidas de protecci\u00f3n, ordenaron gastos p\u00fablicos y destinaron recursos oficiales para la seguridad de sus mascotas.<\/span><\/p>\n<p style=\"text-align: left;\"><span style=\"font-size: 14pt;\"><a class=\"qi72231t nu7423ey n3hqoq4p r86q59rh b3qcqh3k fq87ekyn bdao358l fsf7x5fv rse6dlih s5oniofx m8h3af8h l7ghb35v kjdc1dyq kmwttqpk srn514ro oxkhqvkx rl78xhln nch0832m cr00lzj9 rn8ck1ys s3jn8y49 icdlwmnq _aa9_ _a6hd\" tabindex=\"0\" role=\"link\" href=\"https:\/\/www.instagram.com\/explore\/tags\/entrebastidores\/\">#EntreBastidores<\/a> con\u00a0<strong>Jairo Libreros\u00a0<\/strong><\/span><\/p>\n<p style=\"text-align: right;\"><span style=\"font-size: 14pt;\"><strong>Jairo Libreros<\/strong>\u00a0es editor y analista pol\u00edtico de Noticias RCN y NTN24.\u00a0<strong>Entre Bastidores\u00a0<\/strong>es su espacio de an\u00e1lisis sobre<\/span><\/p>\n<p><span style=\"font-size: 14pt;\"><img fetchpriority=\"high\" decoding=\"async\" class=\"alignright size-medium wp-image-1272\" src=\"https:\/\/jairolibreros.com\/wp-content\/uploads\/2022\/09\/Jairo-Libreros-300x167.jpeg\" alt=\"\" width=\"300\" height=\"167\" srcset=\"https:\/\/jairolibreros.com\/wp-content\/uploads\/2022\/09\/Jairo-Libreros-300x167.jpeg 300w, https:\/\/jairolibreros.com\/wp-content\/uploads\/2022\/09\/Jairo-Libreros-768x427.jpeg 768w, https:\/\/jairolibreros.com\/wp-content\/uploads\/2022\/09\/Jairo-Libreros.jpeg 828w\" sizes=\"(max-width: 300px) 100vw, 300px\" \/>pol\u00edtica internacional, seguridad y defensa nacional que se publica todos los martes y viernes. Libreros es abogado, experto en pol\u00edticas p\u00fablicas y profesor titular de seguridad y defensa nacional de la Escuela de Gobierno y de la Escuela de Relaciones Internacionales de la Universidad Externado de Colombia.<\/span><\/p>\n<p><span style=\"font-size: 14pt;\"><a href=\"https:\/\/www.noticiasrcn.com\/opinion\/el-estandar-canino-del-senor-fiscal-430355\"><span style=\"text-decoration: underline;\">https:\/\/www.noticiasrcn.com\/opinion\/el-estandar-canino-del-senor-fiscal-430355<\/span><\/a><\/span><\/p>\n","protected":false},"excerpt":{"rendered":"<p>El est\u00e1ndar canino del se\u00f1or fiscal #EntreBastidores con Jairo Libreros, analista permanente de Noticias RCN (29.09.2022) La innovaci\u00f3n en seguridad es una disciplina <\/p>\n","protected":false},"author":1,"featured_media":1272,"comment_status":"open","ping_status":"open","sticky":false,"template":"","format":"standard","meta":{"om_disable_all_campaigns":false,"_monsterinsights_skip_tracking":false,"_monsterinsights_sitenote_active":false,"_monsterinsights_sitenote_note":"","_monsterinsights_sitenote_category":0,"footnotes":""},"categories":[1,96],"tags":[90,98,39],"aioseo_notices":[],"class_list":["post-1263","post","type-post","status-publish","format-standard","has-post-thumbnail","hentry","category-jairo-libreros","category-universidad-externado","tag-seguridad-y-defensa-nacional","tag-derechos-humanos","tag-seguridad-ciudadana"],"_links":{"self":[{"href":"https:\/\/jairolibreros.com\/index.php?rest_route=\/wp\/v2\/posts\/1263"}],"collection":[{"href":"https:\/\/jairolibreros.com\/index.php?rest_route=\/wp\/v2\/posts"}],"about":[{"href":"https:\/\/jairolibreros.com\/index.php?rest_route=\/wp\/v2\/types\/post"}],"author":[{"embeddable":true,"href":"https:\/\/jairolibreros.com\/index.php?rest_route=\/wp\/v2\/users\/1"}],"replies":[{"embeddable":true,"href":"https:\/\/jairolibreros.com\/index.php?rest_route=%2Fwp%2Fv2%2Fcomments&post=1263"}],"version-history":[{"count":9,"href":"https:\/\/jairolibreros.com\/index.php?rest_route=\/wp\/v2\/posts\/1263\/revisions"}],"predecessor-version":[{"id":2009,"href":"https:\/\/jairolibreros.com\/index.php?rest_route=\/wp\/v2\/posts\/1263\/revisions\/2009"}],"wp:featuredmedia":[{"embeddable":true,"href":"https:\/\/jairolibreros.com\/index.php?rest_route=\/wp\/v2\/media\/1272"}],"wp:attachment":[{"href":"https:\/\/jairolibreros.com\/index.php?rest_route=%2Fwp%2Fv2%2Fmedia&parent=1263"}],"wp:term":[{"taxonomy":"category","embeddable":true,"href":"https:\/\/jairolibreros.com\/index.php?rest_route=%2Fwp%2Fv2%2Fcategories&post=1263"},{"taxonomy":"post_tag","embeddable":true,"href":"https:\/\/jairolibreros.com\/index.php?rest_route=%2Fwp%2Fv2%2Ftags&post=1263"}],"curies":[{"name":"wp","href":"https:\/\/api.w.org\/{rel}","templated":true}]}}