{"id":1307,"date":"2022-10-10T17:27:22","date_gmt":"2022-10-10T17:27:22","guid":{"rendered":"https:\/\/jairolibreros.com\/?p=1307"},"modified":"2025-10-22T14:01:40","modified_gmt":"2025-10-22T14:01:40","slug":"prorroga-de-la-ley-de-orden-publico-seguridad-humana-y-paz-total","status":"publish","type":"post","link":"https:\/\/jairolibreros.com\/?p=1307","title":{"rendered":"Ley de Paz Total: proceso de pr\u00f3rroga de la Ley de Orden P\u00fablico"},"content":{"rendered":"<p><span style=\"font-size: 14pt;\"><strong>Ley de Paz Total: proceso de pr\u00f3rroga de la Ley de Orden P\u00fablico<\/strong><\/span><\/p>\n<p><span style=\"font-size: 14pt;\"><strong>Jairo Libreros<\/strong>, profesor titular de seguridad y defensa nacional de la Universidad Externado de Colombia:<em>10.10.2022.<\/em><\/span><\/p>\n<p><span style=\"font-size: 14pt;\">La Ley de Orden -Ley 418 de 1997, prorrogada y modificada por las leyes 548 de 1999, 782 de 2002, 1106 de 2006, 1421 de 2010, 1738 de 2014 y 1941 de 2018- es una herramienta legal que le permite al Gobierno Nacional la preservaci\u00f3n del orden p\u00fablico, la gesti\u00f3n de la convivencia y seguridad ciudadana, el fortalecimiento institucional de la justicia, la vigencia de los Derechos Humanos, la atenci\u00f3n integral de las v\u00edctimas del conflicto armado, la negociaci\u00f3n de procesos de paz y el sometimiento a la justicia, entre otras asignaturas.<\/span><\/p>\n<p><span style=\"font-size: 14pt;\">Actualmente, se surte en el Congreso de la Rep\u00fablica la discusi\u00f3n y aprobaci\u00f3n del nuevo articulado que modificar\u00e1 esta ley de orden p\u00fablico, cuya vigencia se establecer\u00eda para un per\u00edodo de cuatro a\u00f1os, esto es, entre el 2022 y el 2026.<\/span><\/p>\n<p><span style=\"font-size: 14pt;\">Los textos de la pr\u00f3rroga a la ley de orden p\u00fablico presentados por el Gobierno Nacional, la exposici\u00f3n de motivos y la legislaci\u00f3n, es el siguiente:<\/span><\/p>\n<p><span style=\"text-decoration: underline; font-size: 14pt;\"><a href=\"https:\/\/jairolibreros.com\/wp-content\/uploads\/2022\/10\/Proyecto-de-Ley-Prorroga-de-la-Ley-418-1997-29-08-2022-cc.pdf\">Proyecto de Ley &#8211; Prorroga de la Ley 418-1997 &#8211; 29-08-2022 cc\u00a0<\/a><\/span><\/p>\n<p><span style=\"text-decoration: underline; font-size: 14pt;\"><a href=\"https:\/\/jairolibreros.com\/wp-content\/uploads\/2022\/10\/Articulado-proyecto-de-ley-poli\u0301tica-de-paz-de-Estado.pdf\">Articulado proyecto de ley poli\u0301tica de paz de Estado\u00a0<\/a><\/span><\/p>\n<p><span style=\"font-size: 14pt;\">La ponencia discutida en sesiones conjuntas de las comisiones I constitucionales de C\u00e1mara de Representantes y Senado de la Rep\u00fablica es la siguiente:<\/span><\/p>\n<p><span style=\"text-decoration: underline; font-size: 14pt;\"><a href=\"https:\/\/jairolibreros.com\/wp-content\/uploads\/2022\/10\/Informe-de-Ponencia-PL-160.pdf\">Informe de Ponencia PL 160<\/a><\/span><\/p>\n<p><span style=\"font-size: 14pt;\">El video de YouTube (05.10.2022) de la sesi\u00f3n conjunta de las comisiones I de la C\u00e1mara de Representantes y del Senado de la Rep\u00fablica sobre la pr\u00f3rroga de la ley de orden p\u00fablico es el siguiente:<\/span><\/p>\n<p><iframe hcb-fetch-image-from=\"https:\/\/youtu.be\/T2G_BoYYFHo\" title=\"Comisiones Primeras Conjuntas - 05 de Octubre de 2022\" width=\"640\" height=\"360\" src=\"https:\/\/www.youtube.com\/embed\/T2G_BoYYFHo?feature=oembed\" frameborder=\"0\" allow=\"accelerometer; autoplay; clipboard-write; encrypted-media; gyroscope; picture-in-picture; web-share\" referrerpolicy=\"strict-origin-when-cross-origin\" allowfullscreen><\/iframe><\/p>\n<p><span style=\"font-size: 14pt;\">El video de YouTube (10.10.2022) de la sesi\u00f3n conjunta de las comisiones I de la C\u00e1mara de Representantes y del Senado de la Rep\u00fablica sobre la pr\u00f3rroga de la ley de orden p\u00fablico es el siguiente:<\/span><\/p>\n<p><iframe hcb-fetch-image-from=\"https:\/\/youtu.be\/9vM6tmVBRFw\" title=\"Comisiones Primeras Conjuntas - 10 de Octubre de 2022\" width=\"640\" height=\"360\" src=\"https:\/\/www.youtube.com\/embed\/9vM6tmVBRFw?feature=oembed\" frameborder=\"0\" allow=\"accelerometer; autoplay; clipboard-write; encrypted-media; gyroscope; picture-in-picture; web-share\" referrerpolicy=\"strict-origin-when-cross-origin\" allowfullscreen><\/iframe><\/p>\n<p><span style=\"font-size: 14pt;\">Texto aprobado por las comisiones primera del Senado de la Rep\u00fablica y la C\u00e1mara de Representantes:<\/span><\/p>\n<p><span style=\"font-size: 14pt;\"><a href=\"https:\/\/jairolibreros.com\/wp-content\/uploads\/2022\/10\/Texto-Aprobado-en-Comisiones-Conjuntas-PL-181-de-2022-Senado-160-de-2022-Ca\u0301mara-Jairo-Libreros.pdf\"><span style=\"text-decoration: underline;\">Texto Aprobado en Comisiones Conjuntas PL 181 de 2022 Senado &#8211; 160 de 2022 Ca\u0301mara, Jairo Libreros<\/span><\/a><\/span><\/p>\n<p><span style=\"font-size: 14pt;\">El video de YouTube (24.10.2022) de la sesi\u00f3n plenaria del Senado de la Rep\u00fablica sobre la pr\u00f3rroga de la ley de orden p\u00fablico es el siguiente:<\/span><\/p>\n<p><iframe hcb-fetch-image-from=\"https:\/\/youtu.be\/FfYtu7yPA68\" title=\"#PlenariaSenado - 24 de Octubre de 2022\" width=\"640\" height=\"360\" src=\"https:\/\/www.youtube.com\/embed\/FfYtu7yPA68?feature=oembed\" frameborder=\"0\" allow=\"accelerometer; autoplay; clipboard-write; encrypted-media; gyroscope; picture-in-picture; web-share\" referrerpolicy=\"strict-origin-when-cross-origin\" allowfullscreen><\/iframe><\/p>\n<p><span style=\"font-size: 14pt;\">El video de YouTube (25.10.2022) de la sesi\u00f3n (I) plenaria de la C\u00e1mara de Representantes sobre la pr\u00f3rroga de la ley de orden p\u00fablico es el siguiente:<\/span><\/p>\n<p><iframe hcb-fetch-image-from=\"https:\/\/youtu.be\/9dVqlCxNbZg\" title=\"Sesi\u00f3n Plenaria del d\u00eda Martes 25 de Octubre de 2022\" width=\"640\" height=\"360\" src=\"https:\/\/www.youtube.com\/embed\/9dVqlCxNbZg?feature=oembed\" frameborder=\"0\" allow=\"accelerometer; autoplay; clipboard-write; encrypted-media; gyroscope; picture-in-picture; web-share\" referrerpolicy=\"strict-origin-when-cross-origin\" allowfullscreen><\/iframe><\/p>\n<p><span style=\"font-size: 14pt;\">El video de YouTube (26.10.2022) de la sesi\u00f3n (II) plenaria de la C\u00e1mara de Representantes sobre la pr\u00f3rroga de la ley de orden p\u00fablico es el siguiente:<\/span><\/p>\n<p><iframe hcb-fetch-image-from=\"https:\/\/youtu.be\/je9uyMi2phI\" title=\"Plenaria C\u00e1mara de Representantes: Proyectos de Ley - 26\/10\/2022\" width=\"640\" height=\"360\" src=\"https:\/\/www.youtube.com\/embed\/je9uyMi2phI?feature=oembed\" frameborder=\"0\" allow=\"accelerometer; autoplay; clipboard-write; encrypted-media; gyroscope; picture-in-picture; web-share\" referrerpolicy=\"strict-origin-when-cross-origin\" allowfullscreen><\/iframe><\/p>\n<p><span style=\"font-size: 14pt;\">El Informe de Conciliaci\u00f3n (C\u00e1mara de Representantes) sobre el proyecto de ley Orden P\u00fablico -Paz Total- es el siguiente (01.11.2022):<\/span><\/p>\n<p><span style=\"font-size: 14pt;\"><a href=\"https:\/\/jairolibreros.com\/wp-content\/uploads\/2022\/10\/Informe-de-Conciliacio\u0301n-Ley-de-Orden-Pu\u0301blico-Paz-Total.-Jairo-Libreros-2022.pdf\"><span style=\"text-decoration: underline;\">Informe de Conciliacio\u0301n Ley de Orden Pu\u0301blico Paz Total. Jairo Libreros 2022<\/span>\u00a0<\/a><\/span><\/p>\n<p><span style=\"font-size: 14pt;\">El informe de conciliaci\u00f3n del texto Paz Total de la pr\u00f3rroga de la Ley de Orden P\u00fablico es el siguiente:<\/span><\/p>\n<p><span style=\"text-decoration: underline; font-size: 14pt;\"><a href=\"https:\/\/jairolibreros.com\/wp-content\/uploads\/2022\/10\/Texto-conciliado-en-Ca\u0301mara-y-Senado-Paz-Total.-Jairo-Libreros.pdf\">Texto conciliado en Ca\u0301mara y Senado, Paz Total. Jairo Libreros<\/a><\/span><\/p>\n<blockquote hcb-fetch-image-from=\"https:\/\/twitter.com\/JairoLibreros\/status\/1588134452018003970?s=20&amp;t=eMOCsSaR82iDQ3gs45dFIQ\" class=\"twitter-tweet\" data-width=\"550\" data-dnt=\"true\">\n<p lang=\"es\" dir=\"ltr\">Senado aprueba conciliaci\u00f3n de proyecto de \u2018Paz Total\u2019 <a href=\"https:\/\/t.co\/qc8Cz9hml6\">https:\/\/t.co\/qc8Cz9hml6<\/a><\/p>\n<p>&mdash; Jairo Libreros (@JairoLibreros) <a href=\"https:\/\/twitter.com\/JairoLibreros\/status\/1588134452018003970?ref_src=twsrc%5Etfw\">November 3, 2022<\/a><\/p><\/blockquote>\n<p><script async src=\"https:\/\/platform.twitter.com\/widgets.js\" charset=\"utf-8\"><\/script><\/p>\n<blockquote hcb-fetch-image-from=\"https:\/\/twitter.com\/JairoLibreros\/status\/1588141960249876481?s=20&amp;t=eMOCsSaR82iDQ3gs45dFIQ\" class=\"twitter-tweet\" data-width=\"550\" data-dnt=\"true\">\n<p lang=\"es\" dir=\"ltr\">Solo le falta el visto bueno de la C\u00e1mara para que pueda dirigirse a sanci\u00f3n presidencial y convertirse en ley de la Rep\u00fablica<br \/> <a href=\"https:\/\/t.co\/BisZV56K4p\">https:\/\/t.co\/BisZV56K4p<\/a><\/p>\n<p>&mdash; Jairo Libreros (@JairoLibreros) <a href=\"https:\/\/twitter.com\/JairoLibreros\/status\/1588141960249876481?ref_src=twsrc%5Etfw\">November 3, 2022<\/a><\/p><\/blockquote>\n<p><script async src=\"https:\/\/platform.twitter.com\/widgets.js\" charset=\"utf-8\"><\/script><\/p>\n<blockquote hcb-fetch-image-from=\"https:\/\/twitter.com\/JairoLibreros\/status\/1588339967050539010?s=20&amp;t=eMOCsSaR82iDQ3gs45dFIQ\" class=\"twitter-tweet\" data-width=\"550\" data-dnt=\"true\">\n<p lang=\"es\" dir=\"ltr\">Conozca el ABC del proyecto ley de Paz Total aprobado <a href=\"https:\/\/t.co\/lZyABxBJNK\">https:\/\/t.co\/lZyABxBJNK<\/a><\/p>\n<p>&mdash; Jairo Libreros (@JairoLibreros) <a href=\"https:\/\/twitter.com\/JairoLibreros\/status\/1588339967050539010?ref_src=twsrc%5Etfw\">November 4, 2022<\/a><\/p><\/blockquote>\n<p><script async src=\"https:\/\/platform.twitter.com\/widgets.js\" charset=\"utf-8\"><\/script><\/p>\n<p><span style=\"font-size: 14pt;\"><img fetchpriority=\"high\" decoding=\"async\" class=\"size-medium wp-image-1455 alignleft\" src=\"https:\/\/jairolibreros.com\/wp-content\/uploads\/2022\/10\/39A731C6-E2A7-4153-AFB9-2B41A7F1C329-300x225.jpeg\" alt=\"\" width=\"300\" height=\"225\" srcset=\"https:\/\/jairolibreros.com\/wp-content\/uploads\/2022\/10\/39A731C6-E2A7-4153-AFB9-2B41A7F1C329-300x225.jpeg 300w, https:\/\/jairolibreros.com\/wp-content\/uploads\/2022\/10\/39A731C6-E2A7-4153-AFB9-2B41A7F1C329-1024x766.jpeg 1024w, https:\/\/jairolibreros.com\/wp-content\/uploads\/2022\/10\/39A731C6-E2A7-4153-AFB9-2B41A7F1C329-768x575.jpeg 768w, https:\/\/jairolibreros.com\/wp-content\/uploads\/2022\/10\/39A731C6-E2A7-4153-AFB9-2B41A7F1C329.jpeg 1280w\" sizes=\"(max-width: 300px) 100vw, 300px\" \/><\/span><\/p>\n<p><span style=\"font-size: 14pt;\"><strong>El texto -PDF- de la Ley de Paz Total es el siguiente (04.11.2022):<\/strong><\/span><\/p>\n<p><span style=\"font-size: 14pt;\"><span style=\"text-decoration: underline;\"><a href=\"https:\/\/jairolibreros.com\/wp-content\/uploads\/2022\/10\/Ley-2272-de-2022.-Paz-Total.-Jairo-Libreros.pdf\">Ley 2272 de 2022. Paz Total. Jairo Libreros<\/a><\/span>\u00a0<\/span><\/p>\n<p>&nbsp;<\/p>\n<p>&nbsp;<\/p>\n<p><span style=\"font-size: 14pt;\">El texto -PDF- del Decreto (reglamenta la ley de Paz Total) que crea la Comisi\u00f3n lntersectorial para la Promoci\u00f3n de la Paz, la Reconciliaci\u00f3n y la Participaci\u00f3n Ciudadana<span class=\"Apple-converted-space\"> es el siguiente:<\/span><\/span><\/p>\n<p><a href=\"https:\/\/jairolibreros.com\/wp-content\/uploads\/2022\/10\/Decreto-2422-de-2022.-Comisio\u0301n-Intersectorial-Ley-Paz-Total.Jairo-Libreros.pdf\"><span style=\"text-decoration: underline;\"><span style=\"font-size: 14pt;\">Decreto 2422 de 2022. Comisio\u0301n Intersectorial Ley Paz Total.Jairo Libreros<\/span><\/span><\/a><\/p>\n","protected":false},"excerpt":{"rendered":"<p>Ley de Paz Total: proceso de pr\u00f3rroga de la Ley de Orden P\u00fablico Jairo Libreros, profesor titular de seguridad y defensa nacional de <\/p>\n","protected":false},"author":1,"featured_media":425,"comment_status":"open","ping_status":"open","sticky":false,"template":"","format":"standard","meta":{"om_disable_all_campaigns":false,"_monsterinsights_skip_tracking":false,"_monsterinsights_sitenote_active":false,"_monsterinsights_sitenote_note":"","_monsterinsights_sitenote_category":0,"footnotes":""},"categories":[1,96],"tags":[90,98,53,39],"aioseo_notices":[],"class_list":["post-1307","post","type-post","status-publish","format-standard","has-post-thumbnail","hentry","category-jairo-libreros","category-universidad-externado","tag-seguridad-y-defensa-nacional","tag-derechos-humanos","tag-politicas-publicas","tag-seguridad-ciudadana"],"_links":{"self":[{"href":"https:\/\/jairolibreros.com\/index.php?rest_route=\/wp\/v2\/posts\/1307"}],"collection":[{"href":"https:\/\/jairolibreros.com\/index.php?rest_route=\/wp\/v2\/posts"}],"about":[{"href":"https:\/\/jairolibreros.com\/index.php?rest_route=\/wp\/v2\/types\/post"}],"author":[{"embeddable":true,"href":"https:\/\/jairolibreros.com\/index.php?rest_route=\/wp\/v2\/users\/1"}],"replies":[{"embeddable":true,"href":"https:\/\/jairolibreros.com\/index.php?rest_route=%2Fwp%2Fv2%2Fcomments&post=1307"}],"version-history":[{"count":23,"href":"https:\/\/jairolibreros.com\/index.php?rest_route=\/wp\/v2\/posts\/1307\/revisions"}],"predecessor-version":[{"id":2011,"href":"https:\/\/jairolibreros.com\/index.php?rest_route=\/wp\/v2\/posts\/1307\/revisions\/2011"}],"wp:featuredmedia":[{"embeddable":true,"href":"https:\/\/jairolibreros.com\/index.php?rest_route=\/wp\/v2\/media\/425"}],"wp:attachment":[{"href":"https:\/\/jairolibreros.com\/index.php?rest_route=%2Fwp%2Fv2%2Fmedia&parent=1307"}],"wp:term":[{"taxonomy":"category","embeddable":true,"href":"https:\/\/jairolibreros.com\/index.php?rest_route=%2Fwp%2Fv2%2Fcategories&post=1307"},{"taxonomy":"post_tag","embeddable":true,"href":"https:\/\/jairolibreros.com\/index.php?rest_route=%2Fwp%2Fv2%2Ftags&post=1307"}],"curies":[{"name":"wp","href":"https:\/\/api.w.org\/{rel}","templated":true}]}}