{"id":1315,"date":"2022-10-10T17:44:03","date_gmt":"2022-10-10T17:44:03","guid":{"rendered":"https:\/\/jairolibreros.com\/?p=1315"},"modified":"2023-06-14T16:07:08","modified_gmt":"2023-06-14T16:07:08","slug":"acuerdo-para-la-materializacion-de-la-paz-territorial-gobierno-nacional-y-fedegan-compra-directa-de-tierras-para-la-construccion-de-la-reforma-rural-integral","status":"publish","type":"post","link":"https:\/\/jairolibreros.com\/?p=1315","title":{"rendered":"Acuerdo para la materializaci\u00f3n de la paz territorial -Gobierno Nacional y Fedeg\u00e1n-: compra directa de tierras para la construcci\u00f3n de la Reforma Rural Integral"},"content":{"rendered":"<p><span style=\"font-size: 14pt;\"><strong>Acuerdo para la materializaci\u00f3n de la paz territorial -Gobierno Nacional y Fedeg\u00e1n-: compra directa de tierras para la construcci\u00f3n de la Reforma Rural Integral<\/strong><\/span><\/p>\n<p><span style=\"font-size: 14pt;\"><strong>Jairo Libreros<\/strong>, profesor titular de la Universidad Externado de Colombia <em>10.10.2022.<\/em><\/span><\/p>\n<p class=\"p1\"><span style=\"font-size: 14pt;\">&#8220;<em>El Gobierno Nacional, a trav\u00e9s del Ministerio de Agricultura y Desarrollo Rural, del Ministerio del Interior y del Alto Comisionado para la Paz, de una parte, y de otra la Federaci\u00f3n Colombiana de Ganaderos, FEDEG\u00c1N, en virtud de los principios de di\u00e1logo y concertaci\u00f3n que el Gobierno Nacional ha consagrado para unir al pa\u00eds alrededor del objetivo com\u00fan de una Paz Total, que dignifique la vida de todos los colombianos, que facilite la convivencia en medio de las diferencias y que haga posible el desarrollo con equidad<\/em>&#8220;&#8230; Presidencia de la Rep\u00fablica<\/span><\/p>\n<p><span style=\"font-size: 14pt;\">El texto completo del Acuerdo es el siguiente:<\/span><\/p>\n<p><span style=\"font-size: 14pt;\"><a href=\"https:\/\/jairolibreros.com\/wp-content\/uploads\/2022\/10\/Acuerdo-Gobierno-Petro-y-Fedegan.pdf\"><span style=\"text-decoration: underline;\">Acuerdo Gobierno Petro y Fedegan<\/span>\u00a0<\/a><\/span><\/p>\n","protected":false},"excerpt":{"rendered":"<p>Acuerdo para la materializaci\u00f3n de la paz territorial -Gobierno Nacional y Fedeg\u00e1n-: compra directa de tierras para la construcci\u00f3n de la Reforma Rural <\/p>\n","protected":false},"author":1,"featured_media":425,"comment_status":"open","ping_status":"open","sticky":false,"template":"","format":"standard","meta":{"om_disable_all_campaigns":false,"_monsterinsights_skip_tracking":false,"_monsterinsights_sitenote_active":false,"_monsterinsights_sitenote_note":"","_monsterinsights_sitenote_category":0,"footnotes":""},"categories":[1],"tags":[54,53],"aioseo_notices":[],"class_list":["post-1315","post","type-post","status-publish","format-standard","has-post-thumbnail","hentry","category-jairo-libreros","tag-comunicacion-politica","tag-politicas-publicas"],"_links":{"self":[{"href":"https:\/\/jairolibreros.com\/index.php?rest_route=\/wp\/v2\/posts\/1315"}],"collection":[{"href":"https:\/\/jairolibreros.com\/index.php?rest_route=\/wp\/v2\/posts"}],"about":[{"href":"https:\/\/jairolibreros.com\/index.php?rest_route=\/wp\/v2\/types\/post"}],"author":[{"embeddable":true,"href":"https:\/\/jairolibreros.com\/index.php?rest_route=\/wp\/v2\/users\/1"}],"replies":[{"embeddable":true,"href":"https:\/\/jairolibreros.com\/index.php?rest_route=%2Fwp%2Fv2%2Fcomments&post=1315"}],"version-history":[{"count":5,"href":"https:\/\/jairolibreros.com\/index.php?rest_route=\/wp\/v2\/posts\/1315\/revisions"}],"predecessor-version":[{"id":2050,"href":"https:\/\/jairolibreros.com\/index.php?rest_route=\/wp\/v2\/posts\/1315\/revisions\/2050"}],"wp:featuredmedia":[{"embeddable":true,"href":"https:\/\/jairolibreros.com\/index.php?rest_route=\/wp\/v2\/media\/425"}],"wp:attachment":[{"href":"https:\/\/jairolibreros.com\/index.php?rest_route=%2Fwp%2Fv2%2Fmedia&parent=1315"}],"wp:term":[{"taxonomy":"category","embeddable":true,"href":"https:\/\/jairolibreros.com\/index.php?rest_route=%2Fwp%2Fv2%2Fcategories&post=1315"},{"taxonomy":"post_tag","embeddable":true,"href":"https:\/\/jairolibreros.com\/index.php?rest_route=%2Fwp%2Fv2%2Ftags&post=1315"}],"curies":[{"name":"wp","href":"https:\/\/api.w.org\/{rel}","templated":true}]}}