{"id":1328,"date":"2022-10-13T22:17:19","date_gmt":"2022-10-13T22:17:19","guid":{"rendered":"https:\/\/jairolibreros.com\/?p=1328"},"modified":"2025-09-06T22:37:10","modified_gmt":"2025-09-06T22:37:10","slug":"miedo-a-la-inteligencia","status":"publish","type":"post","link":"https:\/\/jairolibreros.com\/?p=1328","title":{"rendered":"Miedo a la inteligencia"},"content":{"rendered":"<p><span style=\"font-size: 14pt;\"><strong>Miedo a la inteligencia<\/strong><\/span><\/p>\n<p><span style=\"font-size: 14pt;\"><a href=\"https:\/\/twitter.com\/hashtag\/EntreBastidores?src=hashtag_click\">#EntreBastidores<\/a>\u00a0con\u00a0<strong>Jairo Libreros<\/strong>, analista permanente de Noticias RCN (11.10.2022)<\/span><\/p>\n<p class=\"p1\" style=\"text-align: center;\"><span style=\"font-size: 14pt;\"><strong>La inteligencia de Estado provoca innumerables temores en algunos sectores pol\u00edticos, especialmente en la izquierda democr\u00e1tica. Pero que el Gobierno Nacional la proscriba en el Congreso como un mecanismo de informaci\u00f3n, acompa\u00f1amiento y control es un desprop\u00f3sito injustificable<\/strong><\/span><\/p>\n<blockquote hcb-fetch-image-from=\"https:\/\/twitter.com\/jairolibreros\/status\/1580679535947022337?s=46&amp;t=mB69d46jPN2ogaUzoFgGqw\" class=\"twitter-tweet\" data-width=\"550\" data-dnt=\"true\">\n<p lang=\"es\" dir=\"ltr\">\u201cEl miedo del Gobierno Nacional a la Inteligencia de Estado es abrumador\u201d, <a href=\"https:\/\/twitter.com\/hashtag\/EntreBastidores?src=hash&amp;ref_src=twsrc%5Etfw\">#EntreBastidores<\/a> con <a href=\"https:\/\/twitter.com\/JairoLibreros?ref_src=twsrc%5Etfw\">@JairoLibreros<\/a> <a href=\"https:\/\/t.co\/vpyomW9teM\">https:\/\/t.co\/vpyomW9teM<\/a> <a href=\"https:\/\/t.co\/deBKUhoL3D\">pic.twitter.com\/deBKUhoL3D<\/a><\/p>\n<p>&mdash; Jairo Libreros (@JairoLibreros) <a href=\"https:\/\/twitter.com\/JairoLibreros\/status\/1580679535947022337?ref_src=twsrc%5Etfw\">October 13, 2022<\/a><\/p><\/blockquote>\n<p><script async src=\"https:\/\/platform.twitter.com\/widgets.js\" charset=\"utf-8\"><\/script><\/p>\n<p class=\"p1\"><span style=\"font-size: 14pt;\">Ayer en el Congreso de la Rep\u00fablica se aprob\u00f3 en primer debate -sesiones conjuntas de la C\u00e1mara y del Senado- el proyecto de ley que prorroga la denominada <span style=\"text-decoration: underline;\"><a href=\"https:\/\/jairolibreros.com\/?p=1307\"><span class=\"s1\">Ley de Orden P\u00fablico<\/span><\/a><\/span>, norma que desde 1997 reglamenta los asuntos relacionados con el fortalecimiento del Estado para la preservaci\u00f3n del orden p\u00fablico, la gesti\u00f3n de la seguridad y defensa nacional, la negociaci\u00f3n de procesos de paz y de sometimiento a la justicia, entre otras asignaturas.<\/span><\/p>\n<p class=\"p1\"><span style=\"font-size: 14pt;\">En medio de los debates que se presentaron por cuenta del articulado a ser aprobado, surgi\u00f3 una proposici\u00f3n aditiva que fue le\u00edda, votada y negada en tan solo cinco minutos. El representante conservador Felipe Jim\u00e9nez, con el respaldo de otros congresistas, plante\u00f3 palabras m\u00e1s palabras menos lo siguiente: el Gobierno Nacional presentar\u00e1 a la Comisi\u00f3n de Inteligencia y Contrainteligencia del Congreso un informe semestral sobre los avances de las negociaciones de paz.<\/span><\/p>\n<p><span style=\"font-size: 14pt;\"><img fetchpriority=\"high\" decoding=\"async\" class=\"wp-image-1330 alignleft\" src=\"https:\/\/jairolibreros.com\/wp-content\/uploads\/2022\/10\/9A1F0A59-7C9B-44EF-94E2-4CC1A152D065-242x300.jpeg\" alt=\"\" width=\"444\" height=\"550\" srcset=\"https:\/\/jairolibreros.com\/wp-content\/uploads\/2022\/10\/9A1F0A59-7C9B-44EF-94E2-4CC1A152D065-242x300.jpeg 242w, https:\/\/jairolibreros.com\/wp-content\/uploads\/2022\/10\/9A1F0A59-7C9B-44EF-94E2-4CC1A152D065-826x1024.jpeg 826w, https:\/\/jairolibreros.com\/wp-content\/uploads\/2022\/10\/9A1F0A59-7C9B-44EF-94E2-4CC1A152D065-768x953.jpeg 768w, https:\/\/jairolibreros.com\/wp-content\/uploads\/2022\/10\/9A1F0A59-7C9B-44EF-94E2-4CC1A152D065-1238x1536.jpeg 1238w, https:\/\/jairolibreros.com\/wp-content\/uploads\/2022\/10\/9A1F0A59-7C9B-44EF-94E2-4CC1A152D065.jpeg 1290w\" sizes=\"(max-width: 444px) 100vw, 444px\" \/><\/span><\/p>\n<p class=\"p1\"><span style=\"font-size: 14pt;\">\u201c<i>Proposici\u00f3n no avalada se vota no<\/i>\u201d, es la frase -por fuera del Reglamento del Congreso- que pronunciaron los coordinadores ponentes del proyecto para enviar un mensaje de inviabilidad, que a la postre hunde la proposici\u00f3n que no es del inter\u00e9s o del agrado del Gobierno Nacional.<\/span><\/p>\n<p class=\"p1\"><span style=\"font-size: 14pt;\">Surge entonces un interrogante, \u00bfcu\u00e1l es el temor del Gobierno Nacional y de un sector de su bancada legislativa, que los lleva a negar la rendici\u00f3n de cuentas ante la Comisi\u00f3n de Inteligencia y Contrainteligencia del Congreso? La respuesta es compleja. Es un coctel compuesto por la desconfianza frente a algunos congresistas y el miedo generalizado a todo lo que se denomine Inteligencia de Estado.<\/span><\/p>\n<p class=\"p1\"><span style=\"font-size: 14pt;\">Legislar para buscar una salida consensuada al conflicto armado o con el crimen organizado no es una tarea menor. El presupuesto normativo en el dise\u00f1o institucional para sentarse a la mesa con esas agrupaciones delictivas es de filigrana. Y sobran motivos para entender un alto nivel de desconfianza alrededor de esos actores violentos, que se traducir\u00eda en un articulado redactado para lograr acuerdos y al mismo tiempo contener un eventual fracaso en las negociaciones.<\/span><\/p>\n<p class=\"p1\"><span style=\"font-size: 14pt;\">Pero llevar esa desconfianza al Congreso por cuenta de la distancia ideol\u00f3gica que separa al Gobierno Nacional de algunos integrantes de los partidos pol\u00edticos de oposici\u00f3n, independientes y de gobierno -el congresista Jim\u00e9nez es del partido Conservador, que es un partido de gobierno-, es un desprop\u00f3sito. Un doble est\u00e1ndar discriminatorio que produce fatiga pol\u00edtica y desgasta \u00fanica y exclusivamente a la Casa de Nari\u00f1o.<\/span><\/p>\n<p class=\"p1\"><span style=\"font-size: 14pt;\">Si esa desconfianza es inexcusable, el miedo a la Inteligencia de Estado no tiene raz\u00f3n de ser. El arma o la especialidad que m\u00e1s bajas sufri\u00f3 en el remez\u00f3n de la Fuerza P\u00fablica por el relevo presidencial corri\u00f3 por cuenta de la salida de generales y coroneles de inteligencia. Todos los servicios y agencias de inteligencia -civiles y militares- est\u00e1n en manos del Gobierno Nacional. Y la Comisi\u00f3n de Inteligencia y Contrainteligencia del Congreso est\u00e1 presidida por la senadora del Pacto Hist\u00f3rico Jael Quiroga.<\/span><\/p>\n<p class=\"p1\"><span style=\"font-size: 14pt;\">El miedo del Gobierno Nacional a la Inteligencia de Estado es abrumador. Y m\u00e1s temprano que tarde se paralizar\u00e1 en la gesti\u00f3n p\u00fablica de la paz total o de la seguridad humana. Una Casa de Nari\u00f1o sin las herramientas de la prospectiva es incapaz de dibujar escenarios de futuro. Es una renuncia expresa a la inteligencia estrat\u00e9gica, y por ello, ser\u00e1 incapaz de anticiparse a los acontecimientos para convertir las incertidumbres y los riesgos en oportunidades pol\u00edticas.<\/span><\/p>\n<p class=\"p1\"><span style=\"font-size: 14pt;\">En conclusi\u00f3n, el coctel es una torpeza pol\u00edtica monumental, porque el sectarismo se esconde en la frase \u201c<i>Proposici\u00f3n no avalada se vota no<\/i>\u201d, que limitar\u00e1 la gesti\u00f3n de la Inteligencia de Estado, afectar\u00e1 los acuerdos de convivencia partidista y deslegitimar\u00e1 la esencia del control pol\u00edtico, propia de todos los congresos de las democracias constitucionales, especialmente de aquellos como el colombiano que cuentan con comisiones de inteligencia y contrainteligencia.<\/span><\/p>\n<p style=\"text-align: left;\"><span style=\"font-size: 14pt;\"><a class=\"qi72231t nu7423ey n3hqoq4p r86q59rh b3qcqh3k fq87ekyn bdao358l fsf7x5fv rse6dlih s5oniofx m8h3af8h l7ghb35v kjdc1dyq kmwttqpk srn514ro oxkhqvkx rl78xhln nch0832m cr00lzj9 rn8ck1ys s3jn8y49 icdlwmnq _aa9_ _a6hd\" tabindex=\"0\" role=\"link\" href=\"https:\/\/www.instagram.com\/explore\/tags\/entrebastidores\/\">#EntreBastidores<\/a> con\u00a0<strong>Jairo Libreros<\/strong><\/span><\/p>\n<p style=\"text-align: right;\"><span style=\"font-size: 14pt;\"><img decoding=\"async\" class=\"alignright size-medium wp-image-1357\" src=\"https:\/\/jairolibreros.com\/wp-content\/uploads\/2022\/10\/F4931E5B-C4CA-45F8-892D-EC3601DE0723_1_105_c-300x169.jpeg\" alt=\"\" width=\"300\" height=\"169\" srcset=\"https:\/\/jairolibreros.com\/wp-content\/uploads\/2022\/10\/F4931E5B-C4CA-45F8-892D-EC3601DE0723_1_105_c-300x169.jpeg 300w, https:\/\/jairolibreros.com\/wp-content\/uploads\/2022\/10\/F4931E5B-C4CA-45F8-892D-EC3601DE0723_1_105_c-1024x576.jpeg 1024w, https:\/\/jairolibreros.com\/wp-content\/uploads\/2022\/10\/F4931E5B-C4CA-45F8-892D-EC3601DE0723_1_105_c-768x432.jpeg 768w, https:\/\/jairolibreros.com\/wp-content\/uploads\/2022\/10\/F4931E5B-C4CA-45F8-892D-EC3601DE0723_1_105_c.jpeg 1182w\" sizes=\"(max-width: 300px) 100vw, 300px\" \/><\/span><\/p>\n<p class=\"p1\" style=\"text-align: right;\"><span style=\"font-size: 14pt;\"><strong><span class=\"s1\">Jairo Libreros<\/span><\/strong><span class=\"s2\">\u00a0\u00a0es editor y analista pol\u00edtico de Noticias RCN y NTN24.\u00a0<\/span><span class=\"s1\">Entre Bastidores\u00a0<\/span><span class=\"s2\">\u00a0es su espacio de an\u00e1lisis sobre pol\u00edtica internacional, seguridad y defensa nacional que se publica todos los martes y viernes.\u00a0Libreros es abogado, experto en pol\u00edticas p\u00fablicas y profesor titular de seguridad y defensa nacional de la Escuela de Gobierno y de la Escuela de Relaciones Internacionales de la Universidad Externado de Colombia.<\/span><\/span><\/p>\n<p class=\"p1\" style=\"text-align: right;\"><span style=\"text-decoration: underline; font-size: 14pt;\"><a href=\"https:\/\/www.noticiasrcn.com\/opinion\/por-que-el-gobierno-tiene-miedo-a-inteligencia-de-ffm-431486\">https:\/\/www.noticiasrcn.com\/opinion\/por-que-el-gobierno-tiene-miedo-a-inteligencia-de-ffm-431486<\/a><\/span><\/p>\n","protected":false},"excerpt":{"rendered":"<p>Miedo a la inteligencia #EntreBastidores\u00a0con\u00a0Jairo Libreros, analista permanente de Noticias RCN (11.10.2022) La inteligencia de Estado provoca innumerables temores en algunos sectores pol\u00edticos, <\/p>\n","protected":false},"author":1,"featured_media":1357,"comment_status":"open","ping_status":"open","sticky":false,"template":"","format":"standard","meta":{"om_disable_all_campaigns":false,"_monsterinsights_skip_tracking":false,"_monsterinsights_sitenote_active":false,"_monsterinsights_sitenote_note":"","_monsterinsights_sitenote_category":0,"footnotes":""},"categories":[1],"tags":[90,97],"aioseo_notices":[],"class_list":["post-1328","post","type-post","status-publish","format-standard","has-post-thumbnail","hentry","category-jairo-libreros","tag-seguridad-y-defensa-nacional","tag-inteligencia-estrategica"],"_links":{"self":[{"href":"https:\/\/jairolibreros.com\/index.php?rest_route=\/wp\/v2\/posts\/1328"}],"collection":[{"href":"https:\/\/jairolibreros.com\/index.php?rest_route=\/wp\/v2\/posts"}],"about":[{"href":"https:\/\/jairolibreros.com\/index.php?rest_route=\/wp\/v2\/types\/post"}],"author":[{"embeddable":true,"href":"https:\/\/jairolibreros.com\/index.php?rest_route=\/wp\/v2\/users\/1"}],"replies":[{"embeddable":true,"href":"https:\/\/jairolibreros.com\/index.php?rest_route=%2Fwp%2Fv2%2Fcomments&post=1328"}],"version-history":[{"count":12,"href":"https:\/\/jairolibreros.com\/index.php?rest_route=\/wp\/v2\/posts\/1328\/revisions"}],"predecessor-version":[{"id":2014,"href":"https:\/\/jairolibreros.com\/index.php?rest_route=\/wp\/v2\/posts\/1328\/revisions\/2014"}],"wp:featuredmedia":[{"embeddable":true,"href":"https:\/\/jairolibreros.com\/index.php?rest_route=\/wp\/v2\/media\/1357"}],"wp:attachment":[{"href":"https:\/\/jairolibreros.com\/index.php?rest_route=%2Fwp%2Fv2%2Fmedia&parent=1328"}],"wp:term":[{"taxonomy":"category","embeddable":true,"href":"https:\/\/jairolibreros.com\/index.php?rest_route=%2Fwp%2Fv2%2Fcategories&post=1328"},{"taxonomy":"post_tag","embeddable":true,"href":"https:\/\/jairolibreros.com\/index.php?rest_route=%2Fwp%2Fv2%2Ftags&post=1328"}],"curies":[{"name":"wp","href":"https:\/\/api.w.org\/{rel}","templated":true}]}}