{"id":1335,"date":"2022-10-12T00:50:08","date_gmt":"2022-10-12T00:50:08","guid":{"rendered":"https:\/\/jairolibreros.com\/?p=1335"},"modified":"2023-06-14T16:04:03","modified_gmt":"2023-06-14T16:04:03","slug":"reforma-politica","status":"publish","type":"post","link":"https:\/\/jairolibreros.com\/?p=1335","title":{"rendered":"Reforma Pol\u00edtica: tr\u00e1mite, discusi\u00f3n y debate en 2022"},"content":{"rendered":"<p><span style=\"font-size: 14pt;\"><strong>Reforma Pol\u00edtica: tr\u00e1mite, discusi\u00f3n y debate en 2022<\/strong><\/span><\/p>\n<p><span style=\"font-size: 14pt;\"><strong>Jairo Libreros<\/strong>, profesor titular de la Universidad Externado de Colombia<\/span><\/p>\n<p><span style=\"font-size: 14pt;\">El Gobierno Nacional radic\u00f3 el texto de Proyecto de Acto Legislativo &#8220;Reforma Pol\u00edtica&#8221; que busca modificar los art\u00edculos 40, 107,108, 109,172, 177, 181 y 262 de la Constituci\u00f3n Pol\u00edtica. Los temas centrales de la reforma pol\u00edtica son los siguientes: limitaci\u00f3n de los derechos pol\u00edticos, la edad para ser senador y representante, el cambio de partido o movimiento pol\u00edtico, financiaci\u00f3n de las campa\u00f1as pol\u00edticas, paridad en las listas de candidatos .<\/span><\/p>\n<p><span style=\"font-size: 14pt;\">El texto presentado por el Gobierno Nacional -exposici\u00f3n de motivos y legislaci\u00f3n- es el siguiente:<\/span><\/p>\n<p><span style=\"text-decoration: underline; font-size: 14pt;\"><a href=\"https:\/\/jairolibreros.com\/wp-content\/uploads\/2022\/10\/PAL.-Reforma-Poli\u0301tica-13.09.2022.-Jairo-Libreros.pdf\">PAL. Reforma Poli\u0301tica 13.09.2022. Jairo Libreros<\/a><\/span><\/p>\n<p><span style=\"font-size: 14pt;\">La ponencia discutida en sesi\u00f3n de la Comisi\u00f3n I del Senado de la Rep\u00fablica es la siguiente:<\/span><\/p>\n<p><span style=\"text-decoration: underline; font-size: 14pt;\"><a href=\"https:\/\/jairolibreros.com\/wp-content\/uploads\/2022\/10\/Informe-de-ponencia-para-primer-debate-de-la-reforma-poli\u0301tica-14.09.2022.-Jairo-Libreros.pdf\">Informe de ponencia para primer debate de la reforma poli\u0301tica 14.09.2022. Jairo Libreros<\/a><\/span><\/p>\n<p><span style=\"font-size: 14pt;\">La ponencia discutida en la plenaria del Senado de la Rep\u00fablica es la siguiente:<\/span><\/p>\n<p><span style=\"text-decoration: underline; font-size: 14pt;\"><a href=\"https:\/\/jairolibreros.com\/wp-content\/uploads\/2022\/10\/Informe-de-ponencia-sobre-la-Reforma-Poli\u0301tica-para-segundo-debate-28.09.2022.-Jairo-Libreros.pdf\">Informe de ponencia sobre la Reforma Poli\u0301tica para segundo debate 28.09.2022. Jairo Libreros<\/a><\/span><\/p>\n<p class=\"p1\"><span style=\"font-size: 14pt;\">El video de YouTube (11.10.2022) de la sesi\u00f3n plenaria del Senado de la Rep\u00fablica sobre la reforma pol\u00edtica es el siguiente:<\/span><\/p>\n<p><iframe hcb-fetch-image-from=\"https:\/\/youtu.be\/3KkNEE2FkJI\" title=\"#PlenariaSenado - 11 de Octubre de 2022\" width=\"640\" height=\"360\" src=\"https:\/\/www.youtube.com\/embed\/3KkNEE2FkJI?feature=oembed\" frameborder=\"0\" allow=\"accelerometer; autoplay; clipboard-write; encrypted-media; gyroscope; picture-in-picture; web-share\" referrerpolicy=\"strict-origin-when-cross-origin\" allowfullscreen><\/iframe><\/p>\n<p><span style=\"font-size: 14pt;\">El comunicado del mininterior Alfonso Prada sobre la sesi\u00f3n plenaria del Senado de la Rep\u00fablica es el siguiente:<\/span><\/p>\n<p><span style=\"text-decoration: underline; font-size: 14pt;\"><a href=\"https:\/\/jairolibreros.com\/wp-content\/uploads\/2022\/10\/Declaracio\u0301n-del-mininterior-Alfonso-Prada-sobre-el-segundo-debate-de-la-Reforma-Poli\u0301tica-en-la-plenaria-de-Senado-en-el-Congreso-de-la-Repu\u0301blica-Jairo-Libreros.pdf\">Declaracio\u0301n del mininterior Alfonso Prada sobre el segundo debate de la Reforma Poli\u0301tica en la plenaria de Senado en el Congreso de la Repu\u0301blica, Jairo Libreros<\/a><\/span><\/p>\n<p><span style=\"font-size: 14pt;\">Texto aprobado en la sesi\u00f3n plenaria del Senado de la Rep\u00fablica:<\/span><\/p>\n<p><span style=\"font-size: 14pt;\"><a href=\"https:\/\/jairolibreros.com\/wp-content\/uploads\/2022\/10\/Reforma-Poli\u0301tica-luego-de-la-plenaria-del-Senado-11.10.22.-Jairo-Libreros.docx\"><span style=\"text-decoration: underline;\">Reforma Poli\u0301tica luego de la plenaria del Senado 11.10.22. Jairo Libreros<\/span>\u00a0<\/a><\/span><\/p>\n<p><span style=\"font-size: 14pt;\">El texto de la ponencia de la reforma pol\u00edtica a ser discutido en tercer debate en la C\u00e1mara de Representantes es el siguiente (21.11.2022):<\/span><\/p>\n<p><span style=\"font-size: 14pt;\"><a href=\"https:\/\/jairolibreros.com\/wp-content\/uploads\/2022\/10\/Informe-de-ponencia.-Reforma-Poli\u0301tica.-Debate-Ca\u0301mara-de-Representantes.-16.11.2022.-Jairo-Libreros.pdf\"><span style=\"text-decoration: underline;\">Informe de ponencia. Reforma Poli\u0301tica. Debate Ca\u0301mara de Representantes. 16.11.2022. Jairo Libreros<\/span>\u00a0<\/a><\/span><\/p>\n<p class=\"p1\"><span style=\"font-size: 14pt;\">El video de YouTube (23.11.2022) de la sesi\u00f3n de la Comisi\u00f3n I de la C\u00e1mara de Representantes -tercer debate de la Reforma Pol\u00edtica-:<\/span><\/p>\n<p><iframe hcb-fetch-image-from=\"https:\/\/youtu.be\/kQ1U1YNPTLE\" title=\"Acta 30, Sesi\u00f3n de Comisi\u00f3n de Noviembre 23 de 2022.\" width=\"640\" height=\"360\" src=\"https:\/\/www.youtube.com\/embed\/kQ1U1YNPTLE?feature=oembed\" frameborder=\"0\" allow=\"accelerometer; autoplay; clipboard-write; encrypted-media; gyroscope; picture-in-picture; web-share\" referrerpolicy=\"strict-origin-when-cross-origin\" allowfullscreen><\/iframe><\/p>\n<p>&nbsp;<\/p>\n","protected":false},"excerpt":{"rendered":"<p>Reforma Pol\u00edtica: tr\u00e1mite, discusi\u00f3n y debate en 2022 Jairo Libreros, profesor titular de la Universidad Externado de Colombia El Gobierno Nacional radic\u00f3 el <\/p>\n","protected":false},"author":1,"featured_media":425,"comment_status":"open","ping_status":"open","sticky":false,"template":"","format":"standard","meta":{"om_disable_all_campaigns":false,"_monsterinsights_skip_tracking":false,"_monsterinsights_sitenote_active":false,"_monsterinsights_sitenote_note":"","_monsterinsights_sitenote_category":0,"footnotes":""},"categories":[1],"tags":[44],"aioseo_notices":[],"class_list":["post-1335","post","type-post","status-publish","format-standard","has-post-thumbnail","hentry","category-jairo-libreros","tag-elecciones"],"_links":{"self":[{"href":"https:\/\/jairolibreros.com\/index.php?rest_route=\/wp\/v2\/posts\/1335"}],"collection":[{"href":"https:\/\/jairolibreros.com\/index.php?rest_route=\/wp\/v2\/posts"}],"about":[{"href":"https:\/\/jairolibreros.com\/index.php?rest_route=\/wp\/v2\/types\/post"}],"author":[{"embeddable":true,"href":"https:\/\/jairolibreros.com\/index.php?rest_route=\/wp\/v2\/users\/1"}],"replies":[{"embeddable":true,"href":"https:\/\/jairolibreros.com\/index.php?rest_route=%2Fwp%2Fv2%2Fcomments&post=1335"}],"version-history":[{"count":14,"href":"https:\/\/jairolibreros.com\/index.php?rest_route=\/wp\/v2\/posts\/1335\/revisions"}],"predecessor-version":[{"id":2048,"href":"https:\/\/jairolibreros.com\/index.php?rest_route=\/wp\/v2\/posts\/1335\/revisions\/2048"}],"wp:featuredmedia":[{"embeddable":true,"href":"https:\/\/jairolibreros.com\/index.php?rest_route=\/wp\/v2\/media\/425"}],"wp:attachment":[{"href":"https:\/\/jairolibreros.com\/index.php?rest_route=%2Fwp%2Fv2%2Fmedia&parent=1335"}],"wp:term":[{"taxonomy":"category","embeddable":true,"href":"https:\/\/jairolibreros.com\/index.php?rest_route=%2Fwp%2Fv2%2Fcategories&post=1335"},{"taxonomy":"post_tag","embeddable":true,"href":"https:\/\/jairolibreros.com\/index.php?rest_route=%2Fwp%2Fv2%2Ftags&post=1335"}],"curies":[{"name":"wp","href":"https:\/\/api.w.org\/{rel}","templated":true}]}}