{"id":1354,"date":"2022-10-13T21:52:24","date_gmt":"2022-10-13T21:52:24","guid":{"rendered":"https:\/\/jairolibreros.com\/?p=1354"},"modified":"2023-06-14T16:02:31","modified_gmt":"2023-06-14T16:02:31","slug":"los-argumentos-con-los-que-defienden-la-idea-de-no-hacer-obligatorio-el-voto-en-colombia","status":"publish","type":"post","link":"https:\/\/jairolibreros.com\/?p=1354","title":{"rendered":"Los argumentos con los que defienden la idea de no hacer obligatorio el voto en Colombia"},"content":{"rendered":"<p class=\"p1\"><span style=\"font-size: 14pt;\"><strong>Los argumentos con los que defienden la idea de no hacer obligatorio el voto en Colombia<\/strong><\/span><\/p>\n<p><span style=\"font-size: 14pt;\"><strong>Jairo Libreros<\/strong>, analista permanente de Noticias RCN<\/span><\/p>\n<p class=\"p1\"><span style=\"font-size: 14pt;\">Este martes se cay\u00f3 el art\u00edculo de la reforma pol\u00edtica que ten\u00eda como objetivo lograr el voto obligatorio en el pa\u00eds. \u00bfPor qu\u00e9?<\/span><\/p>\n<blockquote hcb-fetch-image-from=\"https:\/\/twitter.com\/JairoLibreros\/status\/1580341439900581888?s=20&amp;t=BhPT1vRJhzS703HdVpy1UA\" class=\"twitter-tweet\" data-width=\"550\" data-dnt=\"true\">\n<p lang=\"es\" dir=\"ltr\">Este martes se cay\u00f3 el art\u00edculo de la reforma pol\u00edtica que ten\u00eda como objetivo lograr el voto obligatorio en el pa\u00eds. \u00bfPor qu\u00e9? <a href=\"https:\/\/t.co\/4YAdcPmkRW\">https:\/\/t.co\/4YAdcPmkRW<\/a><\/p>\n<p>&mdash; Jairo Libreros (@JairoLibreros) <a href=\"https:\/\/twitter.com\/JairoLibreros\/status\/1580341439900581888?ref_src=twsrc%5Etfw\">October 12, 2022<\/a><\/p><\/blockquote>\n<p><script async src=\"https:\/\/platform.twitter.com\/widgets.js\" charset=\"utf-8\"><\/script><\/p>\n<p class=\"p1\"><span style=\"font-size: 14pt;\">Este martes 11 de octubre tuvo lugar la discusi\u00f3n de la reforma pol\u00edtica en el\u00a0<a href=\"https:\/\/www.noticiasrcn.com\/temas\/congreso-de-la-republica\"><span class=\"s1\">Senado de la Rep\u00fablica\u00a0<\/span><\/a>y durante la plenaria los congresistas aprobaron eliminar el art\u00edculo que pretend\u00eda dejar el voto obligatorio en Colombia durante dos periodos consecutivos.<\/span><\/p>\n<p class=\"p1\"><span style=\"font-size: 14pt;\"><b>Con dicho art\u00edculo se ten\u00eda como objetivo principal promover la cultura pol\u00edtica<\/b>\u00a0en el pa\u00eds durante los dos periodos. Sin embargo, se consider\u00f3 que la propuesta no era conveniente para Colombia en medio de esta reforma pol\u00edtica.<\/span><\/p>\n<p class=\"p4\"><span style=\"font-size: 14pt;\"><b>An\u00e1lisis del voto no obligatorio<\/b><\/span><\/p>\n<p class=\"p1\"><span style=\"font-size: 14pt;\">De esta manera, muchos colombianos se preguntan por qu\u00e9 los congresistas no han estado de acuerdo con que el voto sea obligatorio en el pa\u00eds, si as\u00ed se tendr\u00eda la participaci\u00f3n completa de los ciudadanos en las diferentes elecciones presidenciales y legislativas.<\/span><\/p>\n<p class=\"p1\"><span style=\"font-size: 14pt;\"><b>Seg\u00fan Jairo Libreros, analista pol\u00edtico de Noticias RCN<\/b>\u00a0<b>existen tres elementos centrales que permiten\u00a0<\/b>no solamente hacer un debate profundo en t\u00e9rminos de ciencia pol\u00edtica y de derecho constitucional, sobre la viabilidad o no del voto obligatorio. La gran mayor\u00eda de congresistas en el caso colombiano, pero tambi\u00e9n en congresos de diferentes pa\u00edses en Am\u00e9rica Latina del mundo,\u00a0<b>consideran que el voto obligatorio no es una buena iniciativa.<\/b><\/span><\/p>\n<p class=\"p4\"><span style=\"font-size: 14pt;\"><b>Libre voluntad<\/b><\/span><\/p>\n<p class=\"p1\"><span style=\"font-size: 14pt;\">En primer lugar, no es una buena idea porque termina siendo una restricci\u00f3n a la voluntad de los ciudadanos. Al obligarlos a votar\u00a0<b>muchos consideran que esta situaci\u00f3n termina siendo un acto que entorpece<\/b>\u00a0la libre voluntad que tienen los ciudadanos de acudir a las urnas. Es una limitaci\u00f3n al libre desarrollo de la personalidad y este tipo de temas obligatorios no reflejan realmente lo que est\u00e1 sintiendo un ciudadano frente a los procesos electorales.<\/span><\/p>\n<p class=\"p4\"><span style=\"font-size: 14pt;\"><b>El silencio tambi\u00e9n es expresi\u00f3n<\/b><\/span><\/p>\n<p class=\"p1\"><span style=\"font-size: 14pt;\">El segundo elemento, que tambi\u00e9n fue muy discutido en el Congreso de la Rep\u00fablica. Est\u00e1 relacionado con que el silencio, en t\u00e9rminos electorales como en muchos temas de ciencia pol\u00edtica, tambi\u00e9n es una forma de expresi\u00f3n y si yo obligo a la gente estoy limitando su libertad de expresi\u00f3n y de manifestaci\u00f3n p\u00fablica en relaci\u00f3n con sus preferencias electorales.<\/span><\/p>\n<p class=\"p1\"><span style=\"font-size: 14pt;\"><b>El silencio en muchas elecciones,<\/b>\u00a0en el caso colombiano, pero tambi\u00e9n en otros pa\u00edses del mundo, tambi\u00e9n tiene un valor pol\u00edtico porque logra denotar cu\u00e1l es el apoyo que sienten sectores importantes de la sociedad o los ciudadanos en t\u00e9rminos generales frente a su sistema democr\u00e1tico m\u00e1s a\u00fan en Am\u00e9rica Latina con lo que hemos vivido en los \u00faltimos 10 a\u00f1os.<\/span><\/p>\n<p class=\"p4\"><span style=\"font-size: 14pt;\"><b>No crea cultura pol\u00edtica<\/b><\/span><\/p>\n<p class=\"p1\"><span style=\"font-size: 14pt;\">Finalmente, el analista pol\u00edtico asegur\u00f3 que el tercer y \u00faltimo elemento es muy interesante respecto a los argumentos de los congresistas es que siempre se ha dicho que el voto obligatorio termina por generar mejores condiciones para la creaci\u00f3n o el fortalecimiento\u00a0<b>de la cultura pol\u00edtica, que es un elemento que va a permitir a los ciudadanos\u00a0<\/b>estar mucho m\u00e1s informados sobre las iniciativas de pol\u00edtica p\u00fablica las propuestas de los candidatos, el rendimiento de los mandatarios cuando ocupan el poder bien sea en el ejecutivo o en entidades territoriales, pero se ha demostrado en Am\u00e9rica Latina, en un ejemplo muy cercano que es el chileno, como el voto obligatorio no cre\u00f3 cultura pol\u00edtica y tan pronto se desmonta el voto obligatorio volvemos a guarismos muy parecidos a los que ten\u00edamos antes en algunos casos con mejor votaci\u00f3n, en otros con peor votaci\u00f3n.<\/span><\/p>\n<p class=\"p1\"><span style=\"font-size: 14pt;\"><b>La obligatoriedad no crea pol\u00edtica, no crea cultura pol\u00edtica<\/b>, esos son los tres elementos que sustentan por lo menos en la discusi\u00f3n del tramo de la reforma pol\u00edtica en la Comisi\u00f3n Primera el Senado y ayer en la plenaria del Senado por qu\u00e9 no pas\u00f3, pero hace parte del debate intelectual.<\/span><\/p>\n<blockquote hcb-fetch-image-from=\"https:\/\/twitter.com\/JairoLibreros\/status\/1580677627299651587?s=20&amp;t=I2SDQoxKX8mqtgtDPfjymA\" class=\"twitter-tweet\" data-width=\"550\" data-dnt=\"true\">\n<p lang=\"es\" dir=\"ltr\">Reforma Pol\u00edtica <a href=\"https:\/\/t.co\/RVpt0Lv4Lg\">https:\/\/t.co\/RVpt0Lv4Lg<\/a><\/p>\n<p>&mdash; Jairo Libreros (@JairoLibreros) <a href=\"https:\/\/twitter.com\/JairoLibreros\/status\/1580677627299651587?ref_src=twsrc%5Etfw\">October 13, 2022<\/a><\/p><\/blockquote>\n<p><script async src=\"https:\/\/platform.twitter.com\/widgets.js\" charset=\"utf-8\"><\/script><\/p>\n<p class=\"p6\"><span class=\"s2\" style=\"font-size: 14pt;\">Por: <a href=\"https:\/\/www.noticiasrcn.com\/autores\/noticiasrcn\">noticiasrcn.com<\/a><\/span><\/p>\n<p><span style=\"text-decoration: underline; font-size: 14pt;\"><a href=\"https:\/\/www.noticiasrcn.com\/colombia\/voto-no-obligatorio-en-colombia-por-que-431410\">https:\/\/www.noticiasrcn.com\/colombia\/voto-no-obligatorio-en-colombia-por-que-431410<\/a><\/span><\/p>\n","protected":false},"excerpt":{"rendered":"<p>Los argumentos con los que defienden la idea de no hacer obligatorio el voto en Colombia Jairo Libreros, analista permanente de Noticias RCN <\/p>\n","protected":false},"author":1,"featured_media":285,"comment_status":"open","ping_status":"open","sticky":false,"template":"","format":"standard","meta":{"om_disable_all_campaigns":false,"_monsterinsights_skip_tracking":false,"_monsterinsights_sitenote_active":false,"_monsterinsights_sitenote_note":"","_monsterinsights_sitenote_category":0,"footnotes":""},"categories":[1],"tags":[44],"aioseo_notices":[],"class_list":["post-1354","post","type-post","status-publish","format-standard","has-post-thumbnail","hentry","category-jairo-libreros","tag-elecciones"],"_links":{"self":[{"href":"https:\/\/jairolibreros.com\/index.php?rest_route=\/wp\/v2\/posts\/1354"}],"collection":[{"href":"https:\/\/jairolibreros.com\/index.php?rest_route=\/wp\/v2\/posts"}],"about":[{"href":"https:\/\/jairolibreros.com\/index.php?rest_route=\/wp\/v2\/types\/post"}],"author":[{"embeddable":true,"href":"https:\/\/jairolibreros.com\/index.php?rest_route=\/wp\/v2\/users\/1"}],"replies":[{"embeddable":true,"href":"https:\/\/jairolibreros.com\/index.php?rest_route=%2Fwp%2Fv2%2Fcomments&post=1354"}],"version-history":[{"count":5,"href":"https:\/\/jairolibreros.com\/index.php?rest_route=\/wp\/v2\/posts\/1354\/revisions"}],"predecessor-version":[{"id":2047,"href":"https:\/\/jairolibreros.com\/index.php?rest_route=\/wp\/v2\/posts\/1354\/revisions\/2047"}],"wp:featuredmedia":[{"embeddable":true,"href":"https:\/\/jairolibreros.com\/index.php?rest_route=\/wp\/v2\/media\/285"}],"wp:attachment":[{"href":"https:\/\/jairolibreros.com\/index.php?rest_route=%2Fwp%2Fv2%2Fmedia&parent=1354"}],"wp:term":[{"taxonomy":"category","embeddable":true,"href":"https:\/\/jairolibreros.com\/index.php?rest_route=%2Fwp%2Fv2%2Fcategories&post=1354"},{"taxonomy":"post_tag","embeddable":true,"href":"https:\/\/jairolibreros.com\/index.php?rest_route=%2Fwp%2Fv2%2Ftags&post=1354"}],"curies":[{"name":"wp","href":"https:\/\/api.w.org\/{rel}","templated":true}]}}