{"id":1373,"date":"2022-10-15T23:16:47","date_gmt":"2022-10-15T23:16:47","guid":{"rendered":"https:\/\/jairolibreros.com\/?p=1373"},"modified":"2023-06-14T16:00:48","modified_gmt":"2023-06-14T16:00:48","slug":"derogacion-de-las-restricciones-a-los-viajes-y-encuentros-del-presidente-y-la-vicepresidenta","status":"publish","type":"post","link":"https:\/\/jairolibreros.com\/?p=1373","title":{"rendered":"Derogaci\u00f3n de las restricciones a los viajes y encuentros del Presidente y la Vicepresidenta"},"content":{"rendered":"<p><span style=\"font-size: 14pt;\"><strong>Derogaci\u00f3n de las restricciones a los viajes y encuentros del Presidente y la Vicepresidenta<\/strong><\/span><\/p>\n<p><span style=\"font-size: 14pt;\"><strong>Jairo Libreros<\/strong>, profesor titular de seguridad y defensa nacional de la Universidad Externado de Colombia<\/span><\/p>\n<p>&#8220;<em>*Gobierno Nacional deroga Decreto que imped\u00eda que el Presidente y la Vicepresidente viajaran juntos*<\/em><\/p>\n<p><em>_\u2022 El Decreto 2003 del 13 de octubre de 2022 habilita al Jefe de Estado y su f\u00f3rmula de Gobierno a desplazarse juntos, sin restricciones legales de ning\u00fan tipo, dentro y fuera del territorio nacional._<\/em><\/p>\n<p><em>*Bogot\u00e1, 15 de octubre de 2022.*<\/em><\/p>\n<p><em>El Gobierno Nacional expidi\u00f3 el Decreto 2003 del 13 de octubre de 2022, que deroga el 835 de 2021 y acaba con la prohibici\u00f3n que ten\u00edan el Presidente de la Rep\u00fablica y el Vicepresidente de viajar juntos a misiones nacionales o internacionales.<\/em><\/p>\n<p><em>El Decreto expedido por el Gobierno del Presidente Gustavo Petro deja sin alcances el 835 de 2021, en el cual se establec\u00eda que \u201ctodos los desplazamientos que adelanten el Presidente de la Rep\u00fablica y el Vicepresidente de la Rep\u00fablica a nivel nacional e internacional deber\u00e1n hacerlo por separado, independientemente de los medios de transporte que utilicen\u201d.<\/em><\/p>\n<p><em>En este sentido, en la norma se estableci\u00f3 que el Decreto de 2021 determinaba \u201cdisposiciones en materia de viajes del Presidente de la Rep\u00fablica y el Vicepresidente de la Rep\u00fablica, se\u00f1alando entre otras situaciones que, el Vicepresidente de la Rep\u00fablica no pod\u00eda salir del pa\u00eds cuando el Presidente de la Rep\u00fablica se encontrare fuera del territorio nacional, salvo que este, por razones excepcionales de necesidad, lo autorice expresamente\u201d.<\/em><\/p>\n<p><em>Con base en lo anterior, en el Decreto del actual Gobierno decidi\u00f3 que \u201ccomo quiera que las funciones del Vicepresidente se concretan en la realizaci\u00f3n de misiones o encargos espec\u00edficos, como tareas, labores o cometidos concretos que le sean asignados por el Presidente, independientemente de si el primer mandatario se encuentra o no dentro del territorio nacional, se hace necesario derogar el decreto referido\u201d.<\/em><\/p>\n<p><em>Finalmente, el Decreto \u2013que deroga esta prohibici\u00f3n\u2013 comenz\u00f3 a regir a partir de la fecha de su expedici\u00f3n, lo que determina que tanto el Presidente Petro, como la Vicepresidenta Francia M\u00e1rquez podr\u00e1n hacer desplazamientos dentro y fuera del pa\u00eds juntos sin que medie alg\u00fan tipo de restricci\u00f3n legal. _(Fin\/for)_&#8221; Presidencia de la Rep\u00fablica<\/em><\/p>\n<p><img fetchpriority=\"high\" decoding=\"async\" class=\"alignright size-medium wp-image-1378\" src=\"https:\/\/jairolibreros.com\/wp-content\/uploads\/2022\/10\/D40DB5B5-069D-47C1-B159-452BD2FFC4C5-300x169.png\" alt=\"\" width=\"300\" height=\"169\" srcset=\"https:\/\/jairolibreros.com\/wp-content\/uploads\/2022\/10\/D40DB5B5-069D-47C1-B159-452BD2FFC4C5-300x169.png 300w, https:\/\/jairolibreros.com\/wp-content\/uploads\/2022\/10\/D40DB5B5-069D-47C1-B159-452BD2FFC4C5-1024x576.png 1024w, https:\/\/jairolibreros.com\/wp-content\/uploads\/2022\/10\/D40DB5B5-069D-47C1-B159-452BD2FFC4C5-768x432.png 768w, https:\/\/jairolibreros.com\/wp-content\/uploads\/2022\/10\/D40DB5B5-069D-47C1-B159-452BD2FFC4C5.png 1280w\" sizes=\"(max-width: 300px) 100vw, 300px\" \/><\/p>\n<p>&nbsp;<\/p>\n<p><span style=\"font-size: 14pt;\">Fuente: <span style=\"text-decoration: underline;\"><a href=\"https:\/\/petro.presidencia.gov.co\/prensa\/Paginas\/Gobierno-Nacional-deroga-Decreto-que-impedia-que-el-Presidente-y-la-Vicepre-221015.aspx\">https:\/\/petro.presidencia.gov.co\/prensa\/Paginas\/Gobierno-Nacional-deroga-Decreto-que-impedia-que-el-Presidente-y-la-Vicepre-221015.aspx<\/a><\/span><\/span><\/p>\n<p><span style=\"font-size: 14pt;\">Decreto 2003 de 2022. &#8220;Por el cual se deroga el Decreto 835 de 2021 que estableci\u00f3 disposiciones en materia de viajes del Presidente de la Rep\u00fablica y el Vicepresidente de la Rep\u00fablica&#8221;:\u00a0<span style=\"text-decoration: underline;\"><a href=\"https:\/\/jairolibreros.com\/wp-content\/uploads\/2022\/10\/Decreto-2003-de-2022.-Jairo-Libreros.pdf\">Decreto 2003 de 2022. Jairo Libreros<\/a><\/span><\/span><\/p>\n","protected":false},"excerpt":{"rendered":"<p>Derogaci\u00f3n de las restricciones a los viajes y encuentros del Presidente y la Vicepresidenta Jairo Libreros, profesor titular de seguridad y defensa nacional <\/p>\n","protected":false},"author":1,"featured_media":425,"comment_status":"open","ping_status":"open","sticky":false,"template":"","format":"standard","meta":{"om_disable_all_campaigns":false,"_monsterinsights_skip_tracking":false,"_monsterinsights_sitenote_active":false,"_monsterinsights_sitenote_note":"","_monsterinsights_sitenote_category":0,"footnotes":""},"categories":[1],"tags":[90,53,39],"aioseo_notices":[],"class_list":["post-1373","post","type-post","status-publish","format-standard","has-post-thumbnail","hentry","category-jairo-libreros","tag-seguridad-y-defensa-nacional","tag-politicas-publicas","tag-seguridad-ciudadana"],"_links":{"self":[{"href":"https:\/\/jairolibreros.com\/index.php?rest_route=\/wp\/v2\/posts\/1373"}],"collection":[{"href":"https:\/\/jairolibreros.com\/index.php?rest_route=\/wp\/v2\/posts"}],"about":[{"href":"https:\/\/jairolibreros.com\/index.php?rest_route=\/wp\/v2\/types\/post"}],"author":[{"embeddable":true,"href":"https:\/\/jairolibreros.com\/index.php?rest_route=\/wp\/v2\/users\/1"}],"replies":[{"embeddable":true,"href":"https:\/\/jairolibreros.com\/index.php?rest_route=%2Fwp%2Fv2%2Fcomments&post=1373"}],"version-history":[{"count":5,"href":"https:\/\/jairolibreros.com\/index.php?rest_route=\/wp\/v2\/posts\/1373\/revisions"}],"predecessor-version":[{"id":2046,"href":"https:\/\/jairolibreros.com\/index.php?rest_route=\/wp\/v2\/posts\/1373\/revisions\/2046"}],"wp:featuredmedia":[{"embeddable":true,"href":"https:\/\/jairolibreros.com\/index.php?rest_route=\/wp\/v2\/media\/425"}],"wp:attachment":[{"href":"https:\/\/jairolibreros.com\/index.php?rest_route=%2Fwp%2Fv2%2Fmedia&parent=1373"}],"wp:term":[{"taxonomy":"category","embeddable":true,"href":"https:\/\/jairolibreros.com\/index.php?rest_route=%2Fwp%2Fv2%2Fcategories&post=1373"},{"taxonomy":"post_tag","embeddable":true,"href":"https:\/\/jairolibreros.com\/index.php?rest_route=%2Fwp%2Fv2%2Ftags&post=1373"}],"curies":[{"name":"wp","href":"https:\/\/api.w.org\/{rel}","templated":true}]}}