{"id":1415,"date":"2022-10-23T16:12:32","date_gmt":"2022-10-23T16:12:32","guid":{"rendered":"https:\/\/jairolibreros.com\/?p=1415"},"modified":"2023-06-14T15:55:23","modified_gmt":"2023-06-14T15:55:23","slug":"petro-entiende-que-se-equivoco-tanto-como-boric-al-nombrar-algunos-ministros-activistas-jairo-libreros","status":"publish","type":"post","link":"https:\/\/jairolibreros.com\/?p=1415","title":{"rendered":"\u201cPetro entiende que se equivoc\u00f3 tanto como Boric al nombrar algunos ministros activistas\u201d, Jairo Libreros"},"content":{"rendered":"<p><span style=\"font-size: 14pt;\"><strong>\u201cPetro entiende que se equivoc\u00f3 tanto como Boric al nombrar algunos ministros activistas\u201d, Jairo Libreros\u00a0<\/strong><\/span><\/p>\n<blockquote hcb-fetch-image-from=\"https:\/\/twitter.com\/JairoLibreros\/status\/1584178555021246464?s=20&amp;t=2Nbw-FT2-3sziXYRwc28eg\" class=\"twitter-tweet\" data-width=\"550\" data-dnt=\"true\">\n<p lang=\"es\" dir=\"ltr\">\u201cPetro entiende que se equivoc\u00f3 tanto como Boric al nombrar algunos ministros activistas\u201d, <a href=\"https:\/\/twitter.com\/JairoLibreros?ref_src=twsrc%5Etfw\">@JairoLibreros<\/a> <a href=\"https:\/\/twitter.com\/exantecl?ref_src=twsrc%5Etfw\">@exantecl<\/a> <a href=\"https:\/\/t.co\/clGtSqikkO\">https:\/\/t.co\/clGtSqikkO<\/a><\/p>\n<p>&mdash; Jairo Libreros (@JairoLibreros) <a href=\"https:\/\/twitter.com\/JairoLibreros\/status\/1584178555021246464?ref_src=twsrc%5Etfw\">October 23, 2022<\/a><\/p><\/blockquote>\n<p><script async src=\"https:\/\/platform.twitter.com\/widgets.js\" charset=\"utf-8\"><\/script><\/p>\n<p class=\"p1\" style=\"text-align: center;\"><span style=\"font-size: 14pt;\"><b>Jairo Libreros, analista pol\u00edtico colombiano: \u201cPetro entiende que se equivoc\u00f3 tanto como Boric al nombrar algunos ministros activistas\u201d<\/b><\/span><\/p>\n<p class=\"p1\"><span style=\"font-size: 14pt;\">Carlos Smith \u00b7 Ex-Ante Chile \u00b7 <span style=\"text-decoration: underline;\"><a href=\"https:\/\/www.ex-ante.cl\/\"><span class=\"s1\">https:\/\/www.ex-ante.cl\/<\/span><\/a><\/span><span class=\"Apple-converted-space\">\u00a0<\/span><\/span><\/p>\n<p class=\"p1\"><span style=\"font-size: 14pt;\"><b>Editor y analista pol\u00edtico de las cadenas RCN y NTN24 de Colombia,\u00a0 y profesor titular de la Universidad Externado de Colombia, Jairo Libreros es uno de los polit\u00f3logos mejor informados de su pa\u00eds. En la siguiente entrevista analiza hasta qu\u00e9 punto \u201cla suerte de Boric marcar\u00e1 la suerte de Petro\u201d, como se\u00f1alan sectores pol\u00edticos en Colombia y se reflej\u00f3 en un reciente editorial del diario El Tiempo (\u201c\u00bfEs Gabriel Boric un espejo de Gustavo Petro?\u201d). Un ejemplo es que se pensaba que Petro buscar\u00eda cambiar la constituci\u00f3n, pero tras la derrota de Boric en el plebiscito \u201ceso qued\u00f3 parado en seco\u201d, se\u00f1ala Libreros.<\/b><\/span><\/p>\n<p class=\"p1\"><span style=\"font-size: 14pt;\"><b>-De acuerdo con una encuesta Invamer dada a conocer recientemente, la popularidad de Gustavo Petro baj\u00f3 10 puntos desde que asumi\u00f3 en agosto (desde 56% a 46%) y se duplic\u00f3 su desaprobaci\u00f3n (desde 20% a 40%). \u00bfC\u00f3mo se explican estas cifras?<\/b><\/span><\/p>\n<p class=\"p1\"><span style=\"font-size: 14pt;\">Hay varios factores. Primero: Para un sector muy importante de quienes votaron por Petro, que son las personas que se identificaron con el descontento popular detr\u00e1s del estallido social de 2021, hay un desencanto muy grande con su administraci\u00f3n. Petro conform\u00f3 la alianza pol\u00edtica m\u00e1s fuerte que ha existido en Colombia desde 1991, pero hay que tener en cuenta que su victoria fue apuntando al desprestigio de los partidos pol\u00edticos tradicionales. Y de un momento a otro, muchos de sus votantes empezaron a ver que Petro hac\u00eda alianzas con la \u00e9lite que ellos mismos hab\u00edan contribuido a derrotar en las elecciones.<\/span><\/p>\n<p class=\"p1\"><span style=\"font-size: 14pt;\">Segundo: No hay soluciones milagrosas ni en dos, ni en tres ni en seis meses. Petro sabe muy bien que si no logra entregar pol\u00edticas p\u00fablicas para calmar las dificultades sociales, el estallido social se puede repetir. Pero a diferencia de 2021, ese estallido puede ser en su contra. Ello cambiar\u00eda por completo el panorama porque algunos partidos de gobierno dar\u00edan un paso al costado, y naufragar\u00eda este gobierno. No estoy diciendo que vaya a caer, pero s\u00ed tendr\u00eda muchas dificultades en materia de estabilidad pol\u00edtica y de gesti\u00f3n.<\/span><\/p>\n<p class=\"p1\"><span style=\"font-size: 14pt;\">Tercero: hay un p\u00e9simo manejo comunicacional del gobierno. Ayudan a eso ministros que tienen credenciales muy importantes, pero que no son expertos en las carteras que les fueron asignadas. Tenemos una doctora de filosof\u00eda, una mujer de 40 a\u00f1os, con una trayectoria acad\u00e9mica brillante, pero que no tiene idea de minas y energ\u00eda.<\/span><\/p>\n<p class=\"p1\"><span style=\"font-size: 14pt;\">As\u00ed como tenemos una ministra en la cartera de salud, que se destac\u00f3 en el estallido social como una gran activista, pero que no ha logrado articular una sola estrategia en materia de salud. Tenemos un ministro de defensa, que es un jurista muy reconocido, pero que no tiene ni idea de temas de seguridad y defensa.<\/span><\/p>\n<p class=\"p1\"><span style=\"font-size: 14pt;\">Eso ha llevado a que tengamos mensajes que no son precisos, a veces contradictorios, y que han sido mal entendidos o mal asimilados por los mercados, por la sociedad y por los actores pol\u00edticos.<\/span><\/p>\n<p class=\"p1\"><span style=\"font-size: 14pt;\"><b>\u00bfC\u00f3mo se est\u00e1 viendo dentro del gobierno de Petro lo que est\u00e1 pasando en Chile con Gabriel Boric? Porque tambi\u00e9n el Presidente de Chile ha tenido una ca\u00edda importante de popularidad desde que asumi\u00f3 en marzo.<\/b><\/span><\/p>\n<p class=\"p1\"><span style=\"font-size: 14pt;\">Para algunos actores pol\u00edticos, y para un sector de la sociedad colombiana, la suerte de Boric marcar\u00e1 la suerte de Gustavo Petro.<\/span><\/p>\n<p class=\"p1\"><span style=\"font-size: 14pt;\">Lo digo por diferentes motivos: Primero, porque los dos llegaron tras una ola de descontento popular siendo hombres de izquierda, pero institucionales en relaci\u00f3n al poder: Gabriel Boric, casi tendi\u00e9ndole un salvavidas a Sebasti\u00e1n Pi\u00f1era con el compromiso de un plebiscito constituyente. Y en el caso de Gustavo Petro, pese a generar temor en el mercado y en la derecha colombiana, se enfrenta a un candidato \u201coutsider\u201d como Rodolfo Hern\u00e1ndez y termina siendo el candidato m\u00e1s institucional.<\/span><\/p>\n<p class=\"p1\"><span style=\"font-size: 14pt;\">En segundo lugar: Colombia y los colombianos han seguido muy atentamente lo que ha ocurrido en Chile desde el estallido social del 18 de octubre de 2019. Y se pensaba que si Boric ganaba en el refer\u00e9ndum constitucional, seguramente Petro iba a buscar una asamblea constituyentes o un plebiscito para reformar la Constituci\u00f3n. Y eso qued\u00f3 parado en seco para Petro.<\/span><\/p>\n<p class=\"p1\"><span style=\"font-size: 14pt;\">Tercero: creo que los dos saben muy bien, que si se despierta el descontento popular nuevamente, como ocurri\u00f3 en Chile en 2019, y en Colombia en 2021, sus mandatos pueden terminar. Algunos creen que Boric est\u00e1 bloqueado, despu\u00e9s de la derrota del refer\u00e9ndum y otros creen que Gustavo Petro se va a bloquear el pr\u00f3ximo a\u00f1o porque no va a poder dar respuestas sociales a la inmensa cantidad de reclamos que existen de quienes votaron por \u00e9l.<\/span><\/p>\n<p class=\"p1\"><span style=\"font-size: 14pt;\">Hay un cuarto punto: es notoria la identidad, la simpat\u00eda, y el mismo carril por el que van Boric y Petro. Entre los dos, terminan por nutrirse el uno al otro.<\/span><\/p>\n<p class=\"p1\"><span style=\"font-size: 14pt;\"><b>\u00bfQu\u00e9 elementos del gobierno de Boric ha tomado Gustavo Petro?<\/b><\/span><\/p>\n<p class=\"p1\"><span style=\"font-size: 14pt;\">Uno muy importante. Boric elige como ministro de Hacienda a una persona reconocida y con trayectoria enviando un mensaje que calm\u00f3 a los mercados. Petro interpreta bien eso y nombra un acad\u00e9mico respetado, que fue ministro de Agricultura y miembro del Banco de la Rep\u00fablica, adem\u00e1s de profesor de la Universidad de Columbia: Jos\u00e9 Antonio Ocampo, quien no solo calma a los mercados, sino que corrige los errores del resto del gabinete.<\/span><\/p>\n<p class=\"p1\"><span style=\"font-size: 14pt;\">Petro nombr\u00f3 ministros reconocidos y no radicales, otros que eran activistas -haciendo una apuesta a ver c\u00f3mo les iba- y otros de larga trayectoria como Ocampo o como Cecilia L\u00f3pez en Agricultura y ahora entiende que al haber nombrado ministros radicales o activistas se equivoc\u00f3 tanto como lo hizo Gabriel Boric y por eso habr\u00e1 un cambio de gabinete antes de las elecciones de 2023. Sino lo hace antes de ellas, puede ser tarde. Boric hizo el cambio despu\u00e9s del plebiscito. Creo que los ministros activistas como salud y minas y algunos otros m\u00e1s debieran salir antes de las elecciones del pr\u00f3ximo a\u00f1o.<\/span><\/p>\n<p class=\"p1\"><span style=\"font-size: 14pt;\"><b>\u00bfY qu\u00e9 lecciones est\u00e1 tomando Petro de lo que est\u00e1 sucediendo en Chile tras el plebiscito?<\/b><\/span><\/p>\n<p class=\"p1\"><span style=\"font-size: 14pt;\">Petro es consciente de que si no logra articular respuestas sociales en el corto plazo de aqu\u00ed, para m\u00e1ximo un a\u00f1o m\u00e1s, va a tener problemas de gobernabilidad. Por eso ha batallado muy fuerte con una reforma tributaria in\u00e9dita en Colombia. Porque necesita recursos frescos, y sabe muy bien que sin plata y sin apoyo social, va a perder todo el respaldo y va a perder las elecciones territoriales de octubre de 2023, donde se elige a gobernadores y alcaldes.<\/span><\/p>\n<p class=\"p1\"><span style=\"font-size: 14pt;\">Si pasa eso, pierde gobernabilidad, y si pierde gobernabilidad, vuelve la derecha al poder en 2026. Desde ese punto de vista, sabe que tiene que gastar dinero. El problema es que no hay dinero, porque la pandemia, a Colombia y a la gran mayor\u00eda de pa\u00edses del mundo, los dej\u00f3 con unos d\u00e9ficits fiscales inmensos.<\/span><\/p>\n<p class=\"p1\"><span style=\"font-size: 14pt;\">Todo apunta a que va a haber recesi\u00f3n el pr\u00f3ximo a\u00f1o. Yo creo que Gustavo Petro sabe muy bien que si no logra calmar socialmente a los sectores que reclaman y que votaron por \u00e9l, le puede ocurrir algo como la derrota del plebiscito para Boric, pero, en este caso, en las elecciones de 2023.<\/span><\/p>\n<p class=\"p1\"><span style=\"font-size: 14pt;\"><b>\u201cRevivi\u00f3 Pinochet\u201d fue la frase que us\u00f3 Petro tras el triunfo del \u201cRechazo\u201d en el plebiscito chileno.\u00a0<\/b><\/span><\/p>\n<p class=\"p1\"><span style=\"font-size: 14pt;\">Fue un comentario mal recibido en Colombia porque fue irrespetuoso frente a una votaci\u00f3n transparente y leg\u00edtima de los chilenos. Est\u00e1 claro que en Chile no gust\u00f3 el nuevo borrador de Constituci\u00f3n y eso no quiere decir que est\u00e1n a favor de la Constituci\u00f3n de Pinochet. Petro pregona mucho la autodeterminaci\u00f3n de los pueblos y la necesidad de respetar estos procesos electorales y pol\u00edticos y Chile no es Cuba ni Venezuela ni Nicaragua. Y Petro hizo lo que \u00e9l tanto criticaba que hac\u00eda Duque con Venezuela al crear un cerco diplom\u00e1tico contra Maduro.\u00a0 Adem\u00e1s, ese comentario confirma en cierta medida algo que Petro intenta controlar con mucha cautela pero no lo logra completamente: que \u00e9l tiene rasgos autoritarios muy fuertes. Y lo demostr\u00f3 como alcalde.<\/span><\/p>\n<p class=\"p1\"><span style=\"font-size: 14pt;\"><b>\u00bfC\u00f3mo se explica lo que sucedi\u00f3 esta semana con las protestas de grupos ind\u00edgenas en Bogot\u00e1 que terminaron con hechos de violencia y 24 personas heridas?<\/b><\/span><\/p>\n<p class=\"p1\"><span style=\"font-size: 14pt;\">La primera lectura es que este es un problema de la alcald\u00eda de Bogot\u00e1 que no supo sortear bien y no solo ahora, sino en los dos \u00faltimos a\u00f1os. La alcald\u00eda que encabeza Claudia L\u00f3pez prometi\u00f3 muchas cosas y no cumpli\u00f3. Adem\u00e1s, la respuesta a una protesta es responsabilidad \u00fanica de los alcaldes a menos que se salga de control y, en ese caso, el presidente tiene que intervenir. Se envi\u00f3 un mensaje muy preocupante de incapacidad de gesti\u00f3n de una protesta donde resultaron afectados sectores ind\u00edgenas que votaron por Gustavo Petro.<\/span><\/p>\n<p class=\"p1\"><span style=\"font-size: 14pt;\">La segunda lectura es la falta experiencia en el gobierno nacional para manejar estas situaciones. Han nombrado a oficiales muy j\u00f3venes porque hubo una purga de 52 generales in\u00e9dita en Colombia.<\/span><\/p>\n<p class=\"p1\"><span style=\"font-size: 14pt;\">Aqu\u00ed hubo mal manejo, falta de experiencia e incapacidad de gestionar conflictos sociales. Cuando en Colombia t\u00fa pones a la polic\u00eda a gestionar conflictos sociales, la llevas a un callej\u00f3n sin salida. En este caso hay un fracaso de la pol\u00edtica social de la alcaldesa pero quien paga los platos rotos es Gustavo Petro.<\/span><\/p>\n<p class=\"p1\"><span style=\"font-size: 14pt;\">El principal peligro para Petro es un segundo estallido social. Un estallido con una respuesta precaria y mal organizada como las de la protesta de los ind\u00edgenas, puede llevar al traste a su alianza de gobierno.<\/span><\/p>\n<p><span style=\"font-size: 14pt;\"><strong>El link de la entrevista en Ex-Ante de Chile es el siguiente:<\/strong><\/span><\/p>\n<p><span style=\"text-decoration: underline; font-size: 14pt;\"><a href=\"https:\/\/www.ex-ante.cl\/jairo-libreros-analista-politico-colombiano-petro-entiende-que-se-equivoco-tanto-como-boric-al-nombrar-algunos-ministros-activistas\/\">https:\/\/www.ex-ante.cl\/jairo-libreros-analista-politico-colombiano-petro-entiende-que-se-equivoco-tanto-como-boric-al-nombrar-algunos-ministros-activistas\/<\/a><\/span><\/p>\n","protected":false},"excerpt":{"rendered":"<p>\u201cPetro entiende que se equivoc\u00f3 tanto como Boric al nombrar algunos ministros activistas\u201d, Jairo Libreros\u00a0 \u201cPetro entiende que se equivoc\u00f3 tanto como Boric <\/p>\n","protected":false},"author":1,"featured_media":425,"comment_status":"open","ping_status":"open","sticky":false,"template":"","format":"standard","meta":{"om_disable_all_campaigns":false,"_monsterinsights_skip_tracking":false,"_monsterinsights_sitenote_active":false,"_monsterinsights_sitenote_note":"","_monsterinsights_sitenote_category":0,"footnotes":""},"categories":[1],"tags":[44,54],"aioseo_notices":[],"class_list":["post-1415","post","type-post","status-publish","format-standard","has-post-thumbnail","hentry","category-jairo-libreros","tag-elecciones","tag-comunicacion-politica"],"_links":{"self":[{"href":"https:\/\/jairolibreros.com\/index.php?rest_route=\/wp\/v2\/posts\/1415"}],"collection":[{"href":"https:\/\/jairolibreros.com\/index.php?rest_route=\/wp\/v2\/posts"}],"about":[{"href":"https:\/\/jairolibreros.com\/index.php?rest_route=\/wp\/v2\/types\/post"}],"author":[{"embeddable":true,"href":"https:\/\/jairolibreros.com\/index.php?rest_route=\/wp\/v2\/users\/1"}],"replies":[{"embeddable":true,"href":"https:\/\/jairolibreros.com\/index.php?rest_route=%2Fwp%2Fv2%2Fcomments&post=1415"}],"version-history":[{"count":2,"href":"https:\/\/jairolibreros.com\/index.php?rest_route=\/wp\/v2\/posts\/1415\/revisions"}],"predecessor-version":[{"id":1858,"href":"https:\/\/jairolibreros.com\/index.php?rest_route=\/wp\/v2\/posts\/1415\/revisions\/1858"}],"wp:featuredmedia":[{"embeddable":true,"href":"https:\/\/jairolibreros.com\/index.php?rest_route=\/wp\/v2\/media\/425"}],"wp:attachment":[{"href":"https:\/\/jairolibreros.com\/index.php?rest_route=%2Fwp%2Fv2%2Fmedia&parent=1415"}],"wp:term":[{"taxonomy":"category","embeddable":true,"href":"https:\/\/jairolibreros.com\/index.php?rest_route=%2Fwp%2Fv2%2Fcategories&post=1415"},{"taxonomy":"post_tag","embeddable":true,"href":"https:\/\/jairolibreros.com\/index.php?rest_route=%2Fwp%2Fv2%2Ftags&post=1415"}],"curies":[{"name":"wp","href":"https:\/\/api.w.org\/{rel}","templated":true}]}}