{"id":1447,"date":"2022-11-11T16:43:17","date_gmt":"2022-11-11T16:43:17","guid":{"rendered":"https:\/\/jairolibreros.com\/?p=1447"},"modified":"2023-06-14T15:53:40","modified_gmt":"2023-06-14T15:53:40","slug":"declaracion-conjunta-de-los-presidentes-de-venezuela-y-colombia-caracas-2022","status":"publish","type":"post","link":"https:\/\/jairolibreros.com\/?p=1447","title":{"rendered":"Declaraci\u00f3n Conjunta de los Presidentes de Venezuela y Colombia. Caracas 2022"},"content":{"rendered":"<p><span style=\"font-size: 14pt;\"><strong>Declaraci\u00f3n Conjunta de los Presidentes de Venezuela y Colombia. Caracas 2022<\/strong><\/span><\/p>\n<p><span style=\"font-size: 14pt;\"><strong>Jairo Libreros<\/strong>, profesor titular de la Universidad Externado de Colombia<\/span><\/p>\n<blockquote hcb-fetch-image-from=\"https:\/\/twitter.com\/petrogustavo\/status\/1587614618330988544?s=20&amp;t=eMOCsSaR82iDQ3gs45dFIQ\" class=\"twitter-tweet\" data-width=\"550\" data-dnt=\"true\">\n<p lang=\"es\" dir=\"ltr\">Declaraci\u00f3n conjunta de los presidentes de la Rep\u00fablica Bolivariana de Venezuela y de la Rep\u00fablica de Colombia. <a href=\"https:\/\/t.co\/e7v28xpJkG\">pic.twitter.com\/e7v28xpJkG<\/a><\/p>\n<p>&mdash; Gustavo Petro (@petrogustavo) <a href=\"https:\/\/twitter.com\/petrogustavo\/status\/1587614618330988544?ref_src=twsrc%5Etfw\">November 2, 2022<\/a><\/p><\/blockquote>\n<p><script async src=\"https:\/\/platform.twitter.com\/widgets.js\" charset=\"utf-8\"><\/script><\/p>\n<p><strong>&#8220;<em>DECLARACI\u00d3N CONJUNTA DE LOS PRESIDENTES DE LA REP\u00daBLICA BOLIVARIANA DE VENEZUELA, NICOL\u00c1S MADURO MOROS Y DE LA REP\u00daBLICA DE COLOMBIA, GUSTAVO PETRO URREGO<\/em><\/strong><\/p>\n<p><em>Caracas, 1 de noviembre de 2022<\/em><\/p>\n<p><em>El Presidente de la Rep\u00fablica Bolivariana de Venezuela, Nicol\u00e1s Maduro Moros y el Presidente de la Rep\u00fablica de Colombia, Gustavo Petro Urrego, inspirados en el legado hist\u00f3rico de uni\u00f3n y en el esp\u00edritu de confraternidad que nos hered\u00f3 el Padre Libertador Sim\u00f3n Bol\u00edvar y en la hermandad de nuestros pueblos que ahora son geogr\u00e1fica y pol\u00edticamente dos Rep\u00fablicas Soberanas, pero hist\u00f3ricamente, una sola naci\u00f3n Bolivariana, reunidos, hoy 1 de noviembre de 2022, en nombre de nuestros Pueblos hermanos y en representaci\u00f3n constitucional de Venezuela y Colombia, en ocasi\u00f3n del primer encuentro bilateral entre ambos mandatarios:<img fetchpriority=\"high\" decoding=\"async\" class=\"alignright size-medium wp-image-1448\" src=\"https:\/\/jairolibreros.com\/wp-content\/uploads\/2022\/11\/9EB57BF3-7F28-4D81-96F4-683EDCC47076-232x300.jpeg\" alt=\"\" width=\"232\" height=\"300\" srcset=\"https:\/\/jairolibreros.com\/wp-content\/uploads\/2022\/11\/9EB57BF3-7F28-4D81-96F4-683EDCC47076-232x300.jpeg 232w, https:\/\/jairolibreros.com\/wp-content\/uploads\/2022\/11\/9EB57BF3-7F28-4D81-96F4-683EDCC47076-768x993.jpeg 768w, https:\/\/jairolibreros.com\/wp-content\/uploads\/2022\/11\/9EB57BF3-7F28-4D81-96F4-683EDCC47076.jpeg 792w\" sizes=\"(max-width: 232px) 100vw, 232px\" \/><\/em><br \/>\n<em>1. Manifestaron su alta complacencia y satisfacci\u00f3n por la misi\u00f3n hist\u00f3rica y por la feliz responsabilidad que les confiere la providencia para la reanudaci\u00f3n de las relaciones binacionales integrales entre los pueblos<\/em><br \/>\n<em>hermanos de Venezuela y Colombia.<\/em><br \/>\n<em>2. Valoraron las acciones que muestran la voluntad pol\u00edtica emprendidas por los altos Gobiernos nacionales de Colombia y Venezuela, para avanzar con firmeza y decisi\u00f3n hacia la uni\u00f3n y la paz de nuestros pa\u00edses, como lo hicieran nuestros Libertadores en una misma gesta patri\u00f3tica emancipadora.<\/em><br \/>\n<em>3. Aseguraron la cooperaci\u00f3n operacional a lo largo de la frontera com\u00fan, para el trabajo coordinado en la lucha contra el delito transnacional que pone en riesgo la seguridad fronteriza de ambas naciones.<\/em><br \/>\n<em>4. Concertaron el reimpulso y resoluci\u00f3n de los nudos cr\u00edticos en materia de transporte terrestre, a\u00e9reo, fluvial Y mar\u00edtimo.<\/em><br \/>\n<em>5. En materia de Energ\u00eda y Minas; se acord\u00f3 establecer mesas de trabajo entre ambas partes para explorar y establecer nuevos esquemas de complementariedad en ambas partes.<img decoding=\"async\" class=\"alignright size-medium wp-image-1449\" src=\"https:\/\/jairolibreros.com\/wp-content\/uploads\/2022\/11\/38F70D8B-71C6-4310-8711-D494CEE4C1DD-232x300.jpeg\" alt=\"\" width=\"232\" height=\"300\" srcset=\"https:\/\/jairolibreros.com\/wp-content\/uploads\/2022\/11\/38F70D8B-71C6-4310-8711-D494CEE4C1DD-232x300.jpeg 232w, https:\/\/jairolibreros.com\/wp-content\/uploads\/2022\/11\/38F70D8B-71C6-4310-8711-D494CEE4C1DD-792x1024.jpeg 792w, https:\/\/jairolibreros.com\/wp-content\/uploads\/2022\/11\/38F70D8B-71C6-4310-8711-D494CEE4C1DD-768x994.jpeg 768w, https:\/\/jairolibreros.com\/wp-content\/uploads\/2022\/11\/38F70D8B-71C6-4310-8711-D494CEE4C1DD-1187x1536.jpeg 1187w, https:\/\/jairolibreros.com\/wp-content\/uploads\/2022\/11\/38F70D8B-71C6-4310-8711-D494CEE4C1DD.jpeg 1583w\" sizes=\"(max-width: 232px) 100vw, 232px\" \/><\/em><br \/>\n<em>6. Convinieron en crear y\/o activar mecanismos conjuntos de seguridad fronteriza para la protecci\u00f3n de la frontera y de las personas que circular\u00e1n por ella.<\/em><br \/>\n<em>7. Destacaron que trabajar\u00e1n por lograr un activo intercambio en los sectores agroindustrial, agropecuario, agr\u00edcola y petroqu\u00edmico.<\/em><br \/>\n<em>8. Acordaron reactivar los espacios de concertaci\u00f3n y di\u00e1logo pol\u00edtico binacional, adem\u00e1s del establecimiento de un nuevo mapa de cooperaci\u00f3n basado en los principios de hermandad, solidaridad y complementariedad que haga m\u00e1s efectivo el relacionamiento de Colombia y Venezuela.<\/em><br \/>\n<em>9. Convinieron designar los funcionarios consulares de sus respectivos pa\u00edses con el fin de garantizar los derechos civiles de los Connacionales de Venezuela y Colombia.<\/em><\/p>\n<p><em><img decoding=\"async\" class=\"alignright size-medium wp-image-1450\" src=\"https:\/\/jairolibreros.com\/wp-content\/uploads\/2022\/11\/0249A981-243D-4762-B3C2-6600D15EF9FC-232x300.jpeg\" alt=\"\" width=\"232\" height=\"300\" srcset=\"https:\/\/jairolibreros.com\/wp-content\/uploads\/2022\/11\/0249A981-243D-4762-B3C2-6600D15EF9FC-232x300.jpeg 232w, https:\/\/jairolibreros.com\/wp-content\/uploads\/2022\/11\/0249A981-243D-4762-B3C2-6600D15EF9FC-792x1024.jpeg 792w, https:\/\/jairolibreros.com\/wp-content\/uploads\/2022\/11\/0249A981-243D-4762-B3C2-6600D15EF9FC-768x994.jpeg 768w, https:\/\/jairolibreros.com\/wp-content\/uploads\/2022\/11\/0249A981-243D-4762-B3C2-6600D15EF9FC-1187x1536.jpeg 1187w, https:\/\/jairolibreros.com\/wp-content\/uploads\/2022\/11\/0249A981-243D-4762-B3C2-6600D15EF9FC.jpeg 1583w\" sizes=\"(max-width: 232px) 100vw, 232px\" \/><\/em><\/p>\n<p><em>10. El Presidente Gustavo Petro augura el mayor de los \u00e9xitos en la reanudaci\u00f3n de la mesa de dialogo entre el Gobierno de la Rep\u00fablica Bolivariana de Venezuela y la oposici\u00f3n<\/em><br \/>\n<em>Venezolana y para lo cual estamos a su disposici\u00f3n.<\/em><br \/>\n<em>11. As\u00ed mismo, el Presidente Nicol\u00e1s Maduro Moros eleva sus votos para que se logre el objetivo central de la paz total en Colombia<\/em><\/p>\n<p><em>&#8220;La unidad lo hace todo y, por lo mismo, debemos conservar este precioso principio&#8221;.<\/em><br \/>\n<em>Sim\u00f3n Bol\u00edvar.<\/em><\/p>\n<p><em>Suscrito en Caracas, el 1 de noviembre de 2022, en dos (02) ejemplares originales en el idioma castellano, siendo dichos textos igualmente aut\u00e9nticos.<\/em><\/p>\n<p><em>Por el Gobierno de la<\/em><br \/>\n<em>Rep\u00fablica Bolivariana de<\/em><br \/>\n<em>Venezuela<\/em><\/p>\n<p><em><strong>Nicol\u00e1s Maduro Moros<\/strong><\/em><br \/>\n<em>Presidente<\/em><\/p>\n<p><em>Por el Gobierno de la<\/em><br \/>\n<em>Rep\u00fablica de Colombia<\/em><\/p>\n<p><em><strong>Gustavo Petro Urrego<\/strong><\/em><br \/>\n<em>Presidente<\/em>&#8220;<\/p>\n","protected":false},"excerpt":{"rendered":"<p>Declaraci\u00f3n Conjunta de los Presidentes de Venezuela y Colombia. Caracas 2022 Jairo Libreros, profesor titular de la Universidad Externado de Colombia Declaraci\u00f3n conjunta <\/p>\n","protected":false},"author":1,"featured_media":425,"comment_status":"open","ping_status":"open","sticky":false,"template":"","format":"standard","meta":{"om_disable_all_campaigns":false,"_monsterinsights_skip_tracking":false,"_monsterinsights_sitenote_active":false,"_monsterinsights_sitenote_note":"","_monsterinsights_sitenote_category":0,"footnotes":""},"categories":[1],"tags":[54,90],"aioseo_notices":[],"class_list":["post-1447","post","type-post","status-publish","format-standard","has-post-thumbnail","hentry","category-jairo-libreros","tag-comunicacion-politica","tag-seguridad-y-defensa-nacional"],"_links":{"self":[{"href":"https:\/\/jairolibreros.com\/index.php?rest_route=\/wp\/v2\/posts\/1447"}],"collection":[{"href":"https:\/\/jairolibreros.com\/index.php?rest_route=\/wp\/v2\/posts"}],"about":[{"href":"https:\/\/jairolibreros.com\/index.php?rest_route=\/wp\/v2\/types\/post"}],"author":[{"embeddable":true,"href":"https:\/\/jairolibreros.com\/index.php?rest_route=\/wp\/v2\/users\/1"}],"replies":[{"embeddable":true,"href":"https:\/\/jairolibreros.com\/index.php?rest_route=%2Fwp%2Fv2%2Fcomments&post=1447"}],"version-history":[{"count":5,"href":"https:\/\/jairolibreros.com\/index.php?rest_route=\/wp\/v2\/posts\/1447\/revisions"}],"predecessor-version":[{"id":2023,"href":"https:\/\/jairolibreros.com\/index.php?rest_route=\/wp\/v2\/posts\/1447\/revisions\/2023"}],"wp:featuredmedia":[{"embeddable":true,"href":"https:\/\/jairolibreros.com\/index.php?rest_route=\/wp\/v2\/media\/425"}],"wp:attachment":[{"href":"https:\/\/jairolibreros.com\/index.php?rest_route=%2Fwp%2Fv2%2Fmedia&parent=1447"}],"wp:term":[{"taxonomy":"category","embeddable":true,"href":"https:\/\/jairolibreros.com\/index.php?rest_route=%2Fwp%2Fv2%2Fcategories&post=1447"},{"taxonomy":"post_tag","embeddable":true,"href":"https:\/\/jairolibreros.com\/index.php?rest_route=%2Fwp%2Fv2%2Ftags&post=1447"}],"curies":[{"name":"wp","href":"https:\/\/api.w.org\/{rel}","templated":true}]}}