{"id":1486,"date":"2022-11-14T14:20:38","date_gmt":"2022-11-14T14:20:38","guid":{"rendered":"https:\/\/jairolibreros.com\/?p=1486"},"modified":"2023-06-14T15:32:46","modified_gmt":"2023-06-14T15:32:46","slug":"balance-de-los-100-dias-de-gobierno-del-presidente-gustavo-petro","status":"publish","type":"post","link":"https:\/\/jairolibreros.com\/?p=1486","title":{"rendered":"Balance de los 100 d\u00edas de gobierno del presidente Gustavo Petro"},"content":{"rendered":"<p><span style=\"font-size: 14pt;\"><strong>Balance de los 100 d\u00edas de gobierno del presidente Gustavo Petro<\/strong><\/span><\/p>\n<p class=\"p1\"><span style=\"font-size: 14pt;\"><b><strong>Jairo Libreros<\/strong><\/b>, analista permanente de NTN24<\/span><\/p>\n<p class=\"p1\"><span style=\"font-size: 14pt;\"><b>Jairo Libreros <\/b>habl\u00f3 con La Tarde Fin de Semana sobre el balance de los 100 d\u00edas de gobierno de Gustavo Petro<\/span><\/p>\n<blockquote hcb-fetch-image-from=\"https:\/\/twitter.com\/JairoLibreros\/status\/1592160294004228096?s=20&amp;t=hGWxT4ESMvJn9Y3bohlCCw\" class=\"twitter-tweet\" data-width=\"550\" data-dnt=\"true\">\n<p lang=\"es\" dir=\"ltr\">Gustavo Petro ha demostrado que tiene inter\u00e9s en ser el l\u00edder de Am\u00e9rica Latina: <a href=\"https:\/\/twitter.com\/JairoLibreros?ref_src=twsrc%5Etfw\">@JairoLibreros<\/a> analista <a href=\"https:\/\/twitter.com\/NTN24?ref_src=twsrc%5Etfw\">@NTN24<\/a> <a href=\"https:\/\/t.co\/JK86P7iKKm\">https:\/\/t.co\/JK86P7iKKm<\/a> <a href=\"https:\/\/t.co\/sn0DQrIqdv\">pic.twitter.com\/sn0DQrIqdv<\/a><\/p>\n<p>&mdash; Jairo Libreros (@JairoLibreros) <a href=\"https:\/\/twitter.com\/JairoLibreros\/status\/1592160294004228096?ref_src=twsrc%5Etfw\">November 14, 2022<\/a><\/p><\/blockquote>\n<p><script async src=\"https:\/\/platform.twitter.com\/widgets.js\" charset=\"utf-8\"><\/script><\/p>\n<p class=\"p3\"><span style=\"font-size: 14pt;\"><a href=\"https:\/\/www.ntn24.com\/autores\/ntn24\"><span class=\"s1\">Por: Ntn24.com<\/span><\/a> \u00b7\u00a013.11.2022. 17.34<\/span><\/p>\n<p class=\"p4\"><span style=\"font-size: 14pt;\">El pr\u00f3ximo martes se cumplen 100 d\u00edas de gobierno del presidente de Colombia, Gustavo Petro, y varios son los temas que recogen el desempe\u00f1o del mandatario.\u00a0<b>Reforma tributaria, manejo de hidrocarburos, econom\u00eda, manejo de relaciones bilaterales y protecci\u00f3n al medio ambiente son los temas que miden el trabajo realizado por Petro durante este periodo.\u00a0<\/b><\/span><\/p>\n<p class=\"p4\"><span style=\"font-size: 14pt;\">De acuerdo con la firma GAD3, el 58,5% de los colombianos aprueban su gesti\u00f3n mientras que un 41,5% lo desaprueba<b>. Para hacer un balance general de lo que han sido estos 100 de mandato Jairo Libreros, analista permanente de NTN24, convers\u00f3 con el programa La Tarde Fin de Semana.<\/b><\/span><\/p>\n<p class=\"p4\"><span style=\"font-size: 14pt;\">Sobre la posibilidad de extender el mandato presidencial a 5 a\u00f1os en Colombia, Libreros coment\u00f3 que\u00a0<b>\u201cpretender reformar la carta pol\u00edtica despierta todo tipo de alarmas\u201d. \u00a0El invitado a\u00f1adi\u00f3: \u201ccreo que es un mensaje que en Am\u00e9rica Latina y en Colombia no caen bien y genera mucha preocupaci\u00f3n\u201d.<\/b><\/span><\/p>\n<p class=\"p4\"><span style=\"font-size: 14pt;\">Libreros coment\u00f3 sobre la reforma tributaria que\u00a0<b>\u201csi no logramos distribuir la riqueza, es imposible tener un pa\u00eds m\u00e1s equitativo o por lo menos que est\u00e9 en el promedio de equidad de lo que ha establecido el Banco Mundial para las sociedades que tiene efectivamente la capacidad de tener un mayor desarrollo econ\u00f3mico\u201d.\u00a0<\/b><\/span><\/p>\n<p class=\"p4\"><span style=\"font-size: 14pt;\">El analista permanente de NTN24 explic\u00f3 que, para muchos, la reuni\u00f3n entre Maduro y Petro\u00a0<b>\u201cno es f\u00e1cil, no es entendible y genera distancias\u201d<\/b>, pero\u00a0<b>\u201csi Colombia, en la voz de Gustavo Petro, quiere sacar adelante el acuerdo de paz con ELN y el sometimiento de la justicia con grupos de narcotr\u00e1fico, con el crimen trasnacional organizado tiene que contar con Venezuela\u201d.\u00a0<\/b><\/span><\/p>\n<p class=\"p4\"><span style=\"font-size: 14pt;\"><b>\u201cEs necesario para Venezuela y para Colombia tener una comunicaci\u00f3n fluida como la tienen en estos momentos Estados Unidos con Rusia o como la tuvo en su momento Estados Unidos con la Uni\u00f3n Sovi\u00e9tica en plena Guerra Fr\u00eda. Se tiene que reestablecer relaciones diplom\u00e1ticas y ese es otro logro de la administraci\u00f3n Petro\u201d<\/b>, agreg\u00f3 el invitado.<\/span><\/p>\n<p class=\"p4\"><span style=\"font-size: 14pt;\"><b>\u201cGustavo Petro ha demostrado que tiene inter\u00e9s en ser el l\u00edder de Am\u00e9rica Latina o el vocero de una coalici\u00f3n de izquierda de la regi\u00f3n\u201d<\/b>, asever\u00f3 Libreros sobre la importancia que tiene las visitas de Petro en otros pa\u00edses o regiones.<\/span><\/p>\n<blockquote hcb-fetch-image-from=\"https:\/\/twitter.com\/JairoLibreros\/status\/1591974338802089985?s=20&amp;t=0jfLZqkulgVjPFi3NcDAbw\" class=\"twitter-tweet\" data-width=\"550\" data-dnt=\"true\">\n<p lang=\"es\" dir=\"ltr\">100 d\u00edas de gobierno de Gustavo Petro: <a href=\"https:\/\/twitter.com\/JairoLibreros?ref_src=twsrc%5Etfw\">@JairoLibreros<\/a> analista <a href=\"https:\/\/twitter.com\/NTN24?ref_src=twsrc%5Etfw\">@NTN24<\/a> <a href=\"https:\/\/t.co\/ivpkjiv1qO\">https:\/\/t.co\/ivpkjiv1qO<\/a><\/p>\n<p>&mdash; Jairo Libreros (@JairoLibreros) <a href=\"https:\/\/twitter.com\/JairoLibreros\/status\/1591974338802089985?ref_src=twsrc%5Etfw\">November 14, 2022<\/a><\/p><\/blockquote>\n<p><script async src=\"https:\/\/platform.twitter.com\/widgets.js\" charset=\"utf-8\"><\/script><\/p>\n<p><span style=\"font-size: 14pt;\">En este link encontrar\u00e1 mediciones, informes y publicaciones sobre los 100 primeros d\u00edas del presidente Gustavo Petro:\u00a0<span style=\"text-decoration: underline;\"><a href=\"https:\/\/jairolibreros.com\/?p=1479\"><strong>100 d\u00edas del presidente Gustavo Petro en Casa de Nari\u00f1o<\/strong><\/a><\/span><\/span><\/p>\n<p><span style=\"font-size: 14pt;\">El link de NTN24 con mi an\u00e1lisis es el siguiente:<\/span><\/p>\n<p><span style=\"text-decoration: underline; font-size: 14pt;\"><a href=\"https:\/\/www.ntn24.com\/programas\/la-tarde\/balance-de-los-100-dias-de-gobierno-de-gustavo-petro-402842\">https:\/\/www.ntn24.com\/programas\/la-tarde\/balance-de-los-100-dias-de-gobierno-de-gustavo-petro-402842<\/a><\/span><\/p>\n","protected":false},"excerpt":{"rendered":"<p>Balance de los 100 d\u00edas de gobierno del presidente Gustavo Petro Jairo Libreros, analista permanente de NTN24 Jairo Libreros habl\u00f3 con La Tarde <\/p>\n","protected":false},"author":1,"featured_media":285,"comment_status":"open","ping_status":"open","sticky":false,"template":"","format":"standard","meta":{"om_disable_all_campaigns":false,"_monsterinsights_skip_tracking":false,"_monsterinsights_sitenote_active":false,"_monsterinsights_sitenote_note":"","_monsterinsights_sitenote_category":0,"footnotes":""},"categories":[1],"tags":[54,53],"aioseo_notices":[],"class_list":["post-1486","post","type-post","status-publish","format-standard","has-post-thumbnail","hentry","category-jairo-libreros","tag-comunicacion-politica","tag-politicas-publicas"],"_links":{"self":[{"href":"https:\/\/jairolibreros.com\/index.php?rest_route=\/wp\/v2\/posts\/1486"}],"collection":[{"href":"https:\/\/jairolibreros.com\/index.php?rest_route=\/wp\/v2\/posts"}],"about":[{"href":"https:\/\/jairolibreros.com\/index.php?rest_route=\/wp\/v2\/types\/post"}],"author":[{"embeddable":true,"href":"https:\/\/jairolibreros.com\/index.php?rest_route=\/wp\/v2\/users\/1"}],"replies":[{"embeddable":true,"href":"https:\/\/jairolibreros.com\/index.php?rest_route=%2Fwp%2Fv2%2Fcomments&post=1486"}],"version-history":[{"count":5,"href":"https:\/\/jairolibreros.com\/index.php?rest_route=\/wp\/v2\/posts\/1486\/revisions"}],"predecessor-version":[{"id":1928,"href":"https:\/\/jairolibreros.com\/index.php?rest_route=\/wp\/v2\/posts\/1486\/revisions\/1928"}],"wp:featuredmedia":[{"embeddable":true,"href":"https:\/\/jairolibreros.com\/index.php?rest_route=\/wp\/v2\/media\/285"}],"wp:attachment":[{"href":"https:\/\/jairolibreros.com\/index.php?rest_route=%2Fwp%2Fv2%2Fmedia&parent=1486"}],"wp:term":[{"taxonomy":"category","embeddable":true,"href":"https:\/\/jairolibreros.com\/index.php?rest_route=%2Fwp%2Fv2%2Fcategories&post=1486"},{"taxonomy":"post_tag","embeddable":true,"href":"https:\/\/jairolibreros.com\/index.php?rest_route=%2Fwp%2Fv2%2Ftags&post=1486"}],"curies":[{"name":"wp","href":"https:\/\/api.w.org\/{rel}","templated":true}]}}