{"id":1555,"date":"2022-12-08T21:45:06","date_gmt":"2022-12-08T21:45:06","guid":{"rendered":"https:\/\/jairolibreros.com\/?p=1555"},"modified":"2023-06-14T14:38:42","modified_gmt":"2023-06-14T14:38:42","slug":"es-viable-juridicamente-la-liberacion-de-miembros-de-la-primera-linea-que-plantea-petro","status":"publish","type":"post","link":"https:\/\/jairolibreros.com\/?p=1555","title":{"rendered":"\u00bfEs viable jur\u00eddicamente la liberaci\u00f3n de miembros de la Primera L\u00ednea que plantea Petro?"},"content":{"rendered":"<p><span style=\"font-size: 14pt;\"><strong>\u00bfEs viable jur\u00eddicamente la liberaci\u00f3n de miembros de la Primera L\u00ednea que plantea Petro?<\/strong><\/span><\/p>\n<p><span style=\"font-size: 14pt;\"><strong>Jairo Libreros<\/strong>, analista permanente de NTN24<\/span><\/p>\n<blockquote hcb-fetch-image-from=\"https:\/\/twitter.com\/jairolibreros\/status\/1600969026309885952?s=46&amp;t=chdK3o5VIv-qJlGCcVE3pg\" class=\"twitter-tweet\" data-width=\"550\" data-dnt=\"true\">\n<p lang=\"es\" dir=\"ltr\">\u00bfEs viable jur\u00eddicamente la liberaci\u00f3n de miembros de la Primera L\u00ednea que plantea Petro?: <a href=\"https:\/\/twitter.com\/JairoLibreros?ref_src=twsrc%5Etfw\">@JairoLibreros<\/a> analista pol\u00edtico <a href=\"https:\/\/twitter.com\/NTN24?ref_src=twsrc%5Etfw\">@NTN24<\/a> <a href=\"https:\/\/t.co\/XQuJZ15JwP\">https:\/\/t.co\/XQuJZ15JwP<\/a><\/p>\n<p>&mdash; Jairo Libreros (@JairoLibreros) <a href=\"https:\/\/twitter.com\/JairoLibreros\/status\/1600969026309885952?ref_src=twsrc%5Etfw\">December 8, 2022<\/a><\/p><\/blockquote>\n<p><script async src=\"https:\/\/platform.twitter.com\/widgets.js\" charset=\"utf-8\"><\/script><\/p>\n<p class=\"p1\"><span style=\"font-size: 14pt;\">La Tarde de NTN24 analiz\u00f3 desde la perspectiva jur\u00eddica la pol\u00e9mica propuesta que el mandatario colombiano busca ejecutar<\/span><\/p>\n<p class=\"p1\"><span style=\"font-size: 14pt;\">El reciente anuncio del presidente de Colombia,\u00a0<b>Gustavo Petro<\/b>, sobre la liberaci\u00f3n de miembros de la\u00a0<b>Primera L\u00ednea<\/b>, detenidos por presuntamente participar y cometer actos vand\u00e1licos durante el paro nacional de 2021, ha causado opiniones negativas en el pa\u00eds, pues muchos argumentan que se tratar\u00eda de indultos y amnist\u00eda en los delitos cometidos.<\/span><\/p>\n<p class=\"p1\"><span style=\"font-size: 14pt;\">Al respecto,\u00a0<b>La Tarde<\/b>\u00a0de\u00a0<b>NTN24<\/b>\u00a0dialog\u00f3 con diferentes analistas sobre la viabilidad jur\u00eddica que implica la excarcelaci\u00f3n de alrededor de 230 miembros de esta agrupaci\u00f3n.<\/span><\/p>\n<p class=\"p1\"><span style=\"font-size: 14pt;\">Para\u00a0<b>Jairo Libreros<\/b>, analista y consultor pol\u00edtico,\u00a0<b>\u201cestamos ante un panorama muy confuso, pues son personas que por diferente motivo est\u00e1n relacionados con investigaciones que buscan esclarecer si tienen alg\u00fan tipo de responsabilidad penal en la comisi\u00f3n de delitos, que van m\u00e1s all\u00e1 de las actividades propias de la protesta social como homicidios, secuestro y una serie importante de delitos que ponen en encrucijada al sistema penal colombiano\u201d<\/b>.<\/span><\/p>\n<p class=\"p1\"><span style=\"font-size: 14pt;\">Por su parte,\u00a0<b>Daniel Brice\u00f1o<\/b>, abogado y especialista en derecho pol\u00edtico, habl\u00f3 sobre la figura de gestores de paz que Gustavo Petro le otorgar\u00eda a los excarcelados en este proceso.<\/span><\/p>\n<p class=\"p1\"><span style=\"font-size: 14pt;\">\u201cLa figura de gestores de paz de la Ley de Orden P\u00fablico se estableci\u00f3 para personas que estaban privadas de la libertad, pero que al tiempo pertenecen a un grupo armado ilegal (&#8230;) en este caso, los miembros de la Primera L\u00ednea han negado rotundamente que ellos sean un grupo armado ilegal\u201d,\u00a0se\u00f1al\u00f3 el especialista.<\/span><\/p>\n<p class=\"p1\"><span style=\"font-size: 14pt;\">Adem\u00e1s de lo planteado, Brice\u00f1o argument\u00f3 que\u00a0\u201cestamos frente a una figura de gestores de paz que legalmente, y seg\u00fan lo que se ha conocido de la Primera L\u00ednea, no aplica, pero el presidente quiere ejecutarlo para cumplir una promesa de campa\u00f1a (&#8230;) algo muy confuso\u201d.<\/span><\/p>\n<p class=\"p1\"><span style=\"font-size: 14pt;\">El link de Ntn24 con mi an\u00e1lisis es el siguiente:<\/span><\/p>\n<p class=\"p3\"><span style=\"font-size: 14pt;\"><a href=\"https:\/\/www.ntn24.com\/programas\/la-tarde\/polemica-por-liberacion-de-miembros-de-la-primera-linea-403778\"><span style=\"text-decoration: underline;\">https:\/\/www.ntn24.com\/programas\/la-tarde\/polemica-por-liberacion-de-miembros-de-la-primera-linea-403778<\/span><\/a><span class=\"s1\"><span class=\"Apple-converted-space\">\u00a0<\/span><\/span><\/span><\/p>\n","protected":false},"excerpt":{"rendered":"<p>\u00bfEs viable jur\u00eddicamente la liberaci\u00f3n de miembros de la Primera L\u00ednea que plantea Petro? Jairo Libreros, analista permanente de NTN24 \u00bfEs viable jur\u00eddicamente <\/p>\n","protected":false},"author":1,"featured_media":285,"comment_status":"open","ping_status":"open","sticky":false,"template":"","format":"standard","meta":{"om_disable_all_campaigns":false,"_monsterinsights_skip_tracking":false,"_monsterinsights_sitenote_active":false,"_monsterinsights_sitenote_note":"","_monsterinsights_sitenote_category":0,"footnotes":""},"categories":[1],"tags":[54,37,39],"aioseo_notices":[],"class_list":["post-1555","post","type-post","status-publish","format-standard","has-post-thumbnail","hentry","category-jairo-libreros","tag-comunicacion-politica","tag-movilizacion-social","tag-seguridad-ciudadana"],"_links":{"self":[{"href":"https:\/\/jairolibreros.com\/index.php?rest_route=\/wp\/v2\/posts\/1555"}],"collection":[{"href":"https:\/\/jairolibreros.com\/index.php?rest_route=\/wp\/v2\/posts"}],"about":[{"href":"https:\/\/jairolibreros.com\/index.php?rest_route=\/wp\/v2\/types\/post"}],"author":[{"embeddable":true,"href":"https:\/\/jairolibreros.com\/index.php?rest_route=\/wp\/v2\/users\/1"}],"replies":[{"embeddable":true,"href":"https:\/\/jairolibreros.com\/index.php?rest_route=%2Fwp%2Fv2%2Fcomments&post=1555"}],"version-history":[{"count":4,"href":"https:\/\/jairolibreros.com\/index.php?rest_route=\/wp\/v2\/posts\/1555\/revisions"}],"predecessor-version":[{"id":1919,"href":"https:\/\/jairolibreros.com\/index.php?rest_route=\/wp\/v2\/posts\/1555\/revisions\/1919"}],"wp:featuredmedia":[{"embeddable":true,"href":"https:\/\/jairolibreros.com\/index.php?rest_route=\/wp\/v2\/media\/285"}],"wp:attachment":[{"href":"https:\/\/jairolibreros.com\/index.php?rest_route=%2Fwp%2Fv2%2Fmedia&parent=1555"}],"wp:term":[{"taxonomy":"category","embeddable":true,"href":"https:\/\/jairolibreros.com\/index.php?rest_route=%2Fwp%2Fv2%2Fcategories&post=1555"},{"taxonomy":"post_tag","embeddable":true,"href":"https:\/\/jairolibreros.com\/index.php?rest_route=%2Fwp%2Fv2%2Ftags&post=1555"}],"curies":[{"name":"wp","href":"https:\/\/api.w.org\/{rel}","templated":true}]}}