{"id":1594,"date":"2023-01-09T23:20:09","date_gmt":"2023-01-09T23:20:09","guid":{"rendered":"https:\/\/jairolibreros.com\/?p=1594"},"modified":"2023-06-14T14:31:29","modified_gmt":"2023-06-14T14:31:29","slug":"el-gobierno-de-gustavo-petro-suspende-el-cese-al-fuego-con-el-eln","status":"publish","type":"post","link":"https:\/\/jairolibreros.com\/?p=1594","title":{"rendered":"El gobierno de Gustavo Petro suspende el cese al fuego con el ELN"},"content":{"rendered":"<p><span style=\"font-size: 14pt;\"><strong>El gobierno de Gustavo Petro suspende el cese al fuego con el ELN<\/strong><\/span><\/p>\n<p><span style=\"font-size: 14pt;\"><strong>Jairo Libreros<\/strong>, profesor titular de seguridad y defensa nacional de la Universidad Externado de Colombia<\/span><\/p>\n<p><span style=\"font-size: 14pt;\">En Dnews conversamos con Luc\u00eda L\u00f3pez sobre el galimat\u00edas relacionado con un inexistente acuerdo de cese al fuego bilateral pactado entre el Gobierno Nacional y el ELN:<\/span><\/p>\n<p><span style=\"font-size: 14pt;\">El link del video con mi an\u00e1lisis es el siguiente:<\/span><\/p>\n<p><iframe hcb-fetch-image-from=\"https:\/\/youtu.be\/l53HnKLF4cs\" title=\"Gobierno de Petro en Colombia suspende cese al fuego con la guerrilla del ELN\" width=\"640\" height=\"360\" src=\"https:\/\/www.youtube.com\/embed\/l53HnKLF4cs?feature=oembed\" frameborder=\"0\" allow=\"accelerometer; autoplay; clipboard-write; encrypted-media; gyroscope; picture-in-picture; web-share\" referrerpolicy=\"strict-origin-when-cross-origin\" allowfullscreen><\/iframe><\/p>\n","protected":false},"excerpt":{"rendered":"<p>El gobierno de Gustavo Petro suspende el cese al fuego con el ELN Jairo Libreros, profesor titular de seguridad y defensa nacional de <\/p>\n","protected":false},"author":1,"featured_media":425,"comment_status":"open","ping_status":"open","sticky":false,"template":"","format":"standard","meta":{"om_disable_all_campaigns":false,"_monsterinsights_skip_tracking":false,"_monsterinsights_sitenote_active":false,"_monsterinsights_sitenote_note":"","_monsterinsights_sitenote_category":0,"footnotes":""},"categories":[1],"tags":[54,90,53],"aioseo_notices":[],"class_list":["post-1594","post","type-post","status-publish","format-standard","has-post-thumbnail","hentry","category-jairo-libreros","tag-comunicacion-politica","tag-seguridad-y-defensa-nacional","tag-politicas-publicas"],"_links":{"self":[{"href":"https:\/\/jairolibreros.com\/index.php?rest_route=\/wp\/v2\/posts\/1594"}],"collection":[{"href":"https:\/\/jairolibreros.com\/index.php?rest_route=\/wp\/v2\/posts"}],"about":[{"href":"https:\/\/jairolibreros.com\/index.php?rest_route=\/wp\/v2\/types\/post"}],"author":[{"embeddable":true,"href":"https:\/\/jairolibreros.com\/index.php?rest_route=\/wp\/v2\/users\/1"}],"replies":[{"embeddable":true,"href":"https:\/\/jairolibreros.com\/index.php?rest_route=%2Fwp%2Fv2%2Fcomments&post=1594"}],"version-history":[{"count":4,"href":"https:\/\/jairolibreros.com\/index.php?rest_route=\/wp\/v2\/posts\/1594\/revisions"}],"predecessor-version":[{"id":1915,"href":"https:\/\/jairolibreros.com\/index.php?rest_route=\/wp\/v2\/posts\/1594\/revisions\/1915"}],"wp:featuredmedia":[{"embeddable":true,"href":"https:\/\/jairolibreros.com\/index.php?rest_route=\/wp\/v2\/media\/425"}],"wp:attachment":[{"href":"https:\/\/jairolibreros.com\/index.php?rest_route=%2Fwp%2Fv2%2Fmedia&parent=1594"}],"wp:term":[{"taxonomy":"category","embeddable":true,"href":"https:\/\/jairolibreros.com\/index.php?rest_route=%2Fwp%2Fv2%2Fcategories&post=1594"},{"taxonomy":"post_tag","embeddable":true,"href":"https:\/\/jairolibreros.com\/index.php?rest_route=%2Fwp%2Fv2%2Ftags&post=1594"}],"curies":[{"name":"wp","href":"https:\/\/api.w.org\/{rel}","templated":true}]}}