{"id":1605,"date":"2023-01-25T17:56:13","date_gmt":"2023-01-25T17:56:13","guid":{"rendered":"https:\/\/jairolibreros.com\/?p=1605"},"modified":"2023-06-14T14:28:05","modified_gmt":"2023-06-14T14:28:05","slug":"el-cese-al-fuego-es-importante-pero-no-es-suficiente","status":"publish","type":"post","link":"https:\/\/jairolibreros.com\/?p=1605","title":{"rendered":"El cese al fuego es importante, pero no es suficiente"},"content":{"rendered":"<p><span style=\"font-size: 14pt;\"><strong>\u201cEl cese al fuego es importante, pero no es suficiente\u201d<\/strong><\/span><\/p>\n<p><span style=\"font-size: 14pt;\"><strong>Jairo Libreros<\/strong>, analista permanente de NTN24, sobre di\u00e1logos entre el gobierno colombiano y el ELN<\/span><\/p>\n<blockquote hcb-fetch-image-from=\"https:\/\/twitter.com\/jairolibreros\/status\/1618300704791330816?s=46&amp;t=nsFfDPS_svLw6omE35Uo3A\" class=\"twitter-tweet\" data-width=\"550\" data-dnt=\"true\">\n<p lang=\"es\" dir=\"ltr\">La crisis del cese al fuego entre el Gobierno de Colombia y el ELN: <a href=\"https:\/\/twitter.com\/JairoLibreros?ref_src=twsrc%5Etfw\">@JairoLibreros<\/a> analista <a href=\"https:\/\/twitter.com\/NTN24?ref_src=twsrc%5Etfw\">@NTN24<\/a> <a href=\"https:\/\/t.co\/Xuoz21FBzo\">https:\/\/t.co\/Xuoz21FBzo<\/a> <a href=\"https:\/\/t.co\/r3WM3GgTmK\">pic.twitter.com\/r3WM3GgTmK<\/a><\/p>\n<p>&mdash; Jairo Libreros (@JairoLibreros) <a href=\"https:\/\/twitter.com\/JairoLibreros\/status\/1618300704791330816?ref_src=twsrc%5Etfw\">January 25, 2023<\/a><\/p><\/blockquote>\n<p><script async src=\"https:\/\/platform.twitter.com\/widgets.js\" charset=\"utf-8\"><\/script><\/p>\n<p><em>Redacci\u00f3n NTN24<\/em><\/p>\n<p class=\"p1\"><span style=\"font-size: 14pt;\">El experto en seguridad y defensa nacional <strong>Jairo Libreros<\/strong> se\u00f1al\u00f3 en La Tarde Fin de Semana que el cese al fuego no es suficiente gesto de paz por parte del grupo guerrillero.<\/span><\/p>\n<p class=\"p1\"><span style=\"font-size: 14pt;\"><b>Este s\u00e1bado se llev\u00f3 a cabo en Caracas, Venezuela,<\/b><a href=\"https:\/\/www.ntn24.com\/america-latina\/colombia\/colombia-y-eln-finalizan-primer-ciclo-de-negociaciones-405532\"><span class=\"s1\">\u00a0<b>la \u00faltima reuni\u00f3n entre el Gobierno de Colombia y el Ej\u00e9rcito de Liberaci\u00f3n Nacional (ELN)<\/b><\/span><\/a>\u00a0en la que definieron el segundo ciclo de negociaciones, que se tendr\u00e1 previsto para el pr\u00f3ximo lunes 13 de febrero.<\/span><\/p>\n<p class=\"p1\"><span style=\"font-size: 14pt;\">Las delegaciones del Gobierno nacional y el ELN retomaron las conversaciones luego del desencuentro entre ambas partes por el fallido cese al fuego bilateral anunciado por Gustavo Petro a finales de diciembre pasado.<\/span><\/p>\n<p class=\"p1\"><span style=\"font-size: 14pt;\">Para hablar sobre este di\u00e1logo, se conect\u00f3 en La Tarde Fin de Semana <strong>el analista permanente Jairo Libreros<\/strong> y se\u00f1al\u00f3 que\u00a0<b>la reuni\u00f3n de hoy no significa nada<\/b>, pues no se est\u00e1 arrancando desde cero, sino que ya hab\u00eda una hoja de ruta que dej\u00f3 el gobierno de Juan Manuel Santos y se debe avanzar.<\/span><\/p>\n<p class=\"p1\"><span style=\"font-size: 14pt;\">Adem\u00e1s, se\u00f1al\u00f3 que el cese al fuego, tristemente, depende solo de esta organizaci\u00f3n criminal: \u201cLamentablemente la din\u00e1mica de las negociaciones parte de un presupuesto que todos conocemos pero que en caso tan delicados como este, resultan ser m\u00e1s sensible. Las dos partes buscan un cese al fuego, quien m\u00e1s lo necesita son las comunidades en medio del fuego cruzado,\u00a0<b>el gobierno es el m\u00e1s interesado porque necesita mostrar resultados, pero en \u00faltima instancia, los que van a tomar la decisi\u00f3n sobre un cese al fuego son las organizaciones criminales<\/b>\u201d.<\/span><\/p>\n<p class=\"p1\"><span style=\"font-size: 14pt;\"><strong>Libreros<\/strong> tambi\u00e9n asegur\u00f3 que \u201cel cese al fuego es importante, pero no es suficiente; se espera m\u00e1s\u201d y que uno de los temas que se quieren ver durante esta negociaci\u00f3n es que \u201cse garantice que las comunidades no sufran ning\u00fan da\u00f1o\u201d.<\/span><\/p>\n<p><span style=\"font-size: 14pt;\">El link de NTN24 con mi an\u00e1lisis es el siguiente:<\/span><\/p>\n<p><span style=\"text-decoration: underline; font-size: 14pt;\"><a href=\"https:\/\/www.ntn24.com\/programas\/la-tarde\/analisis-de-reunion-entre-el-gobierno-colombiano-y-eln-405541\">https:\/\/www.ntn24.com\/programas\/la-tarde\/analisis-de-reunion-entre-el-gobierno-colombiano-y-eln-405541<\/a><\/span><\/p>\n","protected":false},"excerpt":{"rendered":"<p>\u201cEl cese al fuego es importante, pero no es suficiente\u201d Jairo Libreros, analista permanente de NTN24, sobre di\u00e1logos entre el gobierno colombiano y <\/p>\n","protected":false},"author":1,"featured_media":285,"comment_status":"open","ping_status":"open","sticky":false,"template":"","format":"standard","meta":{"om_disable_all_campaigns":false,"_monsterinsights_skip_tracking":false,"_monsterinsights_sitenote_active":false,"_monsterinsights_sitenote_note":"","_monsterinsights_sitenote_category":0,"footnotes":""},"categories":[1],"tags":[54,90,53,39],"aioseo_notices":[],"class_list":["post-1605","post","type-post","status-publish","format-standard","has-post-thumbnail","hentry","category-jairo-libreros","tag-comunicacion-politica","tag-seguridad-y-defensa-nacional","tag-politicas-publicas","tag-seguridad-ciudadana"],"_links":{"self":[{"href":"https:\/\/jairolibreros.com\/index.php?rest_route=\/wp\/v2\/posts\/1605"}],"collection":[{"href":"https:\/\/jairolibreros.com\/index.php?rest_route=\/wp\/v2\/posts"}],"about":[{"href":"https:\/\/jairolibreros.com\/index.php?rest_route=\/wp\/v2\/types\/post"}],"author":[{"embeddable":true,"href":"https:\/\/jairolibreros.com\/index.php?rest_route=\/wp\/v2\/users\/1"}],"replies":[{"embeddable":true,"href":"https:\/\/jairolibreros.com\/index.php?rest_route=%2Fwp%2Fv2%2Fcomments&post=1605"}],"version-history":[{"count":4,"href":"https:\/\/jairolibreros.com\/index.php?rest_route=\/wp\/v2\/posts\/1605\/revisions"}],"predecessor-version":[{"id":1901,"href":"https:\/\/jairolibreros.com\/index.php?rest_route=\/wp\/v2\/posts\/1605\/revisions\/1901"}],"wp:featuredmedia":[{"embeddable":true,"href":"https:\/\/jairolibreros.com\/index.php?rest_route=\/wp\/v2\/media\/285"}],"wp:attachment":[{"href":"https:\/\/jairolibreros.com\/index.php?rest_route=%2Fwp%2Fv2%2Fmedia&parent=1605"}],"wp:term":[{"taxonomy":"category","embeddable":true,"href":"https:\/\/jairolibreros.com\/index.php?rest_route=%2Fwp%2Fv2%2Fcategories&post=1605"},{"taxonomy":"post_tag","embeddable":true,"href":"https:\/\/jairolibreros.com\/index.php?rest_route=%2Fwp%2Fv2%2Ftags&post=1605"}],"curies":[{"name":"wp","href":"https:\/\/api.w.org\/{rel}","templated":true}]}}