{"id":1607,"date":"2023-01-25T17:55:20","date_gmt":"2023-01-25T17:55:20","guid":{"rendered":"https:\/\/jairolibreros.com\/?p=1607"},"modified":"2023-06-14T14:29:11","modified_gmt":"2023-06-14T14:29:11","slug":"protesta-social-escenario-para-discutir-o-para-medir-fuerzas","status":"publish","type":"post","link":"https:\/\/jairolibreros.com\/?p=1607","title":{"rendered":"Protesta social, \u00bfescenario para discutir o para medir fuerzas?"},"content":{"rendered":"<p><span style=\"font-size: 14pt;\"><strong>Protesta social, \u00bfescenario para discutir o para medir fuerzas?<\/strong><\/span><\/p>\n<p><span style=\"font-size: 14pt;\"><strong>Jairo Libreros<\/strong>, panelista Hora20 de Caracol Radio: El llamado a las calles que hace el gobierno nacional no es un ejercicio de democracia deliberativa. Es un ejercicio plebiscitario con tintes autoritarios y populistas.<\/span><\/p>\n<blockquote hcb-fetch-image-from=\"https:\/\/twitter.com\/JairoLibreros\/status\/1618721526228082689?s=20&amp;t=z0v-EgCcrnyeWfQYumOSnA\" class=\"twitter-tweet\" data-width=\"550\" data-dnt=\"true\">\n<p lang=\"es\" dir=\"ltr\">El llamado a las calles que hace el gobierno nacional no es un ejercicio de democracia deliberativa. Es un ejercicio plebiscitario con tintes autoritarios y populistas:  <a href=\"https:\/\/twitter.com\/JairoLibreros?ref_src=twsrc%5Etfw\">@JairoLibreros<\/a> panelista <a href=\"https:\/\/twitter.com\/Hora20?ref_src=twsrc%5Etfw\">@Hora20<\/a> <a href=\"https:\/\/twitter.com\/CaracolRadio?ref_src=twsrc%5Etfw\">@CaracolRadio<\/a> <a href=\"https:\/\/t.co\/Tf9afgh9sg\">https:\/\/t.co\/Tf9afgh9sg<\/a> <a href=\"https:\/\/t.co\/34S20eFlFJ\">pic.twitter.com\/34S20eFlFJ<\/a><\/p>\n<p>&mdash; Jairo Libreros (@JairoLibreros) <a href=\"https:\/\/twitter.com\/JairoLibreros\/status\/1618721526228082689?ref_src=twsrc%5Etfw\">January 26, 2023<\/a><\/p><\/blockquote>\n<p><script async src=\"https:\/\/platform.twitter.com\/widgets.js\" charset=\"utf-8\"><\/script><\/p>\n<p class=\"p1\" style=\"text-align: center;\"><span style=\"font-size: 14pt;\">Panelistas consideran que tanto gobierno como oposici\u00f3n convocan a la protesta social ante la dificultad de lograr negociaciones pol\u00edticas en el Congreso<\/span><\/p>\n<blockquote hcb-fetch-image-from=\"https:\/\/twitter.com\/Hora20\/status\/1617689441002311683?s=20&amp;t=z0v-EgCcrnyeWfQYumOSnA\" class=\"twitter-tweet\" data-width=\"550\" data-dnt=\"true\">\n<p lang=\"es\" dir=\"ltr\"><a href=\"https:\/\/twitter.com\/hashtag\/Hora20?src=hash&amp;ref_src=twsrc%5Etfw\">#Hora20<\/a> | \u201cLa convocatoria del presidente yo no creo que sea un ejercicio de democracia deliberativa. Es una iniciativa autoritaria y populista. Est\u00e1 enviando un mensaje desinstitucionalizador en contra del congreso\u201d, <a href=\"https:\/\/twitter.com\/JairoLibreros?ref_src=twsrc%5Etfw\">@JairoLibreros<\/a> \u25b6\ufe0f <a href=\"https:\/\/t.co\/Q5hohaBGX4\">https:\/\/t.co\/Q5hohaBGX4<\/a> <a href=\"https:\/\/t.co\/7cBMouwgri\">pic.twitter.com\/7cBMouwgri<\/a><\/p>\n<p>&mdash; Hora 20 (@Hora20) <a href=\"https:\/\/twitter.com\/Hora20\/status\/1617689441002311683?ref_src=twsrc%5Etfw\">January 24, 2023<\/a><\/p><\/blockquote>\n<p><script async src=\"https:\/\/platform.twitter.com\/widgets.js\" charset=\"utf-8\"><\/script><\/p>\n<p class=\"p1\"><span style=\"font-size: 14pt;\">En\u00a0<b>Hora 20\u00a0<\/b>una mirada a un recurso al que est\u00e1n acudiendo tanto la oposici\u00f3n como el gobierno: la calle, pues en los \u00faltimos d\u00edas distintos sectores pol\u00edticos han invitado a manifestaciones con el objetivo de apoyar o ir en contra de las reformas que plantea el gobierno de\u00a0<b>Gustavo Petro<\/b>. Se analiz\u00f3 el recurso, las implicaciones y los motivos por los cuales los sectores pol\u00edticos ahora acuden a la calle. Despu\u00e9s una mirada a los cambios que podr\u00eda tener la obra de la primera l\u00ednea del\u00a0<b>metro de Bogot\u00e1.<\/b><\/span><\/p>\n<blockquote hcb-fetch-image-from=\"https:\/\/twitter.com\/Hora20\/status\/1617689644337975296?s=20&amp;t=z0v-EgCcrnyeWfQYumOSnA\" class=\"twitter-tweet\" data-width=\"550\" data-dnt=\"true\">\n<p lang=\"es\" dir=\"ltr\"><a href=\"https:\/\/twitter.com\/hashtag\/Hora20?src=hash&amp;ref_src=twsrc%5Etfw\">#Hora20<\/a> | \u201cEn el \u00e1mbito de la reforma a la salud creo que no est\u00e1 terminado. Si tuvi\u00e9ramos un articulado podr\u00edamos conversarlo y aportar para fortalecerla\u201d, <a href=\"https:\/\/twitter.com\/JairoLibreros?ref_src=twsrc%5Etfw\">@JairoLibreros<\/a> \u25b6\ufe0f <a href=\"https:\/\/t.co\/Q5hohaBGX4\">https:\/\/t.co\/Q5hohaBGX4<\/a> <a href=\"https:\/\/t.co\/8NvtGUFsDA\">pic.twitter.com\/8NvtGUFsDA<\/a><\/p>\n<p>&mdash; Hora 20 (@Hora20) <a href=\"https:\/\/twitter.com\/Hora20\/status\/1617689644337975296?ref_src=twsrc%5Etfw\">January 24, 2023<\/a><\/p><\/blockquote>\n<p><script async src=\"https:\/\/platform.twitter.com\/widgets.js\" charset=\"utf-8\"><\/script><\/p>\n<p class=\"p1\"><span style=\"font-size: 14pt;\">A casi seis meses de la llegada de un nuevo gobierno, el pa\u00eds volver\u00eda a presenciar un nuevo escenario de movilizaci\u00f3n social. Esta vez motivado tanto por el Gobierno Nacional que busca apoyo en sus reformas, como protestas en contra de las pol\u00edticas impulsadas por el gobierno, las mismas reformas de las que por cierto no se conoce su contenido y las decisiones del\u00a0<b>presidente Petro<\/b>. La fecha por ahora ser\u00eda la misma para ambas movilizaciones:\u00a0<b>14 de febrero,<\/b>\u00a0aunque tanto gobierno como oposici\u00f3n buscan que la jornada de protesta no se cruce. Por ahora, el\u00a0<b>presidente Petro<\/b>\u00a0ha hecho un llamado a discutir en las calles las reformas y a utilizar la plaza p\u00fablica como un lugar de discusi\u00f3n de las reformas, por ahora, de la reforma a la salud de la cual no se conoce ni texto ni contenido. Aunque esta tarde el ministro del Interior,\u00a0<b>Alfonso Prada\u00a0<\/b>plante\u00f3 que lo que hace el presidente no es convocar a manifestaciones, sino a tener un di\u00e1logo con la ciudadan\u00eda y atender las inquietudes sobre las reformas.<\/span><\/p>\n<blockquote hcb-fetch-image-from=\"https:\/\/twitter.com\/Hora20\/status\/1617693798653362177?s=20&amp;t=z0v-EgCcrnyeWfQYumOSnA\" class=\"twitter-tweet\" data-width=\"550\" data-dnt=\"true\">\n<p lang=\"es\" dir=\"ltr\"><a href=\"https:\/\/twitter.com\/hashtag\/Hora20?src=hash&amp;ref_src=twsrc%5Etfw\">#Hora20<\/a> | \u201cYo creo que tanto el gobierno como partes de la oposici\u00f3n est\u00e1n en modo elecciones y quieren atar la suerte de estos proyectos al \u00e1mbito electoral\u201d, <a href=\"https:\/\/twitter.com\/JairoLibreros?ref_src=twsrc%5Etfw\">@JairoLibreros<\/a> \u25b6\ufe0f <a href=\"https:\/\/t.co\/Q5hohaBGX4\">https:\/\/t.co\/Q5hohaBGX4<\/a> <a href=\"https:\/\/t.co\/xX6AncBCTX\">pic.twitter.com\/xX6AncBCTX<\/a><\/p>\n<p>&mdash; Hora 20 (@Hora20) <a href=\"https:\/\/twitter.com\/Hora20\/status\/1617693798653362177?ref_src=twsrc%5Etfw\">January 24, 2023<\/a><\/p><\/blockquote>\n<p><script async src=\"https:\/\/platform.twitter.com\/widgets.js\" charset=\"utf-8\"><\/script><\/p>\n<p class=\"p1\"><span style=\"font-size: 14pt;\">La protesta de la oposici\u00f3n, liderada esta vez por el representante a la C\u00e1mara,\u00a0<b>Miguel Polo Polo<\/b>\u00a0tiene como objetivo rechazar el aumento en el precio de la gasolina, pedir claridad sobre el futuro de los hidrocarburos y establecer rechazo a las\u00a0<b>reformas a la salud<\/b>, pensiones y laboral que propone el gobierno.<\/span><\/p>\n<blockquote hcb-fetch-image-from=\"https:\/\/twitter.com\/Hora20\/status\/1617693949233176576?s=20&amp;t=z0v-EgCcrnyeWfQYumOSnA\" class=\"twitter-tweet\" data-width=\"550\" data-dnt=\"true\">\n<p lang=\"es\" dir=\"ltr\"><a href=\"https:\/\/twitter.com\/hashtag\/Hora20?src=hash&amp;ref_src=twsrc%5Etfw\">#Hora20<\/a> | \u201cOposici\u00f3n y gobierno est\u00e1n en modo elecciones todo el 2023. Van a atar discusiones de reformas muy t\u00e9cnicas el resultado de las elecciones territoriales de octubre. Es un ejercicio de extensi\u00f3n\u201d, <a href=\"https:\/\/twitter.com\/JairoLibreros?ref_src=twsrc%5Etfw\">@JairoLibreros<\/a> \u25b6\ufe0f <a href=\"https:\/\/t.co\/Q5hohaBGX4\">https:\/\/t.co\/Q5hohaBGX4<\/a> <a href=\"https:\/\/t.co\/FTYr1nVcpH\">pic.twitter.com\/FTYr1nVcpH<\/a><\/p>\n<p>&mdash; Hora 20 (@Hora20) <a href=\"https:\/\/twitter.com\/Hora20\/status\/1617693949233176576?ref_src=twsrc%5Etfw\">January 24, 2023<\/a><\/p><\/blockquote>\n<p><script async src=\"https:\/\/platform.twitter.com\/widgets.js\" charset=\"utf-8\"><\/script><\/p>\n<p class=\"p1\"><span style=\"font-size: 14pt;\"><b>Lo que dicen los panelistas<\/b><\/span><\/p>\n<p class=\"p1\"><span style=\"font-size: 14pt;\"><b>Luis Guillermo V\u00e9lez, abogado, columnista, exsecretario general de la presidencia y exsuperintendente de sociedades,\u00a0<\/b>plante\u00f3 que el gobierno convoca a marchas para presionar a su propia coalici\u00f3n de gobierno para que se aprueben unas reformas y, afirma que no recuerda una situaci\u00f3n similar en la que un gobierno convoque a una marcha para presionarse, \u201ceste es el r\u00e9quiem de esta coalici\u00f3n, no creo que aguante estas presiones y me parece que, con estos puntillazos, la fragmenta seriamente\u201d.<\/span><\/p>\n<blockquote hcb-fetch-image-from=\"https:\/\/twitter.com\/Hora20\/status\/1617694184621604864?s=20&amp;t=z0v-EgCcrnyeWfQYumOSnA\" class=\"twitter-tweet\" data-width=\"550\" data-dnt=\"true\">\n<p lang=\"es\" dir=\"ltr\"><a href=\"https:\/\/twitter.com\/hashtag\/Hora20?src=hash&amp;ref_src=twsrc%5Etfw\">#Hora20<\/a> | \u201cLo que est\u00e1 importando es el tema electoral: gobierno manteniendo coalici\u00f3n y oposici\u00f3n evitando que eso ocurra. Reformas en mitad de camino pueden ser un fracaso\u201d <a href=\"https:\/\/twitter.com\/JairoLibreros?ref_src=twsrc%5Etfw\">@JairoLibreros<\/a> \u25b6\ufe0f <a href=\"https:\/\/t.co\/Q5hohaBGX4\">https:\/\/t.co\/Q5hohaBGX4<\/a> <a href=\"https:\/\/t.co\/L7T3WPRuaI\">pic.twitter.com\/L7T3WPRuaI<\/a><\/p>\n<p>&mdash; Hora 20 (@Hora20) <a href=\"https:\/\/twitter.com\/Hora20\/status\/1617694184621604864?ref_src=twsrc%5Etfw\">January 24, 2023<\/a><\/p><\/blockquote>\n<p><script async src=\"https:\/\/platform.twitter.com\/widgets.js\" charset=\"utf-8\"><\/script><\/p>\n<p class=\"p1\"><span style=\"font-size: 14pt;\">Destac\u00f3 que el gobierno colombiano aplica la\u00a0<b>\u201cmetodolog\u00eda chavista\u201d<\/b>, pues afirma que en el pasado cuando la oposici\u00f3n convocaba a una marcha,\u00a0<b>Hugo Ch\u00e1vez<\/b>\u00a0llamaba a una contramarcha, \u201cera ver qui\u00e9n sacaba m\u00e1s gente y la consecuencia no era di\u00e1logo o terminar en consensos; era una gran polarizaci\u00f3n y divisi\u00f3n del pa\u00eds\u201d.<\/span><\/p>\n<blockquote hcb-fetch-image-from=\"https:\/\/twitter.com\/Hora20\/status\/1617697621761458178?s=20&amp;t=z0v-EgCcrnyeWfQYumOSnA\" class=\"twitter-tweet\" data-width=\"550\" data-dnt=\"true\">\n<p lang=\"es\" dir=\"ltr\"><a href=\"https:\/\/twitter.com\/hashtag\/Hora20?src=hash&amp;ref_src=twsrc%5Etfw\">#Hora20<\/a> | \u201cVemos esfuerzos muy individuales que no conducen a nada. Por otro lado, es muy dif\u00edcil hacerle oposici\u00f3n a un gobierno que no tiene una hoja de ruta clara\u201d <a href=\"https:\/\/twitter.com\/JairoLibreros?ref_src=twsrc%5Etfw\">@JairoLibreros<\/a> \u25b6\ufe0f <a href=\"https:\/\/t.co\/Q5hohaBGX4\">https:\/\/t.co\/Q5hohaBGX4<\/a> <a href=\"https:\/\/t.co\/es8MGaSHp7\">pic.twitter.com\/es8MGaSHp7<\/a><\/p>\n<p>&mdash; Hora 20 (@Hora20) <a href=\"https:\/\/twitter.com\/Hora20\/status\/1617697621761458178?ref_src=twsrc%5Etfw\">January 24, 2023<\/a><\/p><\/blockquote>\n<p><script async src=\"https:\/\/platform.twitter.com\/widgets.js\" charset=\"utf-8\"><\/script><\/p>\n<p class=\"p1\"><span style=\"font-size: 14pt;\"><b>Para Alexander L\u00f3pez, senador de la rep\u00fablica por el Pacto Hist\u00f3rico,\u00a0<\/b>el gobierno est\u00e1 proponiendo unas reformas de fondo al sistema social del pa\u00eds y que el objetivo de convocar a la calle es tener un di\u00e1logo social con los ciudadanos, pues afirma que el\u00a0<b>presidente Petro<\/b>\u00a0busca que miembros del gobierno y del partido de gobierno hagan presencia en las comunidades para generar pedagog\u00eda en lo cambios y transformaciones que se est\u00e1n haciendo \u201choy convocamos a un di\u00e1logo permanente con los colombianos y no es malo que se plantee una nueva forma de comunicar; no es coincidencia que ese d\u00eda se escuchen voces del gobierno y de la oposici\u00f3n\u201d. En ese sentido respondi\u00f3 que no hay ning\u00fan problema en que tanto oposici\u00f3n como gobierno salgan a la calle el mismo d\u00eda, pues afirma que el prop\u00f3sito no es medir fuerzas pol\u00edticas.<\/span><\/p>\n<blockquote hcb-fetch-image-from=\"https:\/\/twitter.com\/Hora20\/status\/1617697875189764097?s=20&amp;t=z0v-EgCcrnyeWfQYumOSnA\" class=\"twitter-tweet\" data-width=\"550\" data-dnt=\"true\">\n<p lang=\"es\" dir=\"ltr\"><a href=\"https:\/\/twitter.com\/hashtag\/Hora20?src=hash&amp;ref_src=twsrc%5Etfw\">#Hora20<\/a> | \u201cNo hay liderazgo en la oposici\u00f3n por eso es chocante y contradictorio y no se entiende por qu\u00e9 de un lado y del otro se convoque a marchas sin saber contra que o a favor de que se protesta\u201d <a href=\"https:\/\/twitter.com\/JairoLibreros?ref_src=twsrc%5Etfw\">@JairoLibreros<\/a> \u25b6\ufe0f <a href=\"https:\/\/t.co\/Q5hohaBGX4\">https:\/\/t.co\/Q5hohaBGX4<\/a> <a href=\"https:\/\/t.co\/1kf8id0eZM\">pic.twitter.com\/1kf8id0eZM<\/a><\/p>\n<p>&mdash; Hora 20 (@Hora20) <a href=\"https:\/\/twitter.com\/Hora20\/status\/1617697875189764097?ref_src=twsrc%5Etfw\">January 24, 2023<\/a><\/p><\/blockquote>\n<p><script async src=\"https:\/\/platform.twitter.com\/widgets.js\" charset=\"utf-8\"><\/script><\/p>\n<p class=\"p1\"><span style=\"font-size: 14pt;\"><b>Sandra Borda, polit\u00f3loga, profesora en la Universidad de los Andes y columnista<\/b>, explic\u00f3 que la protesta social es una instancia de participaci\u00f3n a la que acude la sociedad civil cuando se siente que partidos o instancias de gobierno no responden a sus necesidades, pero dice que resulta parad\u00f3jico que sean los partidos de oposici\u00f3n y el mismo gobierno que convoquen a la protesta social, \u201cno est\u00e1 para legitimar a nadie, se recurre de manera aut\u00f3noma cuando se encuentre necesario\u201d. Por lo cual, afirma que hay algo de manoseo a las organizaciones sociales y de sociedad civil cuando se le convoca de un lado o de otro para que rechacen al gobierno o para que se le d\u00e9 m\u00e1s legitimidad a un gobierno.<\/span><\/p>\n<blockquote hcb-fetch-image-from=\"https:\/\/twitter.com\/Hora20\/status\/1617699720125718528?s=20&amp;t=z0v-EgCcrnyeWfQYumOSnA\" class=\"twitter-tweet\" data-width=\"550\" data-dnt=\"true\">\n<p lang=\"es\" dir=\"ltr\"><a href=\"https:\/\/twitter.com\/hashtag\/Hora20?src=hash&amp;ref_src=twsrc%5Etfw\">#Hora20<\/a> | \u201cYo creo que el proyecto del metro en este momento entr\u00f3 en un limbo por la decisi\u00f3n de Petro y por la coincidencia con las elecciones\u201d <a href=\"https:\/\/twitter.com\/JairoLibreros?ref_src=twsrc%5Etfw\">@JairoLibreros<\/a> \u25b6\ufe0f <a href=\"https:\/\/t.co\/Q5hohaBGX4\">https:\/\/t.co\/Q5hohaBGX4<\/a> <a href=\"https:\/\/t.co\/odRxLPsaa9\">pic.twitter.com\/odRxLPsaa9<\/a><\/p>\n<p>&mdash; Hora 20 (@Hora20) <a href=\"https:\/\/twitter.com\/Hora20\/status\/1617699720125718528?ref_src=twsrc%5Etfw\">January 24, 2023<\/a><\/p><\/blockquote>\n<p><script async src=\"https:\/\/platform.twitter.com\/widgets.js\" charset=\"utf-8\"><\/script><\/p>\n<p class=\"p1\"><span style=\"font-size: 14pt;\">Por otro lado, destac\u00f3 que es loable que el gobierno busque entrar en contacto con la ciudadan\u00eda para construir reformas, pero recuerda que teniendo en cuenta las experiencias como las de los di\u00e1logos regionales vinculantes, es necesario clarificar la forma como se tramitan esos reclamos de la ciudadan\u00eda tras el escenario de escucha, \u201csi no, no es solo di\u00e1logo y escucha, sino tener m\u00e1s legitimidad para que el gobierno demuestre a instituciones y a la oposici\u00f3n, que cuando no les lleve la corriente, est\u00e1n dispuestos a convocar a la gente a la calle\u201d. Agreg\u00f3 que tanto de la oposici\u00f3n como del gobierno hay una dificultad por negociar pol\u00edticamente y por esa raz\u00f3n se busca convocar a la calle, \u201cel ejercicio de negociaci\u00f3n de ambos lados se evita llamando a la protesta y dicen que hay mucha gente detr\u00e1s de ellos y que no tiene por qu\u00e9 hacer concesiones\u201d.<\/span><\/p>\n<blockquote hcb-fetch-image-from=\"https:\/\/twitter.com\/Hora20\/status\/1617699941027123201?s=20&amp;t=z0v-EgCcrnyeWfQYumOSnA\" class=\"twitter-tweet\" data-width=\"550\" data-dnt=\"true\">\n<p lang=\"es\" dir=\"ltr\"><a href=\"https:\/\/twitter.com\/hashtag\/Hora20?src=hash&amp;ref_src=twsrc%5Etfw\">#Hora20<\/a> | \u201cLos costos de transacci\u00f3n si esto pasa son monumentales. Toca cambiar el objeto del contrato, el costo de financiamiento. Los costos no sabemos de d\u00f3nde van a salir\u201d <a href=\"https:\/\/twitter.com\/JairoLibreros?ref_src=twsrc%5Etfw\">@JairoLibreros<\/a> \u25b6\ufe0f <a href=\"https:\/\/t.co\/Q5hohaBGX4\">https:\/\/t.co\/Q5hohaBGX4<\/a> <a href=\"https:\/\/t.co\/lSnTmb4Gu1\">pic.twitter.com\/lSnTmb4Gu1<\/a><\/p>\n<p>&mdash; Hora 20 (@Hora20) <a href=\"https:\/\/twitter.com\/Hora20\/status\/1617699941027123201?ref_src=twsrc%5Etfw\">January 24, 2023<\/a><\/p><\/blockquote>\n<p><script async src=\"https:\/\/platform.twitter.com\/widgets.js\" charset=\"utf-8\"><\/script><\/p>\n<p class=\"p1\"><span style=\"font-size: 14pt;\"><b>Para Jairo Libreros, abogado, profesor universitario y experto en asuntos de seguridad,\u00a0<\/b>el llamado a la protesta que hace el gobierno no es un ejercicio de democracia deliberativa, \u201ces un ejercicio plebiscitario, pero es autoritario y populista\u201d. Incluso, manifest\u00f3 que se busca extender la capacidad de la coalici\u00f3n de gobierno, pero que lo m\u00e1s delicado consiste en que las reformas no est\u00e1n todav\u00eda listas, \u201ccreo que por lo menos, en reforma a salud, el tema no est\u00e1 listo, no hay ajustes necesarios. Pero si tuvi\u00e9ramos el articulado y tuvi\u00e9ramos posibilidad de fortalecer la iniciativa de pol\u00edtica p\u00fablica, otro ser\u00eda el escenario\u201d.<\/span><\/p>\n<blockquote hcb-fetch-image-from=\"https:\/\/twitter.com\/Hora20\/status\/1617700130433503233?s=20&amp;t=z0v-EgCcrnyeWfQYumOSnA\" class=\"twitter-tweet\" data-width=\"550\" data-dnt=\"true\">\n<p lang=\"es\" dir=\"ltr\"><a href=\"https:\/\/twitter.com\/hashtag\/Hora20?src=hash&amp;ref_src=twsrc%5Etfw\">#Hora20<\/a> | \u201cOtra preocupaci\u00f3n es que si esto se da, queda en el limbo la financiaci\u00f3n de la segunda l\u00ednea del metro que algo ha avanzado en estudios\u201d <a href=\"https:\/\/twitter.com\/JairoLibreros?ref_src=twsrc%5Etfw\">@JairoLibreros<\/a> \u25b6\ufe0f <a href=\"https:\/\/t.co\/Q5hohaBGX4\">https:\/\/t.co\/Q5hohaBGX4<\/a> <a href=\"https:\/\/t.co\/PGoX0upbOw\">pic.twitter.com\/PGoX0upbOw<\/a><\/p>\n<p>&mdash; Hora 20 (@Hora20) <a href=\"https:\/\/twitter.com\/Hora20\/status\/1617700130433503233?ref_src=twsrc%5Etfw\">January 24, 2023<\/a><\/p><\/blockquote>\n<p><script async src=\"https:\/\/platform.twitter.com\/widgets.js\" charset=\"utf-8\"><\/script><\/p>\n<p class=\"p1\"><span style=\"font-size: 14pt;\">Tambi\u00e9n resalt\u00f3 que el gobierno y la oposici\u00f3n est\u00e1n en modo elecciones regionales y que buscar\u00e1n atar la discusi\u00f3n de las reformas que son t\u00e9cnicas, al resultado electoral de octubre. Por \u00faltimo, plante\u00f3 que en la opci\u00f3n no hay liderazgos claros y que es mucho m\u00e1s dif\u00edcil cuando no se conoce la hoja de ruta que el gobierno va a implementar en pol\u00edtica p\u00fablica.<\/span><\/p>\n<blockquote hcb-fetch-image-from=\"https:\/\/twitter.com\/JairoLibreros\/status\/1618313244493631490?s=20&amp;t=z0v-EgCcrnyeWfQYumOSnA\" class=\"twitter-tweet\" data-width=\"550\" data-dnt=\"true\">\n<p lang=\"es\" dir=\"ltr\">Debate <a href=\"https:\/\/twitter.com\/Hora20?ref_src=twsrc%5Etfw\">@Hora20<\/a> <a href=\"https:\/\/twitter.com\/CaracolRadio?ref_src=twsrc%5Etfw\">@CaracolRadio<\/a> <br \/>Gobierno y oposici\u00f3n convocan a manifestaciones, \u00bfa qui\u00e9n le conviene? <a href=\"https:\/\/t.co\/2IPzgBAeZ7\">https:\/\/t.co\/2IPzgBAeZ7<\/a><\/p>\n<p>&mdash; Jairo Libreros (@JairoLibreros) <a href=\"https:\/\/twitter.com\/JairoLibreros\/status\/1618313244493631490?ref_src=twsrc%5Etfw\">January 25, 2023<\/a><\/p><\/blockquote>\n<p><script async src=\"https:\/\/platform.twitter.com\/widgets.js\" charset=\"utf-8\"><\/script><\/p>\n<p><span style=\"font-size: 14pt;\"><strong>El link de Hora20 de Caracol Radio con el audio del debate es el siguiente:<\/strong><\/span><\/p>\n<p><span style=\"text-decoration: underline; font-size: 14pt;\"><a href=\"https:\/\/caracol.com.co\/2023\/01\/24\/protesta-social-escenario-para-discutir-o-para-medir-fuerzas\/\">https:\/\/caracol.com.co\/2023\/01\/24\/protesta-social-escenario-para-discutir-o-para-medir-fuerzas\/<\/a><\/span><\/p>\n<p><span style=\"font-size: 14pt;\"><strong>Y el link en YouTube:<\/strong><\/span><\/p>\n<p><iframe hcb-fetch-image-from=\"https:\/\/www.youtube.com\/watch?v=GzOOWDSSKW0\" title=\"Hora 20 - Gobierno y oposici\u00f3n convocan a manifestaciones, \u00bfa qui\u00e9n le conviene?\" width=\"640\" height=\"360\" src=\"https:\/\/www.youtube.com\/embed\/GzOOWDSSKW0?feature=oembed\" frameborder=\"0\" allow=\"accelerometer; autoplay; clipboard-write; encrypted-media; gyroscope; picture-in-picture; web-share\" referrerpolicy=\"strict-origin-when-cross-origin\" allowfullscreen><\/iframe><\/p>\n","protected":false},"excerpt":{"rendered":"<p>Protesta social, \u00bfescenario para discutir o para medir fuerzas? Jairo Libreros, panelista Hora20 de Caracol Radio: El llamado a las calles que hace <\/p>\n","protected":false},"author":1,"featured_media":428,"comment_status":"open","ping_status":"open","sticky":false,"template":"","format":"standard","meta":{"om_disable_all_campaigns":false,"_monsterinsights_skip_tracking":false,"_monsterinsights_sitenote_active":false,"_monsterinsights_sitenote_note":"","_monsterinsights_sitenote_category":0,"footnotes":""},"categories":[1],"tags":[44,54,37,53],"aioseo_notices":[],"class_list":["post-1607","post","type-post","status-publish","format-standard","has-post-thumbnail","hentry","category-jairo-libreros","tag-elecciones","tag-comunicacion-politica","tag-movilizacion-social","tag-politicas-publicas"],"_links":{"self":[{"href":"https:\/\/jairolibreros.com\/index.php?rest_route=\/wp\/v2\/posts\/1607"}],"collection":[{"href":"https:\/\/jairolibreros.com\/index.php?rest_route=\/wp\/v2\/posts"}],"about":[{"href":"https:\/\/jairolibreros.com\/index.php?rest_route=\/wp\/v2\/types\/post"}],"author":[{"embeddable":true,"href":"https:\/\/jairolibreros.com\/index.php?rest_route=\/wp\/v2\/users\/1"}],"replies":[{"embeddable":true,"href":"https:\/\/jairolibreros.com\/index.php?rest_route=%2Fwp%2Fv2%2Fcomments&post=1607"}],"version-history":[{"count":5,"href":"https:\/\/jairolibreros.com\/index.php?rest_route=\/wp\/v2\/posts\/1607\/revisions"}],"predecessor-version":[{"id":1864,"href":"https:\/\/jairolibreros.com\/index.php?rest_route=\/wp\/v2\/posts\/1607\/revisions\/1864"}],"wp:featuredmedia":[{"embeddable":true,"href":"https:\/\/jairolibreros.com\/index.php?rest_route=\/wp\/v2\/media\/428"}],"wp:attachment":[{"href":"https:\/\/jairolibreros.com\/index.php?rest_route=%2Fwp%2Fv2%2Fmedia&parent=1607"}],"wp:term":[{"taxonomy":"category","embeddable":true,"href":"https:\/\/jairolibreros.com\/index.php?rest_route=%2Fwp%2Fv2%2Fcategories&post=1607"},{"taxonomy":"post_tag","embeddable":true,"href":"https:\/\/jairolibreros.com\/index.php?rest_route=%2Fwp%2Fv2%2Ftags&post=1607"}],"curies":[{"name":"wp","href":"https:\/\/api.w.org\/{rel}","templated":true}]}}