{"id":1634,"date":"2023-04-25T21:20:12","date_gmt":"2023-04-25T21:20:12","guid":{"rendered":"https:\/\/jairolibreros.com\/?p=1634"},"modified":"2025-10-22T14:03:43","modified_gmt":"2025-10-22T14:03:43","slug":"como-garantizar-que-la-ley-de-sometimiento-sea-exitosa","status":"publish","type":"post","link":"https:\/\/jairolibreros.com\/?p=1634","title":{"rendered":"\u00bfC\u00f3mo garantizar que la ley de sometimiento sea exitosa?"},"content":{"rendered":"<p><span style=\"font-size: 14pt;\"><strong>\u00bfC\u00f3mo garantizar que la ley de sometimiento sea exitosa?<\/strong><\/span><\/p>\n<p><span style=\"font-size: 14pt;\"><strong>Jairo Libreros<\/strong>, panelista Hora20 de Caracol Radio<\/span><\/p>\n<blockquote hcb-fetch-image-from=\"https:\/\/twitter.com\/Hora20\/status\/1636534888546410497?s=20\" class=\"twitter-tweet\" data-width=\"550\" data-dnt=\"true\">\n<p lang=\"es\" dir=\"ltr\"><a href=\"https:\/\/twitter.com\/hashtag\/Hora20?src=hash&amp;ref_src=twsrc%5Etfw\">#Hora20<\/a> | \u201cEl proyecto de ley de sometimiento es necesario, creo que se queda limitado en materia de v\u00edctimas\u201d, <a href=\"https:\/\/twitter.com\/JairoLibreros?ref_src=twsrc%5Etfw\">@JairoLibreros<\/a> \u25b6\ufe0f <a href=\"https:\/\/t.co\/PbCf0Q2Nu1\">https:\/\/t.co\/PbCf0Q2Nu1<\/a> <a href=\"https:\/\/t.co\/zisfxB3JOl\">pic.twitter.com\/zisfxB3JOl<\/a><\/p>\n<p>&mdash; Hora 20 (@Hora20) <a href=\"https:\/\/twitter.com\/Hora20\/status\/1636534888546410497?ref_src=twsrc%5Etfw\">March 17, 2023<\/a><\/p><\/blockquote>\n<p><script async src=\"https:\/\/platform.twitter.com\/widgets.js\" charset=\"utf-8\"><\/script><\/p>\n<p class=\"p1\"><span style=\"font-size: 14pt;\"><b>Jairo Libreros, abogado, profesor en la Universidad Externado y experto en asuntos de seguridad<\/b>, se\u00f1al\u00f3 que el proyecto de ley sometimiento es necesario en lo estrat\u00e9gico, pero que sumado a la paz total se queda limitada en v\u00edctimas, \u201cno atiende el est\u00e1ndar internacional y es coja porque no tiene est\u00edmulos suficientes como lo hay en otras leyes de sometimiento\u201d. Tambi\u00e9n se\u00f1al\u00f3 que no se est\u00e1 desmantelando el Estado de derecho, sino que se busca evitar el desgaste del Estado en la lucha contra la criminalidad y disminuir la violencia.<\/span><\/p>\n<p class=\"p1\"><span style=\"font-size: 14pt;\">Agreg\u00f3 que para que la ley sea exitosa, se necesita un mayor est\u00edmulo de la pol\u00edtica en seguridad y defensa nacional en el cual se presione a la organizaci\u00f3n armada, \u201cel caso de ac\u00e1 es que no hay pol\u00edtica en seguridad que es est\u00edmulo para que se sometan\u201d.<\/span><\/p>\n<p><iframe hcb-fetch-image-from=\"https:\/\/www.youtube.com\/watch?v=B-35D4caGC8\" title=\"Hora 20 - \u00bfCu\u00e1les son los desaf\u00edos que enfrenta la ley de sometimiento en el Congreso?\" width=\"640\" height=\"360\" src=\"https:\/\/www.youtube.com\/embed\/B-35D4caGC8?feature=oembed\" frameborder=\"0\" allow=\"accelerometer; autoplay; clipboard-write; encrypted-media; gyroscope; picture-in-picture; web-share\" referrerpolicy=\"strict-origin-when-cross-origin\" allowfullscreen><\/iframe><\/p>\n<p class=\"p1\" style=\"text-align: left;\"><span style=\"font-size: 14pt;\"><strong>Panelistas consideran que debe estar acompa\u00f1ada de la implementaci\u00f3n de una nueva pol\u00edtica antidrogas, as\u00ed como una estrategia en seguridad que someta a las organizaciones armadas<\/strong><\/span><\/p>\n<blockquote hcb-fetch-image-from=\"https:\/\/twitter.com\/Hora20\/status\/1636535187508023299?s=20\" class=\"twitter-tweet\" data-width=\"550\" data-dnt=\"true\">\n<p lang=\"es\" dir=\"ltr\"><a href=\"https:\/\/twitter.com\/hashtag\/Hora20?src=hash&amp;ref_src=twsrc%5Etfw\">#Hora20<\/a> | \u201cAqu\u00ed no se est\u00e1 desmantelando el Estado de derecho, esa es una afirmaci\u00f3n del fiscal y creo que el no ha entendido lo que es una ley de sometimiento. Hay una situaci\u00f3n de violencia que tiene que disminuir y este tipo de leyes se hicieron para eso\u201d, <a href=\"https:\/\/twitter.com\/JairoLibreros?ref_src=twsrc%5Etfw\">@JairoLibreros<\/a> <a href=\"https:\/\/t.co\/8N7POdzMws\">pic.twitter.com\/8N7POdzMws<\/a><\/p>\n<p>&mdash; Hora 20 (@Hora20) <a href=\"https:\/\/twitter.com\/Hora20\/status\/1636535187508023299?ref_src=twsrc%5Etfw\">March 17, 2023<\/a><\/p><\/blockquote>\n<p><script async src=\"https:\/\/platform.twitter.com\/widgets.js\" charset=\"utf-8\"><\/script><\/p>\n<p class=\"p1\"><span style=\"font-size: 14pt;\">En Hora20 el an\u00e1lisis a los recientes reparos que llegan desde varios frentes a la ley de sometimiento de bandas criminales. Hablamos de los incentivos para el sometimiento, de la realidad de la violencia, as\u00ed como una mirada al reciente informe de Naciones Unidas que deja mal parada a Colombia en el tr\u00e1fico de coca\u00edna. Despu\u00e9s el debate sobre el inicio de sesiones ordinarias en el congreso.<\/span><\/p>\n<blockquote hcb-fetch-image-from=\"https:\/\/twitter.com\/Hora20\/status\/1636535425459277826?s=20\" class=\"twitter-tweet\" data-width=\"550\" data-dnt=\"true\">\n<p lang=\"es\" dir=\"ltr\"><a href=\"https:\/\/twitter.com\/hashtag\/Hora20?src=hash&amp;ref_src=twsrc%5Etfw\">#Hora20<\/a> | \u201cEl problema del caso colombiano es que no tenemos pol\u00edtica de seguridad y defensa, que es un est\u00edmulo para que los grupos se acojan a la justicia\u201d, <a href=\"https:\/\/twitter.com\/JairoLibreros?ref_src=twsrc%5Etfw\">@JairoLibreros<\/a> \u25b6\ufe0f <a href=\"https:\/\/t.co\/PbCf0Q2Nu1\">https:\/\/t.co\/PbCf0Q2Nu1<\/a> <a href=\"https:\/\/t.co\/9c5KqONTtf\">pic.twitter.com\/9c5KqONTtf<\/a><\/p>\n<p>&mdash; Hora 20 (@Hora20) <a href=\"https:\/\/twitter.com\/Hora20\/status\/1636535425459277826?ref_src=twsrc%5Etfw\">March 17, 2023<\/a><\/p><\/blockquote>\n<p><script async src=\"https:\/\/platform.twitter.com\/widgets.js\" charset=\"utf-8\"><\/script><\/p>\n<p class=\"p1\"><span style=\"font-size: 14pt;\">Una cascada de cr\u00edticas ha generado la radicaci\u00f3n del proyecto de ley de sometimiento presentado por el gobierno nacional y que tiene como objetivo desmantelar las estructuras criminales de alto impacto a trav\u00e9s de su entrega, aceptaci\u00f3n de delitos, entrega de bienes e informaci\u00f3n, as\u00ed como reparaci\u00f3n a las v\u00edctimas. No obstante, la Fiscal\u00eda en cabeza de Francisco Barbosa ha expresado varios reparos, ha dicho que la aprobaci\u00f3n de esta ley llevar\u00eda al desmantelamiento del Estado de derecho, que es un proceso de paz simulado y que no deber\u00eda llevar mensaje de urgencia. La procuradora, Margarita Cabello ha dicho que hay micos en temas como la extradici\u00f3n y que se deja de lado a las v\u00edctimas. Mientras que centros de estudios como la Corporaci\u00f3n Excelencia en la Justicia plantean que un principio de oportunidad en delitos como concierto para delinquir es una especie de indulto.<\/span><\/p>\n<blockquote hcb-fetch-image-from=\"https:\/\/twitter.com\/Hora20\/status\/1636535702602088448?s=20\" class=\"twitter-tweet\" data-width=\"550\" data-dnt=\"true\">\n<p lang=\"es\" dir=\"ltr\"><a href=\"https:\/\/twitter.com\/hashtag\/Hora20?src=hash&amp;ref_src=twsrc%5Etfw\">#Hora20<\/a> | \u201cColombia tiene un problema muy grave en el tema de las v\u00edctimas y testigos, en ning\u00fan apartado del articulado hay una menci\u00f3n sobre la seguridad de las v\u00edctimas y los testigos\u201d, <a href=\"https:\/\/twitter.com\/JairoLibreros?ref_src=twsrc%5Etfw\">@JairoLibreros<\/a> \u25b6\ufe0f <a href=\"https:\/\/t.co\/PbCf0Q2Nu1\">https:\/\/t.co\/PbCf0Q2Nu1<\/a> <a href=\"https:\/\/t.co\/5NiuOeOoI3\">pic.twitter.com\/5NiuOeOoI3<\/a><\/p>\n<p>&mdash; Hora 20 (@Hora20) <a href=\"https:\/\/twitter.com\/Hora20\/status\/1636535702602088448?ref_src=twsrc%5Etfw\">March 17, 2023<\/a><\/p><\/blockquote>\n<p><script async src=\"https:\/\/platform.twitter.com\/widgets.js\" charset=\"utf-8\"><\/script><\/p>\n<p class=\"p1\"><span style=\"font-size: 14pt;\">El gobierno ha dicho que las recomendaciones que hizo tanto la Fiscal\u00eda como la Procuradur\u00eda en el Consejo de Pol\u00edtica Criminal fueron acogidos y que s\u00ed hay cambios frente al proyecto original en temas como las v\u00edctimas, los bienes con los que se quedan las organizaciones criminales y el principio de oportunidad. Y es que es precisamente en estos temas donde hay m\u00e1s pol\u00e9mica, pues las organizaciones se podr\u00edan quedar hasta con 10 mil salarios m\u00ednimos de lo que entreguen, tendr\u00edan penas entre 6 y 8 a\u00f1os, m\u00e1s cuatro a\u00f1os de penas restaurativas, el principio de oportunidad llevar\u00eda al cese de la acci\u00f3n penal y la Fiscal\u00eda ser\u00eda la encargada de adelantar las acciones penales ante los jueces. Sin embargo, estas organizaciones deben cumplir con unas condiciones de sometimiento, adem\u00e1s, de estar bajo una caracterizaci\u00f3n como tener funciones en econom\u00edas il\u00edcitas, sometimiento a la poblaci\u00f3n civil y tener una estructura jer\u00e1rquica.<\/span><\/p>\n<blockquote hcb-fetch-image-from=\"https:\/\/twitter.com\/Hora20\/status\/1636539508165419008?s=20\" class=\"twitter-tweet\" data-width=\"550\" data-dnt=\"true\">\n<p lang=\"es\" dir=\"ltr\"><a href=\"https:\/\/twitter.com\/hashtag\/Hora20?src=hash&amp;ref_src=twsrc%5Etfw\">#Hora20<\/a> | \u201cLa formulaci\u00f3n de leyes desde la ley de Palermo dice que es necesario no solamente tener la capacidad legislativa, sino que el tratamiento judicial tiene que responder a la realidad que hay en los terrenos\u201d, <a href=\"https:\/\/twitter.com\/JairoLibreros?ref_src=twsrc%5Etfw\">@JairoLibreros<\/a> \u25b6\ufe0f <a href=\"https:\/\/t.co\/PbCf0Q2Nu1\">https:\/\/t.co\/PbCf0Q2Nu1<\/a> <a href=\"https:\/\/t.co\/yuGZE85YH2\">pic.twitter.com\/yuGZE85YH2<\/a><\/p>\n<p>&mdash; Hora 20 (@Hora20) <a href=\"https:\/\/twitter.com\/Hora20\/status\/1636539508165419008?ref_src=twsrc%5Etfw\">March 17, 2023<\/a><\/p><\/blockquote>\n<p><script async src=\"https:\/\/platform.twitter.com\/widgets.js\" charset=\"utf-8\"><\/script><\/p>\n<p class=\"p1\"><span style=\"font-size: 14pt;\">Este debate se da en medio de la publicaci\u00f3n del informe de Naciones Unidas sobre cultivos il\u00edcitos el cual da cuenta de un aumento del 35% de cultivos de coca en el mundo.<\/span><\/p>\n<blockquote hcb-fetch-image-from=\"https:\/\/twitter.com\/Hora20\/status\/1636539713774338049?s=20\" class=\"twitter-tweet\" data-width=\"550\" data-dnt=\"true\">\n<p lang=\"es\" dir=\"ltr\"><a href=\"https:\/\/twitter.com\/hashtag\/Hora20?src=hash&amp;ref_src=twsrc%5Etfw\">#Hora20<\/a> | \u201cLas organizaciones se adaptan de acuerdo a las capacidades y vac\u00edos que tiene el Estado\u201d, <a href=\"https:\/\/twitter.com\/JairoLibreros?ref_src=twsrc%5Etfw\">@JairoLibreros<\/a> \u25b6\ufe0f <a href=\"https:\/\/t.co\/PbCf0Q2Nu1\">https:\/\/t.co\/PbCf0Q2Nu1<\/a> <a href=\"https:\/\/t.co\/od4FA52oXF\">pic.twitter.com\/od4FA52oXF<\/a><\/p>\n<p>&mdash; Hora 20 (@Hora20) <a href=\"https:\/\/twitter.com\/Hora20\/status\/1636539713774338049?ref_src=twsrc%5Etfw\">March 17, 2023<\/a><\/p><\/blockquote>\n<p><script async src=\"https:\/\/platform.twitter.com\/widgets.js\" charset=\"utf-8\"><\/script><\/p>\n<p class=\"p1\"><span style=\"font-size: 14pt;\"><b>Jairo Libreros, abogado, profesor en la Universidad Externado y experto en asuntos de seguridad<\/b>, se\u00f1al\u00f3 que el proyecto de ley sometimiento es necesario en lo estrat\u00e9gico, pero que sumado a la paz total se queda limitada en v\u00edctimas, \u201cno atiende el est\u00e1ndar internacional y es coja porque no tiene est\u00edmulos suficientes como lo hay en otras leyes de sometimiento\u201d. Tambi\u00e9n se\u00f1al\u00f3 que no se est\u00e1 desmantelando el Estado de derecho, sino que se busca evitar el desgaste del Estado en la lucha contra la criminalidad y disminuir la violencia.<\/span><\/p>\n<blockquote hcb-fetch-image-from=\"https:\/\/twitter.com\/Hora20\/status\/1636543427075616768?s=20\" class=\"twitter-tweet\" data-width=\"550\" data-dnt=\"true\">\n<p lang=\"es\" dir=\"ltr\"><a href=\"https:\/\/twitter.com\/hashtag\/Hora20?src=hash&amp;ref_src=twsrc%5Etfw\">#Hora20<\/a> | \u201cNecesitamos un cambio, se requiere una orientaci\u00f3n llevada a temas de salud p\u00fablica\u201d, <a href=\"https:\/\/twitter.com\/JairoLibreros?ref_src=twsrc%5Etfw\">@JairoLibreros<\/a> \u25b6\ufe0f <a href=\"https:\/\/t.co\/PbCf0Q2Nu1\">https:\/\/t.co\/PbCf0Q2Nu1<\/a> <a href=\"https:\/\/t.co\/haPZKuL61b\">pic.twitter.com\/haPZKuL61b<\/a><\/p>\n<p>&mdash; Hora 20 (@Hora20) <a href=\"https:\/\/twitter.com\/Hora20\/status\/1636543427075616768?ref_src=twsrc%5Etfw\">March 17, 2023<\/a><\/p><\/blockquote>\n<p><script async src=\"https:\/\/platform.twitter.com\/widgets.js\" charset=\"utf-8\"><\/script><\/p>\n<p class=\"p1\"><span style=\"font-size: 14pt;\">Agreg\u00f3 que para que la ley sea exitosa, se necesita un mayor est\u00edmulo de la pol\u00edtica en seguridad y defensa nacional en el cual se presione a la organizaci\u00f3n armada, \u201cel caso de ac\u00e1 es que no hay pol\u00edtica en seguridad que es est\u00edmulo para que se sometan\u201d.<\/span><\/p>\n<blockquote hcb-fetch-image-from=\"https:\/\/twitter.com\/Hora20\/status\/1636545674828185602?s=20\" class=\"twitter-tweet\" data-width=\"550\" data-dnt=\"true\">\n<p lang=\"es\" dir=\"ltr\"><a href=\"https:\/\/twitter.com\/hashtag\/Hora20?src=hash&amp;ref_src=twsrc%5Etfw\">#Hora20<\/a> | \u201cDos iniciativas con mensaje de urgencia terminan por bloquear la agenda. Creo que este periodo que es el m\u00e1s corto de la legislativa va a terminar muy mal\u201d, <a href=\"https:\/\/twitter.com\/JairoLibreros?ref_src=twsrc%5Etfw\">@JairoLibreros<\/a> \u25b6\ufe0f <a href=\"https:\/\/t.co\/PbCf0Q2Nu1\">https:\/\/t.co\/PbCf0Q2Nu1<\/a> <a href=\"https:\/\/t.co\/N7FKLxHE9u\">pic.twitter.com\/N7FKLxHE9u<\/a><\/p>\n<p>&mdash; Hora 20 (@Hora20) <a href=\"https:\/\/twitter.com\/Hora20\/status\/1636545674828185602?ref_src=twsrc%5Etfw\">March 17, 2023<\/a><\/p><\/blockquote>\n<p><script async src=\"https:\/\/platform.twitter.com\/widgets.js\" charset=\"utf-8\"><\/script><\/p>\n<p class=\"p1\"><span style=\"font-size: 14pt;\"><b>Para Jorge Restrepo, economista, profesor en la Universidad Javeriana, columnista en Portafolio y director del Cerac<\/b>, la carencia en una pol\u00edtica de lucha contra organizaciones criminales y seguridad, que afecte el lavado de activos y el agravamiento del uso de la violencia con imputaciones a los delitos, \u201cen Colombia dicen que es suficiente con concierto para delinquir, para organizaciones no es suficiente con eso y tampoco es suficiente con la estructura que tenemos de persecuci\u00f3n penal en la Fiscal\u00eda\u201d. Tambi\u00e9n se\u00f1al\u00f3 que sin una Fiscal\u00eda dispuesta a acoger la ley y negociar con organizaciones y hacer investigaciones y procesos contundente en t\u00e9rminos de generaci\u00f3n de violencia, \u201cesta ley mal o bien va a fracasar\u201d, afirm\u00f3. Por otro lado, dijo que es clave superar el debate sobre extradici\u00f3n y la implementaci\u00f3n del acuerdo de paz con las Farc.<\/span><\/p>\n<p class=\"p1\"><span style=\"font-size: 14pt;\">Para\u00a0<b>Luis Felipe Henao, exministro de Vivienda y columnista en El Tiempo,\u00a0<\/b>esta ley es improvisaci\u00f3n total, \u201chay boquetes para generar incentivos no para dejar narcotr\u00e1fico, sino para aumentar la capacidad de grupos ilegales en los territorios; hoy lo vemos cuando aumentan masacres, hay desplazamientos por violencia, hay desplazamiento porque se va a cultivar coca porque no hay persecuci\u00f3n\u201d. Tambi\u00e9n dice que es inconstitucional el principio de oportunidad para el concierto para delinquir tal como est\u00e1 plasmado en la ley presentada por el gobierno nacional. Tambi\u00e9n expres\u00f3 que preocupa la poca importancia que tienen las v\u00edctimas en la ley de sometimiento, \u201ccuando la ley desconoce la obligaci\u00f3n del Estado de investigar violaciones de derechos humanos, hace que una ley no sea exitosa\u201d.<\/span><\/p>\n<p class=\"p1\"><span style=\"font-size: 14pt;\"><b>Sandra Borda, polit\u00f3loga, profesora universitaria y columnista,\u00a0<\/b>coment\u00f3 que el an\u00e1lisis que se realice sobre ley de sometimiento pasa por la pol\u00edtica antidrogas que es una decisi\u00f3n tomada por el gobierno en cambiarla con un enfoque basado en la sustituci\u00f3n voluntaria y erradicaci\u00f3n gradual, \u201cel gobierno intenta entonces transformar la pol\u00edtica antidrogas con esas tres premisas y la pol\u00edtica sometimiento dedicadas a este negocio con el objetivo de intentar una aproximaci\u00f3n basada en evidencia\u201d.<\/span><\/p>\n<p class=\"p1\"><span style=\"font-size: 14pt;\">Tambi\u00e9n se\u00f1al\u00f3 que no hay incentivos en ley como un poco de zanahoria y un poco de garrote, \u201cel incentivo de la ausencia de pol\u00edtica de seguridad, garrote no es solo ley, tiene que aumentar costo a ilegales de permanecer en ilegalidad y eso solo se hace a trav\u00e9s de arremetida dura que fue lo que llevo a las Farc a la mesa de negociaci\u00f3n\u201d.<\/span><\/p>\n<p class=\"p1\"><span style=\"font-size: 14pt;\"><b>\u00c1ngela Olaya, socia y cofundadora en Fundaci\u00f3n Conflict Responses y polit\u00f3loga<\/b>, advirti\u00f3 que la ley sometimiento tiene elementos que vale la pena resaltar y hay retos en los que se pasa por tecnicismos jur\u00eddico, \u201cesta ley le apuesta a entender estructuras de manera diferentes, no ley\u00e9ndolas como jer\u00e1rquicas y ahora entendemos que hay distintos tipos de crimen subcontratados, del contexto territorial o bajo el elemento de indicadores de violencia de hoy como desplazamiento, confinamiento que no son que est\u00e9n afectados porque se propuso la ley, son indicadores que vienen desde antes\u201d.<\/span><\/p>\n<p class=\"p1\"><span style=\"font-size: 14pt;\"><strong>\u00bfCu\u00e1les son los desaf\u00edos que enfrenta la ley de sometimiento en el Congreso?<\/strong><\/span><\/p>\n<p><iframe hcb-fetch-image-from=\"https:\/\/www.youtube.com\/watch?v=B-35D4caGC8\" title=\"Hora 20 - \u00bfCu\u00e1les son los desaf\u00edos que enfrenta la ley de sometimiento en el Congreso?\" width=\"640\" height=\"360\" src=\"https:\/\/www.youtube.com\/embed\/B-35D4caGC8?feature=oembed\" frameborder=\"0\" allow=\"accelerometer; autoplay; clipboard-write; encrypted-media; gyroscope; picture-in-picture; web-share\" referrerpolicy=\"strict-origin-when-cross-origin\" allowfullscreen><\/iframe><\/p>\n<!--[if lt IE 9]><script>document.createElement('audio');<\/script><![endif]-->\n<audio class=\"wp-audio-shortcode\" id=\"audio-1634-1\" preload=\"none\" style=\"width: 100%;\" controls=\"controls\"><source type=\"audio\/mpeg\" src=\"https:\/\/jairolibreros.com\/wp-content\/uploads\/2023\/04\/\u00bfCo\u0301mo-garantizar-que-la-ley-de-sometimiento-sea-exitosa.mp3?_=1\" \/><a href=\"https:\/\/jairolibreros.com\/wp-content\/uploads\/2023\/04\/\u00bfCo\u0301mo-garantizar-que-la-ley-de-sometimiento-sea-exitosa.mp3\">https:\/\/jairolibreros.com\/wp-content\/uploads\/2023\/04\/\u00bfCo\u0301mo-garantizar-que-la-ley-de-sometimiento-sea-exitosa.mp3<\/a><\/audio>\n<p><span style=\"font-size: 14pt;\"><strong>El link con el audio del debate de Hora20 de Caracol Radio es el siguiente:<\/strong><\/span><\/p>\n<p><span style=\"text-decoration: underline; font-size: 14pt;\"><a href=\"https:\/\/caracol.com.co\/2023\/03\/17\/como-garantizar-que-la-ley-de-sometimiento-sea-exitosa\/\">https:\/\/caracol.com.co\/2023\/03\/17\/como-garantizar-que-la-ley-de-sometimiento-sea-exitosa\/<\/a><\/span><\/p>\n","protected":false},"excerpt":{"rendered":"<p>\u00bfC\u00f3mo garantizar que la ley de sometimiento sea exitosa? Jairo Libreros, panelista Hora20 de Caracol Radio #Hora20 | \u201cEl proyecto de ley de <\/p>\n","protected":false},"author":1,"featured_media":428,"comment_status":"open","ping_status":"open","sticky":false,"template":"","format":"standard","meta":{"om_disable_all_campaigns":false,"_monsterinsights_skip_tracking":false,"_monsterinsights_sitenote_active":false,"_monsterinsights_sitenote_note":"","_monsterinsights_sitenote_category":0,"footnotes":""},"categories":[94,1],"tags":[54,90,98,39],"aioseo_notices":[],"class_list":["post-1634","post","type-post","status-publish","format-standard","has-post-thumbnail","hentry","category-caracol-radio","category-jairo-libreros","tag-comunicacion-politica","tag-seguridad-y-defensa-nacional","tag-derechos-humanos","tag-seguridad-ciudadana"],"_links":{"self":[{"href":"https:\/\/jairolibreros.com\/index.php?rest_route=\/wp\/v2\/posts\/1634"}],"collection":[{"href":"https:\/\/jairolibreros.com\/index.php?rest_route=\/wp\/v2\/posts"}],"about":[{"href":"https:\/\/jairolibreros.com\/index.php?rest_route=\/wp\/v2\/types\/post"}],"author":[{"embeddable":true,"href":"https:\/\/jairolibreros.com\/index.php?rest_route=\/wp\/v2\/users\/1"}],"replies":[{"embeddable":true,"href":"https:\/\/jairolibreros.com\/index.php?rest_route=%2Fwp%2Fv2%2Fcomments&post=1634"}],"version-history":[{"count":5,"href":"https:\/\/jairolibreros.com\/index.php?rest_route=\/wp\/v2\/posts\/1634\/revisions"}],"predecessor-version":[{"id":1894,"href":"https:\/\/jairolibreros.com\/index.php?rest_route=\/wp\/v2\/posts\/1634\/revisions\/1894"}],"wp:featuredmedia":[{"embeddable":true,"href":"https:\/\/jairolibreros.com\/index.php?rest_route=\/wp\/v2\/media\/428"}],"wp:attachment":[{"href":"https:\/\/jairolibreros.com\/index.php?rest_route=%2Fwp%2Fv2%2Fmedia&parent=1634"}],"wp:term":[{"taxonomy":"category","embeddable":true,"href":"https:\/\/jairolibreros.com\/index.php?rest_route=%2Fwp%2Fv2%2Fcategories&post=1634"},{"taxonomy":"post_tag","embeddable":true,"href":"https:\/\/jairolibreros.com\/index.php?rest_route=%2Fwp%2Fv2%2Ftags&post=1634"}],"curies":[{"name":"wp","href":"https:\/\/api.w.org\/{rel}","templated":true}]}}