{"id":1642,"date":"2023-04-25T22:07:01","date_gmt":"2023-04-25T22:07:01","guid":{"rendered":"https:\/\/jairolibreros.com\/?p=1642"},"modified":"2023-06-14T00:57:38","modified_gmt":"2023-06-14T00:57:38","slug":"queda-en-juego-la-paz-total-luego-del-anuncio-de-la-suspension-del-cese-al-fuego-con-el-clan-del-golfo-en-colombia","status":"publish","type":"post","link":"https:\/\/jairolibreros.com\/?p=1642","title":{"rendered":"\u00bfQueda en juego la &#8216;Paz Total&#8217; luego del anuncio de la suspensi\u00f3n del cese al fuego con el Clan del Golfo en Colombia?"},"content":{"rendered":"<p><span style=\"font-size: 14pt;\"><strong>\u00bfQueda en juego la &#8216;Paz Total&#8217; luego del anuncio de la suspensi\u00f3n del cese al fuego con el Clan del Golfo en Colombia?<\/strong><\/span><\/p>\n<p><span style=\"font-size: 14pt;\"><strong>Jairo Libreros<\/strong>, analista permanente de NTN24<\/span><\/p>\n<p class=\"p1\"><span style=\"font-size: 14pt;\">En di\u00e1logo con NTN24, el analista pol\u00edtico <strong>Jairo Libreros<\/strong> habl\u00f3 sobre la determinaci\u00f3n del mandatario y sus implicaciones.<\/span><\/p>\n<p class=\"p1\"><span style=\"font-size: 14pt;\">Recientemente, el presidente\u00a0<b>Gustavo Petro<\/b>\u00a0anunci\u00f3 la suspensi\u00f3n del cese al fuego bilateral con el\u00a0<b>Clan del Golfo\u00a0<\/b>y orden\u00f3 retomar las operaciones militares en contra de este grupo armado ilegal en\u00a0<b>Colombia<\/b>.<\/span><\/p>\n<p class=\"p1\"><span style=\"font-size: 14pt;\">Tras el anuncio,\u00a0<b>varios gobernadores de los 32 departamentos del pa\u00eds se sumaron en un solo mensaje contra el Gobierno Nacional: &#8220;Libertad y orden&#8221;.\u00a0<\/b><\/span><\/p>\n<p class=\"p1\"><span style=\"font-size: 14pt;\">A trav\u00e9s de sus redes sociales,\u00a0<b>los mandatarios regionales publicaron el escudo de la bandera de Colombia<\/b>\u00a0e hicieron \u00e9nfasis en las emblem\u00e1ticas palabras del s\u00edmbolo patrio colombiano.<\/span><\/p>\n<p class=\"p1\"><span style=\"font-size: 14pt;\">Cabe mencionar que, desde hace varias semanas,\u00a0<b>el pa\u00eds afronta una dif\u00edcil situaci\u00f3n de orden p\u00fablico en regiones como el Bajo Cauca<\/b>, en el departamento de Antioquia, lo que llev\u00f3 al presidente Petro a suspender el cese del fuego con el grupo armado ilegal.<\/span><\/p>\n<p class=\"p1\"><span style=\"font-size: 14pt;\">Al respecto, el programa\u00a0<b>La Tarde<\/b>\u00a0de\u00a0<b>NTN24<\/b>\u00a0dialog\u00f3 con el analista pol\u00edtico<b>\u00a0Jairo Libreros sobre<\/b>\u00a0el pedido de los gobernadores y la determinaci\u00f3n del mandatario colombiano.<\/span><\/p>\n<p class=\"p1\"><span style=\"font-size: 14pt;\"><b>\u201cEs una campa\u00f1a importante en donde muchos sectores del pa\u00eds, afines al petrismo o no, podemos coincidir que se requiere una fuerte intervenci\u00f3n en materia de seguridad para garantizar la libertad, la vida y la integridad de los ciudadanos\u201d<\/b>, sostuvo.<\/span><\/p>\n<p class=\"p1\"><span style=\"font-size: 14pt;\">Por otra parte, <strong>Libreros<\/strong> agreg\u00f3 que, tras su llegada al poder, el presidente\u00a0<b>Gustavo Petro<\/b>\u00a0no logra establecer un mecanismo que le permitiera intimidar y disuadir a los actores al margen de la ley.<\/span><\/p>\n<p class=\"p1\"><span style=\"font-size: 14pt;\"><b>\u201cLa paz total como iniciativa pol\u00edtica p\u00fablica, por la que vot\u00f3 la mayor\u00eda de colombianos en las elecciones del a\u00f1o pasado, se puede frustrar por la crisis de seguridad que ha demostrado la Casa de Nari\u00f1o\u201d<\/b>, afirm\u00f3.<\/span><\/p>\n<p><span style=\"font-size: 14pt;\"><strong>El link de NTN24 con mi an\u00e1lisis es el siguiente:<\/strong><\/span><\/p>\n<p class=\"p3\"><span style=\"font-size: 14pt;\"><a href=\"https:\/\/www.ntn24.com\/noticias-actualidad\/queda-en-juego-la-paz-total-luego-del-anuncio-de-la-suspension-del-cese-al-fuego-con-el-clan-del-golfo-en-colombia-408042\"><span style=\"text-decoration: underline;\">https:\/\/www.ntn24.com\/noticias-actualidad\/queda-en-juego-la-paz-total-luego-del-anuncio-de-la-suspension-del-cese-al-fuego-con-el-clan-del-golfo-en-colombia-408042<\/span><\/a><span style=\"text-decoration: underline;\"><span class=\"s1\"><span class=\"Apple-converted-space\">\u00a0<\/span><\/span><\/span><\/span><\/p>\n","protected":false},"excerpt":{"rendered":"<p>\u00bfQueda en juego la &#8216;Paz Total&#8217; luego del anuncio de la suspensi\u00f3n del cese al fuego con el Clan del Golfo en Colombia? <\/p>\n","protected":false},"author":1,"featured_media":285,"comment_status":"open","ping_status":"open","sticky":false,"template":"","format":"standard","meta":{"om_disable_all_campaigns":false,"_monsterinsights_skip_tracking":false,"_monsterinsights_sitenote_active":false,"_monsterinsights_sitenote_note":"","_monsterinsights_sitenote_category":0,"footnotes":""},"categories":[1],"tags":[54,90,53,39],"aioseo_notices":[],"class_list":["post-1642","post","type-post","status-publish","format-standard","has-post-thumbnail","hentry","category-jairo-libreros","tag-comunicacion-politica","tag-seguridad-y-defensa-nacional","tag-politicas-publicas","tag-seguridad-ciudadana"],"_links":{"self":[{"href":"https:\/\/jairolibreros.com\/index.php?rest_route=\/wp\/v2\/posts\/1642"}],"collection":[{"href":"https:\/\/jairolibreros.com\/index.php?rest_route=\/wp\/v2\/posts"}],"about":[{"href":"https:\/\/jairolibreros.com\/index.php?rest_route=\/wp\/v2\/types\/post"}],"author":[{"embeddable":true,"href":"https:\/\/jairolibreros.com\/index.php?rest_route=\/wp\/v2\/users\/1"}],"replies":[{"embeddable":true,"href":"https:\/\/jairolibreros.com\/index.php?rest_route=%2Fwp%2Fv2%2Fcomments&post=1642"}],"version-history":[{"count":4,"href":"https:\/\/jairolibreros.com\/index.php?rest_route=\/wp\/v2\/posts\/1642\/revisions"}],"predecessor-version":[{"id":1868,"href":"https:\/\/jairolibreros.com\/index.php?rest_route=\/wp\/v2\/posts\/1642\/revisions\/1868"}],"wp:featuredmedia":[{"embeddable":true,"href":"https:\/\/jairolibreros.com\/index.php?rest_route=\/wp\/v2\/media\/285"}],"wp:attachment":[{"href":"https:\/\/jairolibreros.com\/index.php?rest_route=%2Fwp%2Fv2%2Fmedia&parent=1642"}],"wp:term":[{"taxonomy":"category","embeddable":true,"href":"https:\/\/jairolibreros.com\/index.php?rest_route=%2Fwp%2Fv2%2Fcategories&post=1642"},{"taxonomy":"post_tag","embeddable":true,"href":"https:\/\/jairolibreros.com\/index.php?rest_route=%2Fwp%2Fv2%2Ftags&post=1642"}],"curies":[{"name":"wp","href":"https:\/\/api.w.org\/{rel}","templated":true}]}}