{"id":1644,"date":"2023-04-25T22:31:23","date_gmt":"2023-04-25T22:31:23","guid":{"rendered":"https:\/\/jairolibreros.com\/?p=1644"},"modified":"2025-10-22T14:04:57","modified_gmt":"2025-10-22T14:04:57","slug":"el-crimen-organizado-supera-la-accion-gubernamental-y-gana-terreno-en-latinoamerica","status":"publish","type":"post","link":"https:\/\/jairolibreros.com\/?p=1644","title":{"rendered":"El crimen organizado supera la acci\u00f3n gubernamental y gana terreno en Latinoam\u00e9rica"},"content":{"rendered":"<p class=\"p1\"><span style=\"font-size: 14pt;\"><strong>El crimen organizado supera la acci\u00f3n gubernamental y gana terreno en Latinoam\u00e9rica<\/strong><\/span><\/p>\n<p><span style=\"font-size: 14pt;\"><strong>Jairo Libreros<\/strong>, profesor titular de seguridad y defensa nacional de la Universidad Externado de Colombia<\/span><\/p>\n<p class=\"p1\"><span style=\"font-size: 14pt;\"><em>Redacci\u00f3n EFE \u00b7 11 de abril de 2023<\/em><\/span><\/p>\n<blockquote hcb-fetch-image-from=\"https:\/\/twitter.com\/JairoLibreros\/status\/1650988541432692737?s=20\" class=\"twitter-tweet\" data-width=\"550\" data-dnt=\"true\">\n<p lang=\"es\" dir=\"ltr\">El crimen organizado supera la acci\u00f3n gubernamental y gana terreno en Latinoam\u00e9rica, an\u00e1lisis <a href=\"https:\/\/twitter.com\/JairoLibreros?ref_src=twsrc%5Etfw\">@JairoLibreros<\/a> <a href=\"https:\/\/t.co\/TAa0aHq8TI\">https:\/\/t.co\/TAa0aHq8TI<\/a><\/p>\n<p>&mdash; Jairo Libreros (@JairoLibreros) <a href=\"https:\/\/twitter.com\/JairoLibreros\/status\/1650988541432692737?ref_src=twsrc%5Etfw\">April 25, 2023<\/a><\/p><\/blockquote>\n<p><script async src=\"https:\/\/platform.twitter.com\/widgets.js\" charset=\"utf-8\"><\/script><\/p>\n<p class=\"p1\"><span style=\"font-size: 14pt;\">Redacci\u00f3n Am\u00e9rica, 11 abr (EFE).- La mayor\u00eda de los pa\u00edses latinoamericanos se enfrentan a una crisis en materia de seguridad que se ha visto agravada en los \u00faltimos meses con inquietantes demostraciones de que el crimen organizado est\u00e1 ganando terreno debido a la inacci\u00f3n de los Gobiernos y la falta de pol\u00edticas p\u00fablicas decididas a resolver un problema que amenaza con socavar la convivencia ciudadana y la institucionalidad democr\u00e1tica.<\/span><\/p>\n<p class=\"p1\"><span style=\"font-size: 14pt;\">El narcotr\u00e1fico es com\u00fan denominador de los pa\u00edses de la regi\u00f3n y causante de la mayor\u00eda de los homicidios, ejecutados por los sicarios, pero a este flagelo se suman ahora la trata de personas, el tr\u00e1fico de armas y migrantes, y el aumento de la extorsi\u00f3n, problemas todos ellos que hacen que la inseguridad se haya convertido en uno de los temas que m\u00e1s preocupan a los ciudadanos.<\/span><\/p>\n<p class=\"p1\"><span style=\"font-size: 14pt;\">Est\u00e1 claro que Am\u00e9rica Latina \u201cvive un retroceso en materia de seguridad\u201d, que se profundiz\u00f3 con la pandemia del coronavirus, explica a EFE <b>Jairo Libreros, especialista en pol\u00edtica internacional y profesor Seguridad y Defensa Nacional de la Universidad Externado de Colombia<\/b>.<\/span><\/p>\n<p class=\"p1\"><span style=\"font-size: 14pt;\">\u00bfPERCEPCI\u00d3N VS REALIDAD?<\/span><\/p>\n<p class=\"p1\"><span style=\"font-size: 14pt;\">Aunque pa\u00edses como Brasil, Panam\u00e1, Puerto Rico, El Salvador, Argentina y Venezuela registraron un descenso de homicidios durante 2022, la criminalidad sigue siendo un quebradero de cabeza para las autoridades.<\/span><\/p>\n<p class=\"p1\"><span style=\"font-size: 14pt;\">En Venezuela, por ejemplo, delitos como la extorsi\u00f3n, la trata de personas, los feminicidios y los abusos sexuales est\u00e1n cobrando mayor virulencia y en Panam\u00e1 se han registrado casos nunca antes vistos como el desmembramiento de v\u00edctimas o el ataque sicarial dentro de una escuela, que le cost\u00f3 la vida a un joven de 15 a\u00f1os en la regi\u00f3n de Col\u00f3n en octubre pasado.<\/span><\/p>\n<p class=\"p1\"><span style=\"font-size: 14pt;\">En Costa Rica la situaci\u00f3n se ha vuelto preocupante porque el a\u00f1o pasado se registraron 656 homicidios, un 11 % m\u00e1s que en 2021, alcanzando la cifra r\u00e9cord, por encima de los 603 registrados en 2017. Seg\u00fan datos del Organismo de Investigaci\u00f3n Judicial (OIJ), 6 de cada 10 homicidios cometidos en esta naci\u00f3n centroamericana durante 2022 estuvieron relacionados con el &#8220;ajuste de cuentas&#8221; por narcotr\u00e1fico.<\/span><\/p>\n<p class=\"p1\"><span style=\"font-size: 14pt;\">En Chile, la percepci\u00f3n ciudadana es que la inseguridad se ha disparado a un nivel inmanejable, pero las autoridades aseguran que el n\u00famero de delitos no ha aumentado con respecto a a\u00f1os anteriores, aunque s\u00ed reconocen que son m\u00e1s violentos.<\/span><\/p>\n<p class=\"p1\"><span style=\"font-size: 14pt;\">&#8220;Por decirlo de forma simple, si sales hoy d\u00eda a la calle es menos probable que te asalten que hace diez a\u00f1os, pero es mucho m\u00e1s probable que el asaltante tenga un arma y est\u00e9 dispuesto a usarla&#8221;, explica la ministra de Interior, Carolina Toh\u00e1, quien pide no politizar el problema.<\/span><\/p>\n<p class=\"p1\"><span style=\"font-size: 14pt;\">MEDIDAS EXCESIVAS Y MAL ENFOCADAS<\/span><\/p>\n<p class=\"p1\"><span style=\"font-size: 14pt;\">Para hacer frente a la violencia y el crimen, en Ecuador se han decretado hasta diez estados de excepci\u00f3n en menos de dos a\u00f1os desde la llegada al poder del conservador Guillermo Lasso, mientras que en El Salvador una medida similar decretada por Nayib Bukele, ya complet\u00f3 un a\u00f1o con serios cuestionamientos de organizaciones defensoras de derechos humanos, algo que no parece preocupar al mandatario.<\/span><\/p>\n<p class=\"p1\"><span style=\"font-size: 14pt;\">En Honduras, tambi\u00e9n rige desde diciembre pasado un estado de excepci\u00f3n, y aunque su aplicaci\u00f3n comenz\u00f3 en las dos ciudades m\u00e1s importantes, Tegucigalpa y San Pedro Sula, ya se ha extendido a 123 de los 298 municipios, una medida que preocupa a la Oficina del Alto Comisionado de las Naciones Unidas para los Derechos Humanos.<\/span><\/p>\n<p class=\"p1\"><span style=\"font-size: 14pt;\">Las agencias de la ONU y las organizaciones de derechos humanos tambi\u00e9n consideran medida excesiva la militarizaci\u00f3n del territorio, como sucede en M\u00e9xico, donde hay m\u00e1s de 92.000 elementos en tareas de seguridad p\u00fablica, una dotaci\u00f3n que ha ido creciendo a lo largo de la presidencia de Andr\u00e9s Manuel L\u00f3pez Obrador.<\/span><\/p>\n<p class=\"p1\"><span style=\"font-size: 14pt;\">En tanto, la estrategia de \u201csaturaci\u00f3n policial\u201d aplicada en Argentina, que seg\u00fan explic\u00f3 a EFE el director del Centro de Estudios Latinoamericano sobre Inseguridad y Violencia, Marcelo Bergman, consiste en poner figurativamente un \u201cpolic\u00eda en cada esquina\u201d, da r\u00e9ditos, pero no necesariamente arregla el problema. Como tampoco lo hace la flexibilizaci\u00f3n en el porte de armas decretada recientemente en Ecuador.<\/span><\/p>\n<p class=\"p1\"><span style=\"font-size: 14pt;\"><b>En opini\u00f3n del experto de la Universidad Externado \u00e9stas son \u201cestrategias fallidas\u201d que en algunos pa\u00edses de Am\u00e9rica Latina, Europa o en Estados Unidos \u201cse han demostrado como perversas y t\u00f3xicas\u201d y no resuelven de fondo el problema de la inseguridad.<\/b><\/span><\/p>\n<p class=\"p1\"><span style=\"font-size: 14pt;\">MEDIDAS ACEPTABLES<\/span><\/p>\n<p class=\"p1\"><span style=\"font-size: 14pt;\">En Brasil, con el retorno de Luiz In\u00e1cio Lula da Silva a la presidencia se recuper\u00f3 el programa de seguridad impulsado en sus dos mandatos anteriores (2003-2010), con el que pretende reducir la violencia y aumentar la presencia del Estado en las periferias de las ciudades a trav\u00e9s de programas sociales, una estrategia que supone un cambio radical en relaci\u00f3n con la pol\u00edtica del Gobierno del ultraderechista Jair Bolsonaro.<\/span><\/p>\n<p class=\"p1\"><span style=\"font-size: 14pt;\">Tambi\u00e9n cabe destacar los cambios en materia normativa en Paraguay, cuya C\u00e1mara de Senadores sancion\u00f3 en marzo pasado un proyecto de Ley que modifica varios art\u00edculos del C\u00f3digo Penal e incorpora el sicariato como un hecho punible. El debate en el Legislativo comenz\u00f3 en junio de2022, semanas despu\u00e9s del asesinato en Colombia del fiscal antimafia paraguayo Marcelo Pecci.<\/span><\/p>\n<p class=\"p1\"><span style=\"font-size: 14pt;\">Si bien se necesitan m\u00e1s reformas de los cuerpos policiales, que sean dirigidos con pensamiento estrat\u00e9gico y con el involucramiento de diferentes instancias civiles del Estado, la Academia y las organizaciones de la sociedad civil, \u00e9stas no pueden suponer dejar las manos libres a los cuerpos policiales para que ejerzan un mayor uso de la fuerza, como ocurre con la pol\u00e9mica ley &#8220;Na\u00edm-Retamal&#8221; aprobada recientemente en Chile.<\/span><\/p>\n<p class=\"p1\"><span style=\"font-size: 14pt;\">Seg\u00fan <b>Libreros<\/b>, el fracaso en implementar estas reformas \u201c<b>podr\u00eda resultar en una d\u00e9cada perdida en materia de seguridad en Am\u00e9rica Latina<\/b>\u201d.<\/span><\/p>\n<p><span style=\"font-size: 14pt;\">El link del an\u00e1lisis es el siguiente:<\/span><\/p>\n<p class=\"p4\"><span style=\"font-size: 14pt;\"><span style=\"text-decoration: underline;\"><a href=\"https:\/\/quepasamedia.com\/noticias\/mundo\/sudamerica\/el-crimen-organizado-supera-la-accion-gubernamental-y-gana-terreno-en-latinoamerica\/\">https:\/\/quepasamedia.com\/noticias\/mundo\/sudamerica\/el-crimen-organizado-supera-la-accion-gubernamental-y-gana-terreno-en-latinoamerica\/<\/a><\/span><span class=\"s1\"><span class=\"Apple-converted-space\">\u00a0<\/span><\/span><\/span><\/p>\n","protected":false},"excerpt":{"rendered":"<p>El crimen organizado supera la acci\u00f3n gubernamental y gana terreno en Latinoam\u00e9rica Jairo Libreros, profesor titular de seguridad y defensa nacional de la <\/p>\n","protected":false},"author":1,"featured_media":425,"comment_status":"open","ping_status":"open","sticky":false,"template":"","format":"standard","meta":{"om_disable_all_campaigns":false,"_monsterinsights_skip_tracking":false,"_monsterinsights_sitenote_active":false,"_monsterinsights_sitenote_note":"","_monsterinsights_sitenote_category":0,"footnotes":""},"categories":[1,96],"tags":[54,90,98,53,39],"aioseo_notices":[],"class_list":["post-1644","post","type-post","status-publish","format-standard","has-post-thumbnail","hentry","category-jairo-libreros","category-universidad-externado","tag-comunicacion-politica","tag-seguridad-y-defensa-nacional","tag-derechos-humanos","tag-politicas-publicas","tag-seguridad-ciudadana"],"_links":{"self":[{"href":"https:\/\/jairolibreros.com\/index.php?rest_route=\/wp\/v2\/posts\/1644"}],"collection":[{"href":"https:\/\/jairolibreros.com\/index.php?rest_route=\/wp\/v2\/posts"}],"about":[{"href":"https:\/\/jairolibreros.com\/index.php?rest_route=\/wp\/v2\/types\/post"}],"author":[{"embeddable":true,"href":"https:\/\/jairolibreros.com\/index.php?rest_route=\/wp\/v2\/users\/1"}],"replies":[{"embeddable":true,"href":"https:\/\/jairolibreros.com\/index.php?rest_route=%2Fwp%2Fv2%2Fcomments&post=1644"}],"version-history":[{"count":5,"href":"https:\/\/jairolibreros.com\/index.php?rest_route=\/wp\/v2\/posts\/1644\/revisions"}],"predecessor-version":[{"id":1892,"href":"https:\/\/jairolibreros.com\/index.php?rest_route=\/wp\/v2\/posts\/1644\/revisions\/1892"}],"wp:featuredmedia":[{"embeddable":true,"href":"https:\/\/jairolibreros.com\/index.php?rest_route=\/wp\/v2\/media\/425"}],"wp:attachment":[{"href":"https:\/\/jairolibreros.com\/index.php?rest_route=%2Fwp%2Fv2%2Fmedia&parent=1644"}],"wp:term":[{"taxonomy":"category","embeddable":true,"href":"https:\/\/jairolibreros.com\/index.php?rest_route=%2Fwp%2Fv2%2Fcategories&post=1644"},{"taxonomy":"post_tag","embeddable":true,"href":"https:\/\/jairolibreros.com\/index.php?rest_route=%2Fwp%2Fv2%2Ftags&post=1644"}],"curies":[{"name":"wp","href":"https:\/\/api.w.org\/{rel}","templated":true}]}}