{"id":1651,"date":"2023-04-25T23:32:36","date_gmt":"2023-04-25T23:32:36","guid":{"rendered":"https:\/\/jairolibreros.com\/?p=1651"},"modified":"2023-06-14T00:52:47","modified_gmt":"2023-06-14T00:52:47","slug":"encuentro-de-las-disidencias-que-dejo-en-evidencia","status":"publish","type":"post","link":"https:\/\/jairolibreros.com\/?p=1651","title":{"rendered":"Encuentro de las disidencias, \u00bfqu\u00e9 dej\u00f3 en evidencia?"},"content":{"rendered":"<p><span style=\"font-size: 14pt;\"><strong>Encuentro de las disidencias, \u00bfqu\u00e9 dej\u00f3 en evidencia?<\/strong><\/span><\/p>\n<p><span style=\"font-size: 14pt;\"><strong>Jairo Libreros<\/strong>, panelista Hora20 de Caracol Radio<\/span><\/p>\n<blockquote hcb-fetch-image-from=\"https:\/\/twitter.com\/Hora20\/status\/1648099022882652161?s=20\" class=\"twitter-tweet\" data-width=\"550\" data-dnt=\"true\">\n<p lang=\"es\" dir=\"ltr\"><a href=\"https:\/\/twitter.com\/hashtag\/Hora20?src=hash&amp;ref_src=twsrc%5Etfw\">#Hora20<\/a> | No se pierda esta noche:<\/p>\n<p>La negociaci\u00f3n en Colombia y el viaje del presidente a Nueva York<\/p>\n<p>Con: <a href=\"https:\/\/twitter.com\/PizarroMariaJo?ref_src=twsrc%5Etfw\">@PizarroMariaJo<\/a>, <a href=\"https:\/\/twitter.com\/CarlosAChacon?ref_src=twsrc%5Etfw\">@CarlosAChacon<\/a>, Paca Zuleta y <a href=\"https:\/\/twitter.com\/JairoLibreros?ref_src=twsrc%5Etfw\">@JairoLibreros<\/a><\/p>\n<p>Dirige y conduce: <a href=\"https:\/\/twitter.com\/DianaCalderonF?ref_src=twsrc%5Etfw\">@DianaCalderonF<\/a><\/p>\n<p>Esc\u00fachenos en Caracol Radio a partir de las 7:50 p.m. <a href=\"https:\/\/t.co\/f3rnlIP6CI\">pic.twitter.com\/f3rnlIP6CI<\/a><\/p>\n<p>&mdash; Hora 20 (@Hora20) <a href=\"https:\/\/twitter.com\/Hora20\/status\/1648099022882652161?ref_src=twsrc%5Etfw\">April 17, 2023<\/a><\/p><\/blockquote>\n<p><script async src=\"https:\/\/platform.twitter.com\/widgets.js\" charset=\"utf-8\"><\/script><\/p>\n<p class=\"p1\"><span style=\"font-size: 14pt;\"><b>Jairo Libreros, abogado, profesor universitario y experto en temas de seguridad<\/b>, afirm\u00f3 estar de acuerdo con la paz total y el proceso de paz con el Estado Mayor Central, \u201cen t\u00e9rminos de seguridad y defensa no s\u00e9 si estamos con la capacidad y liderazgo para entrar en proceso de enfrentamiento\u201d, tambi\u00e9n dijo que se debe mantener la mesa con esta organizaci\u00f3n armada, pero comenta que la paz se construye de diferentes maneras, \u201cuna forma de construir paz es mediante comunicaci\u00f3n y en el Yar\u00ed no vimos voluntad de paz, de respeto, de mantener garant\u00edas; ese encuentro transmiti\u00f3 intenci\u00f3n b\u00e9lica\u201d.<\/span><\/p>\n<p><iframe hcb-fetch-image-from=\"https:\/\/www.youtube.com\/watch?v=iyIJEv5dhi8\" title=\"Hora 20 - La negociaci\u00f3n en Colombia y el viaje del presidente a Nueva York\" width=\"640\" height=\"360\" src=\"https:\/\/www.youtube.com\/embed\/iyIJEv5dhi8?feature=oembed\" frameborder=\"0\" allow=\"accelerometer; autoplay; clipboard-write; encrypted-media; gyroscope; picture-in-picture; web-share\" referrerpolicy=\"strict-origin-when-cross-origin\" allowfullscreen><\/iframe><\/p>\n<p><span style=\"font-size: 14pt;\"><strong>Panelistas consideran que las im\u00e1genes que dej\u00f3 el encuentro en el Yar\u00ed evidencian que la guerrilla quer\u00eda mostrar su poder y capacidad de control territorial<\/strong><\/span><\/p>\n<blockquote hcb-fetch-image-from=\"https:\/\/twitter.com\/Hora20\/status\/1648133560941916161?s=20\" class=\"twitter-tweet\" data-width=\"550\" data-dnt=\"true\">\n<p lang=\"es\" dir=\"ltr\"><a href=\"https:\/\/twitter.com\/hashtag\/Hora20?src=hash&amp;ref_src=twsrc%5Etfw\">#Hora20<\/a> | Una forma muy importante de construir la paz es mediante la comunicaci\u00f3n, lo que vimos en el Yar\u00ed fue intenci\u00f3n b\u00e9lica, poco compromiso y una demostraci\u00f3n de mostrar un poder\u00edo\u201d, <a href=\"https:\/\/twitter.com\/JairoLibreros?ref_src=twsrc%5Etfw\">@JairoLibreros<\/a> \u25b6\ufe0f <a href=\"https:\/\/t.co\/KFCgaozWD4\">https:\/\/t.co\/KFCgaozWD4<\/a> <a href=\"https:\/\/t.co\/Nsc5bEdYZq\">pic.twitter.com\/Nsc5bEdYZq<\/a><\/p>\n<p>&mdash; Hora 20 (@Hora20) <a href=\"https:\/\/twitter.com\/Hora20\/status\/1648133560941916161?ref_src=twsrc%5Etfw\">April 18, 2023<\/a><\/p><\/blockquote>\n<p><script async src=\"https:\/\/platform.twitter.com\/widgets.js\" charset=\"utf-8\"><\/script><\/p>\n<p class=\"p1\"><span style=\"font-size: 14pt;\">Hoy en Hora20 el an\u00e1lisis a la coyuntura del pa\u00eds tras un fin de semana en el que las disidencias de Iv\u00e1n Mordisco anunciaron que el pr\u00f3ximo 16 de mayo iniciar\u00e1 la mesa de negociaci\u00f3n con el gobierno. Se habl\u00f3 de las fotograf\u00edas y las declaraciones que dej\u00f3 en el encuentro, as\u00ed como el debate sobre un duro art\u00edculo de la revista The Economist sobre la paz total. Despu\u00e9s el an\u00e1lisis al viaje del presidente Petro por Estados Unidos en el que busca que su idea sobre la paz, cambio clim\u00e1tico y lucha contra las drogas tome m\u00e1s fuerza.<\/span><\/p>\n<blockquote hcb-fetch-image-from=\"https:\/\/twitter.com\/Hora20\/status\/1648133910109224962?s=20\" class=\"twitter-tweet\" data-width=\"550\" data-dnt=\"true\">\n<p lang=\"es\" dir=\"ltr\"><a href=\"https:\/\/twitter.com\/hashtag\/Hora20?src=hash&amp;ref_src=twsrc%5Etfw\">#Hora20<\/a> | \u201cUn desaf\u00edo est\u00e1 relacionado con el tema de la seguridad y defensa nacional. Se tiene que demostrar que en este momento se puede asegurar el control territorial y la protecci\u00f3n de las comunidades\u201d, <a href=\"https:\/\/twitter.com\/JairoLibreros?ref_src=twsrc%5Etfw\">@JairoLibreros<\/a> \u25b6\ufe0f <a href=\"https:\/\/t.co\/KFCgaozWD4\">https:\/\/t.co\/KFCgaozWD4<\/a> <a href=\"https:\/\/t.co\/qexLtz0RO5\">pic.twitter.com\/qexLtz0RO5<\/a><\/p>\n<p>&mdash; Hora 20 (@Hora20) <a href=\"https:\/\/twitter.com\/Hora20\/status\/1648133910109224962?ref_src=twsrc%5Etfw\">April 18, 2023<\/a><\/p><\/blockquote>\n<p><script async src=\"https:\/\/platform.twitter.com\/widgets.js\" charset=\"utf-8\"><\/script><\/p>\n<p class=\"p1\"><span style=\"font-size: 14pt;\">Con fusiles al hombro, la presencia de organizaciones sociales, campesinas e ind\u00edgenas y la presencia de las figuras m\u00e1s importantes de la disidencia de Iv\u00e1n Mordisco o Estado Mayor Central, como fue reconocido por el gobierno, se dio en las Sabanas del Yar\u00ed en el Caquet\u00e1, un encuentro en el que se anunci\u00f3 que el pr\u00f3ximo 16 de mayo iniciar\u00eda la negociaci\u00f3n con el Estado colombiano. De all\u00ed salieron varias declaraciones: que a\u00fan no est\u00e1n dadas las condiciones para dejar los fusiles, dijo alias \u201cAndrey\u201d y que la negociaci\u00f3n sea inaugurada en Noruega. Alias \u201cJhon Mechas\u201d ser\u00e1 el encargado de buscar una tregua con la guerrilla del ELN, entre otras declaraciones como el desconocimiento total al Acuerdo de paz firmado en 2016 entre el Estado y la antigua guerra de las Farc.<\/span><\/p>\n<blockquote hcb-fetch-image-from=\"https:\/\/twitter.com\/Hora20\/status\/1648134031307882499?s=20\" class=\"twitter-tweet\" data-width=\"550\" data-dnt=\"true\">\n<p lang=\"es\" dir=\"ltr\"><a href=\"https:\/\/twitter.com\/hashtag\/Hora20?src=hash&amp;ref_src=twsrc%5Etfw\">#Hora20<\/a> | \u201cEl ministerio de defensa est\u00e1 apagado, no saben para donde van, eso a m\u00ed me preocupa mucho\u201d, <a href=\"https:\/\/twitter.com\/JairoLibreros?ref_src=twsrc%5Etfw\">@JairoLibreros<\/a> \u25b6\ufe0f <a href=\"https:\/\/t.co\/KFCgaozWD4\">https:\/\/t.co\/KFCgaozWD4<\/a> <a href=\"https:\/\/t.co\/jBWudNveub\">pic.twitter.com\/jBWudNveub<\/a><\/p>\n<p>&mdash; Hora 20 (@Hora20) <a href=\"https:\/\/twitter.com\/Hora20\/status\/1648134031307882499?ref_src=twsrc%5Etfw\">April 18, 2023<\/a><\/p><\/blockquote>\n<p><script async src=\"https:\/\/platform.twitter.com\/widgets.js\" charset=\"utf-8\"><\/script><\/p>\n<p class=\"p1\"><span style=\"font-size: 14pt;\">La negociaci\u00f3n con las disidencias de Iv\u00e1n Mordisco es la segunda mesa de negociaci\u00f3n que abre la administraci\u00f3n de Gustavo Petro, una negociaci\u00f3n pol\u00edtica, pues se reconoce a esta organizaci\u00f3n armada y sus integrantes, como un grupo que no se acogi\u00f3 a los acuerdos firmados en 2016. Por otro lado, el pr\u00f3ximo 26 de abril arrancar\u00e1 el inicio del Mecanismo de Veedur\u00eda, Monitoreo y Verificaci\u00f3n del cese al fuego con esta guerrilla que se estableci\u00f3 desde el 01 de enero, se conoce el protocolo el 08 de febrero y apenas en una semana iniciar\u00e1 a funcionar dicho protocolo. Un cese al fuego que ha sido violado 63 veces del total de 80 violaciones que ha reportado Indepaz. Sin embargo, durante la semana pasada, esta organizaci\u00f3n armada dijo que el cese estaba en crisis por cuenta de las acciones de la Fuerza P\u00fablica en departamentos como Cauca y Arauca.<\/span><\/p>\n<blockquote hcb-fetch-image-from=\"https:\/\/twitter.com\/Hora20\/status\/1648138414066135040?s=20\" class=\"twitter-tweet\" data-width=\"550\" data-dnt=\"true\">\n<p lang=\"es\" dir=\"ltr\"><a href=\"https:\/\/twitter.com\/hashtag\/Hora20?src=hash&amp;ref_src=twsrc%5Etfw\">#Hora20<\/a> | \u201cNo hay una intervenci\u00f3n clara y precisa del alcalde de C\u00facuta ni del Gobierno Nacional para proteger a una sociedad que est\u00e1 rodeada de la violencia\u201d, <a href=\"https:\/\/twitter.com\/JairoLibreros?ref_src=twsrc%5Etfw\">@JairoLibreros<\/a> \u25b6\ufe0f <a href=\"https:\/\/t.co\/KFCgaozWD4\">https:\/\/t.co\/KFCgaozWD4<\/a> <a href=\"https:\/\/t.co\/xmiVaWgDaH\">pic.twitter.com\/xmiVaWgDaH<\/a><\/p>\n<p>&mdash; Hora 20 (@Hora20) <a href=\"https:\/\/twitter.com\/Hora20\/status\/1648138414066135040?ref_src=twsrc%5Etfw\">April 18, 2023<\/a><\/p><\/blockquote>\n<p><script async src=\"https:\/\/platform.twitter.com\/widgets.js\" charset=\"utf-8\"><\/script><\/p>\n<p class=\"p1\"><span style=\"font-size: 14pt;\">El encuentro del fin de semana tambi\u00e9n arroj\u00f3 dudas sobre la presencia de organizaciones de 16 departamentos del pa\u00eds, pues en el Cauca se ha denunciado que algunas organizaciones recibieron presiones para asistir a dicho encuentro, en el cual, el prop\u00f3sito de la presencia de las organizaciones era enviar un mensaje para que sean tenidas en cuenta y logren participar de la mesa de conversaci\u00f3n.<\/span><\/p>\n<blockquote hcb-fetch-image-from=\"https:\/\/twitter.com\/Hora20\/status\/1648138768262615049?s=20\" class=\"twitter-tweet\" data-width=\"550\" data-dnt=\"true\">\n<p lang=\"es\" dir=\"ltr\"><a href=\"https:\/\/twitter.com\/hashtag\/Hora20?src=hash&amp;ref_src=twsrc%5Etfw\">#Hora20<\/a> | \u201cEl tema en C\u00facuta no es solamente el ELN, due\u00f1o de toda la frontera con Venezuela, el problema es que est\u00e1n ingresando de manera muy fuerte otras organizaciones\u201d, <a href=\"https:\/\/twitter.com\/JairoLibreros?ref_src=twsrc%5Etfw\">@JairoLibreros<\/a> \u25b6\ufe0f <a href=\"https:\/\/t.co\/KFCgaozWD4\">https:\/\/t.co\/KFCgaozWD4<\/a> <a href=\"https:\/\/t.co\/I6tUUyItzV\">pic.twitter.com\/I6tUUyItzV<\/a><\/p>\n<p>&mdash; Hora 20 (@Hora20) <a href=\"https:\/\/twitter.com\/Hora20\/status\/1648138768262615049?ref_src=twsrc%5Etfw\">April 18, 2023<\/a><\/p><\/blockquote>\n<p><script async src=\"https:\/\/platform.twitter.com\/widgets.js\" charset=\"utf-8\"><\/script><\/p>\n<p><span style=\"font-size: 14pt;\"><b>Lo que dicen los panelistas:<\/b>\u00a0la negociaci\u00f3n en Colombia y el viaje del presidente a Nueva York<span class=\"Apple-converted-space\">\u00a0<\/span><\/span><\/p>\n<blockquote hcb-fetch-image-from=\"https:\/\/twitter.com\/Hora20\/status\/1648140369324908545?s=20\" class=\"twitter-tweet\" data-width=\"550\" data-dnt=\"true\">\n<p lang=\"es\" dir=\"ltr\"><a href=\"https:\/\/twitter.com\/hashtag\/Hora20?src=hash&amp;ref_src=twsrc%5Etfw\">#Hora20<\/a> | \u201cEstados Unidos tiene un inter\u00e9s inmenso el restablecimiento de la democracia. En la mesa se tiene que discutir c\u00f3mo va a ser el levantamiento de las sanciones de manera escalonada, no creo que Estados Unidos las vaya a quitar todas inmediatamente\u201d, <a href=\"https:\/\/twitter.com\/JairoLibreros?ref_src=twsrc%5Etfw\">@JairoLibreros<\/a> <a href=\"https:\/\/t.co\/8zLR62Cvaa\">pic.twitter.com\/8zLR62Cvaa<\/a><\/p>\n<p>&mdash; Hora 20 (@Hora20) <a href=\"https:\/\/twitter.com\/Hora20\/status\/1648140369324908545?ref_src=twsrc%5Etfw\">April 18, 2023<\/a><\/p><\/blockquote>\n<p><script async src=\"https:\/\/platform.twitter.com\/widgets.js\" charset=\"utf-8\"><\/script><\/p>\n<p class=\"p1\"><span style=\"font-size: 14pt;\"><b>Mar\u00eda Jos\u00e9 Pizarro, senadora de la rep\u00fablica por el Pacto Hist\u00f3rico, integrante de la mesa de negociaci\u00f3n con la guerrilla del ELN,\u00a0<\/b>se\u00f1al\u00f3 que la idea de la paz total es construir una paz que sea irreversible, \u201ces solucionar, estamos llenos de procesos de paz que por alg\u00fan motivo: incumplimiento del Estado, por no cumplir a cabalidad, por no implementar de manera regular o porque se quiere mantener l ilegalidad; cuando es reversible es m\u00e1s violento, m\u00e1s degradado y de eso habla la historia del pa\u00eds desde que caminamos en procesos de paz\u201d, en ese sentido, comenta que cuando se hace propuesta de paz total, es una paz irreversible, una paz completa.<\/span><\/p>\n<p class=\"p1\"><span style=\"font-size: 14pt;\">Por otro lado, dijo que hay dos caminos: la decisi\u00f3n de hacer la paz en la que prima lo pol\u00edtico por encima de lo militar, \u201clo importante para la negociaci\u00f3n es que no tenga reverso y es evitar nuevos ciclos de violencia, evitar lo que vimos en Cagu\u00e1n, se deber\u00e1 tomar decisi\u00f3n y tambi\u00e9n con ELN que debe tomar decisi\u00f3n firme hacia la paz\u201d.<\/span><\/p>\n<p class=\"p1\"><span style=\"font-size: 14pt;\"><b>Jairo Libreros, abogado, profesor universitario y experto en temas de seguridad<\/b>, afirm\u00f3 estar de acuerdo con la paz total y el proceso de paz con el Estado Mayor Central, \u201cen t\u00e9rminos de seguridad y defensa no s\u00e9 si estamos con la capacidad y liderazgo para entrar en proceso de enfrentamiento\u201d, tambi\u00e9n dijo que se debe mantener la mesa con esta organizaci\u00f3n armada, pero comenta que la paz se construye de diferentes maneras, \u201cuna forma de construir paz es mediante comunicaci\u00f3n y en el Yar\u00ed no vimos voluntad de paz, de respeto, de mantener garant\u00edas; ese encuentro transmiti\u00f3 intenci\u00f3n b\u00e9lica\u201d.<\/span><\/p>\n<p class=\"p1\"><span style=\"font-size: 14pt;\">Para\u00a0<b>Carlos Augusto Chac\u00f3n, director ejecutivo del Instituto de Ciencia Pol\u00edtica Hern\u00e1n Echavarr\u00eda Ol\u00f3zaga<\/b>, preocupa que el gobierno abra un proceso de paz con disidencias y no de sometimiento como correspond\u00eda, \u201ces un incentivo perverso porque se negocia con una organizaci\u00f3n que le dio la espalda al acuerdo de la Habana; claramente se necesita un pol\u00edtica de paz total que no genere incentivos hacia aquellos que le dicen no a la paz y privilegian el narcotr\u00e1fico, tengan una nueva oportunidad\u201d.<\/span><\/p>\n<p class=\"p1\"><span style=\"font-size: 14pt;\">Resalt\u00f3 que la realidad se debe poner en sus justas proporciones y que en ese sentido el Estado debe retomar el control territorial o hacerlo donde nunca lo ha hecho, \u201chay que ver d\u00f3nde est\u00e1bamos antes del 2002 y qu\u00e9 permiti\u00f3 el Acuerdo de la Habana, ese Estado enfrent\u00f3 grupos criminales y es importante tenerlo en cuenta y no solo voluntad guerrerista; hay que reconocer que se han fortalecido a la sombra de econom\u00edas il\u00edcitas, es comprender din\u00e1micas regionales de ilegales, eso hay que ponerlo en discusi\u00f3n\u201d.<\/span><\/p>\n<p class=\"p1\"><span style=\"font-size: 14pt;\"><b>Paca Zuleta, directora de la Escuela de Gobierno de la Universidad de los Andes<\/b>, se\u00f1al\u00f3 que lo que se vio este fin de semana en el Yar\u00ed es una manifestaci\u00f3n de poder, de control territorial, de armamento, de capacidad, de corromper estructuras, \u201cfue una puesta en escena muy enmarcada en eso, intentan decir que son poderosos, que estoy ah\u00ed, que tomen nota del poder, del armamento, de la influencia en la poblaci\u00f3n, del control territorial y el hecho de tener poder de controlar organizaciones de sociedad civil\u201d.<\/span><\/p>\n<p class=\"p1\"><span style=\"font-size: 14pt;\">Tambi\u00e9n manifest\u00f3 que se evidencia un falso dilema en el que todos los Estados en el mundo requieren estrategia en seguridad, control territorial, defender la vida, bienes, cumplir leyes, pero afirma que todo eso pasa por estrategia en seguridad, lo cual no es contrario a la voluntad de paz. Sobre las disidencias, asegur\u00f3 que s\u00ed es extra\u00f1o que se diga que no hacen parte del Acuerdo, que no respetan este acuerdo, pero quieren que los arrope o acogerse en el marco de ese acuerdo, \u201chay algo ah\u00ed que no queda claro\u201d, afirm\u00f3.<\/span><\/p>\n<p><iframe hcb-fetch-image-from=\"https:\/\/www.youtube.com\/watch?v=iyIJEv5dhi8\" title=\"Hora 20 - La negociaci\u00f3n en Colombia y el viaje del presidente a Nueva York\" width=\"640\" height=\"360\" src=\"https:\/\/www.youtube.com\/embed\/iyIJEv5dhi8?feature=oembed\" frameborder=\"0\" allow=\"accelerometer; autoplay; clipboard-write; encrypted-media; gyroscope; picture-in-picture; web-share\" referrerpolicy=\"strict-origin-when-cross-origin\" allowfullscreen><\/iframe><\/p>\n<!--[if lt IE 9]><script>document.createElement('audio');<\/script><![endif]-->\n<audio class=\"wp-audio-shortcode\" id=\"audio-1651-1\" preload=\"none\" style=\"width: 100%;\" controls=\"controls\"><source type=\"audio\/mpeg\" src=\"https:\/\/jairolibreros.com\/wp-content\/uploads\/2023\/04\/Encuentro-de-las-disidencias-\u00bfque\u0301-dejo\u0301-en-evidencia.mp3?_=1\" \/><a href=\"https:\/\/jairolibreros.com\/wp-content\/uploads\/2023\/04\/Encuentro-de-las-disidencias-\u00bfque\u0301-dejo\u0301-en-evidencia.mp3\">https:\/\/jairolibreros.com\/wp-content\/uploads\/2023\/04\/Encuentro-de-las-disidencias-\u00bfque\u0301-dejo\u0301-en-evidencia.mp3<\/a><\/audio>\n<p><span style=\"font-size: 14pt;\"><strong>El link con el audio del debate de Hora20 de Caracol Radio es el siguiente<\/strong>:<\/span><\/p>\n<p><span style=\"text-decoration: underline; font-size: 14pt;\"><a href=\"https:\/\/caracol.com.co\/2023\/04\/18\/encuentro-de-las-disidencias-que-dejo-en-evidencia\/\">https:\/\/caracol.com.co\/2023\/04\/18\/encuentro-de-las-disidencias-que-dejo-en-evidencia\/<\/a><\/span><\/p>\n","protected":false},"excerpt":{"rendered":"<p>Encuentro de las disidencias, \u00bfqu\u00e9 dej\u00f3 en evidencia? Jairo Libreros, panelista Hora20 de Caracol Radio #Hora20 | No se pierda esta noche: La <\/p>\n","protected":false},"author":1,"featured_media":428,"comment_status":"open","ping_status":"open","sticky":false,"template":"","format":"standard","meta":{"om_disable_all_campaigns":false,"_monsterinsights_skip_tracking":false,"_monsterinsights_sitenote_active":false,"_monsterinsights_sitenote_note":"","_monsterinsights_sitenote_category":0,"footnotes":""},"categories":[1],"tags":[54,90,53,39],"aioseo_notices":[],"class_list":["post-1651","post","type-post","status-publish","format-standard","has-post-thumbnail","hentry","category-jairo-libreros","tag-comunicacion-politica","tag-seguridad-y-defensa-nacional","tag-politicas-publicas","tag-seguridad-ciudadana"],"_links":{"self":[{"href":"https:\/\/jairolibreros.com\/index.php?rest_route=\/wp\/v2\/posts\/1651"}],"collection":[{"href":"https:\/\/jairolibreros.com\/index.php?rest_route=\/wp\/v2\/posts"}],"about":[{"href":"https:\/\/jairolibreros.com\/index.php?rest_route=\/wp\/v2\/types\/post"}],"author":[{"embeddable":true,"href":"https:\/\/jairolibreros.com\/index.php?rest_route=\/wp\/v2\/users\/1"}],"replies":[{"embeddable":true,"href":"https:\/\/jairolibreros.com\/index.php?rest_route=%2Fwp%2Fv2%2Fcomments&post=1651"}],"version-history":[{"count":3,"href":"https:\/\/jairolibreros.com\/index.php?rest_route=\/wp\/v2\/posts\/1651\/revisions"}],"predecessor-version":[{"id":1888,"href":"https:\/\/jairolibreros.com\/index.php?rest_route=\/wp\/v2\/posts\/1651\/revisions\/1888"}],"wp:featuredmedia":[{"embeddable":true,"href":"https:\/\/jairolibreros.com\/index.php?rest_route=\/wp\/v2\/media\/428"}],"wp:attachment":[{"href":"https:\/\/jairolibreros.com\/index.php?rest_route=%2Fwp%2Fv2%2Fmedia&parent=1651"}],"wp:term":[{"taxonomy":"category","embeddable":true,"href":"https:\/\/jairolibreros.com\/index.php?rest_route=%2Fwp%2Fv2%2Fcategories&post=1651"},{"taxonomy":"post_tag","embeddable":true,"href":"https:\/\/jairolibreros.com\/index.php?rest_route=%2Fwp%2Fv2%2Ftags&post=1651"}],"curies":[{"name":"wp","href":"https:\/\/api.w.org\/{rel}","templated":true}]}}