{"id":1727,"date":"2023-04-26T13:09:13","date_gmt":"2023-04-26T13:09:13","guid":{"rendered":"https:\/\/jairolibreros.com\/?p=1727"},"modified":"2023-06-14T00:50:24","modified_gmt":"2023-06-14T00:50:24","slug":"crisis-ministerial-y-en-la-coalicion-las-claves-de-los-anuncios-de-petro","status":"publish","type":"post","link":"https:\/\/jairolibreros.com\/?p=1727","title":{"rendered":"\u00bfCrisis ministerial y en la coalici\u00f3n? Las claves de los anuncios de Petro"},"content":{"rendered":"<p><span style=\"font-size: 14pt;\"><strong>\u00bfCrisis ministerial y en la coalici\u00f3n? Las claves de los anuncios de Petro<\/strong><\/span><\/p>\n<p><span style=\"font-size: 14pt;\"><strong>Jairo Libreros<\/strong>, profesor titular de la Universidad Externado de Colombia<\/span><\/p>\n<p><span style=\"font-size: 14pt;\"><em>El Tiempo \u00b7 26 de abril de 2023<\/em><\/span><\/p>\n<blockquote hcb-fetch-image-from=\"https:\/\/twitter.com\/JairoLibreros\/status\/1651212752424189952?s=20\" class=\"twitter-tweet\" data-width=\"550\" data-dnt=\"true\">\n<p lang=\"es\" dir=\"ltr\">\u00bfCrisis ministerial y en la coalici\u00f3n? Hoy en <a href=\"https:\/\/twitter.com\/ELTIEMPO?ref_src=twsrc%5Etfw\">@eltiempo<\/a> analizamos las claves de los anuncios del presidente <a href=\"https:\/\/twitter.com\/petrogustavo?ref_src=twsrc%5Etfw\">@petrogustavo<\/a> <a href=\"https:\/\/t.co\/YPZGep7eFQ\">https:\/\/t.co\/YPZGep7eFQ<\/a> a trav\u00e9s de <a href=\"https:\/\/twitter.com\/YouTube?ref_src=twsrc%5Etfw\">@YouTube<\/a><\/p>\n<p>&mdash; Jairo Libreros (@JairoLibreros) <a href=\"https:\/\/twitter.com\/JairoLibreros\/status\/1651212752424189952?ref_src=twsrc%5Etfw\">April 26, 2023<\/a><\/p><\/blockquote>\n<p><script async src=\"https:\/\/platform.twitter.com\/widgets.js\" charset=\"utf-8\"><\/script><\/p>\n<p><span style=\"font-size: 14pt;\">Hoy en El Tiempo analizamos la decisi\u00f3n del presidente Gustavo Petro de provocar una crisis de gobierno al solicitar las renuncias de su gabinete ministerial por cuenta de la falta de respaldo de los partidos pol\u00edticos a sus iniciativas de pol\u00edtica p\u00fablica en el Congreso de la Rep\u00fablica.<\/span><\/p>\n<p><span style=\"font-size: 14pt;\">El link de El Tiempo con el an\u00e1lisis y la conversaci\u00f3n es el siguiente:<\/span><\/p>\n<p><iframe hcb-fetch-image-from=\"https:\/\/www.youtube.com\/watch?v=JsPUJAElUvM\" title=\"\u00bfCrisis ministerial y en la coalici\u00f3n? Las claves de los anuncios de Petro | El Tiempo\" width=\"640\" height=\"360\" src=\"https:\/\/www.youtube.com\/embed\/JsPUJAElUvM?feature=oembed\" frameborder=\"0\" allow=\"accelerometer; autoplay; clipboard-write; encrypted-media; gyroscope; picture-in-picture; web-share\" referrerpolicy=\"strict-origin-when-cross-origin\" allowfullscreen><\/iframe><\/p>\n","protected":false},"excerpt":{"rendered":"<p>\u00bfCrisis ministerial y en la coalici\u00f3n? Las claves de los anuncios de Petro Jairo Libreros, profesor titular de la Universidad Externado de Colombia <\/p>\n","protected":false},"author":1,"featured_media":425,"comment_status":"open","ping_status":"open","sticky":false,"template":"","format":"standard","meta":{"om_disable_all_campaigns":false,"_monsterinsights_skip_tracking":false,"_monsterinsights_sitenote_active":false,"_monsterinsights_sitenote_note":"","_monsterinsights_sitenote_category":0,"footnotes":""},"categories":[1],"tags":[54,53],"aioseo_notices":[],"class_list":["post-1727","post","type-post","status-publish","format-standard","has-post-thumbnail","hentry","category-jairo-libreros","tag-comunicacion-politica","tag-politicas-publicas"],"_links":{"self":[{"href":"https:\/\/jairolibreros.com\/index.php?rest_route=\/wp\/v2\/posts\/1727"}],"collection":[{"href":"https:\/\/jairolibreros.com\/index.php?rest_route=\/wp\/v2\/posts"}],"about":[{"href":"https:\/\/jairolibreros.com\/index.php?rest_route=\/wp\/v2\/types\/post"}],"author":[{"embeddable":true,"href":"https:\/\/jairolibreros.com\/index.php?rest_route=\/wp\/v2\/users\/1"}],"replies":[{"embeddable":true,"href":"https:\/\/jairolibreros.com\/index.php?rest_route=%2Fwp%2Fv2%2Fcomments&post=1727"}],"version-history":[{"count":7,"href":"https:\/\/jairolibreros.com\/index.php?rest_route=\/wp\/v2\/posts\/1727\/revisions"}],"predecessor-version":[{"id":1883,"href":"https:\/\/jairolibreros.com\/index.php?rest_route=\/wp\/v2\/posts\/1727\/revisions\/1883"}],"wp:featuredmedia":[{"embeddable":true,"href":"https:\/\/jairolibreros.com\/index.php?rest_route=\/wp\/v2\/media\/425"}],"wp:attachment":[{"href":"https:\/\/jairolibreros.com\/index.php?rest_route=%2Fwp%2Fv2%2Fmedia&parent=1727"}],"wp:term":[{"taxonomy":"category","embeddable":true,"href":"https:\/\/jairolibreros.com\/index.php?rest_route=%2Fwp%2Fv2%2Fcategories&post=1727"},{"taxonomy":"post_tag","embeddable":true,"href":"https:\/\/jairolibreros.com\/index.php?rest_route=%2Fwp%2Fv2%2Ftags&post=1727"}],"curies":[{"name":"wp","href":"https:\/\/api.w.org\/{rel}","templated":true}]}}