{"id":1732,"date":"2023-04-27T13:32:38","date_gmt":"2023-04-27T13:32:38","guid":{"rendered":"https:\/\/jairolibreros.com\/?p=1732"},"modified":"2023-06-14T00:49:01","modified_gmt":"2023-06-14T00:49:01","slug":"que-viene-para-el-gobierno-de-gustavo-petro-tras-el-cambio-de-su-gabinete","status":"publish","type":"post","link":"https:\/\/jairolibreros.com\/?p=1732","title":{"rendered":"\u00bfQu\u00e9 viene para el gobierno de Gustavo Petro tras el cambio de su gabinete?"},"content":{"rendered":"<p><span style=\"font-size: 14pt;\"><strong>\u00bfQu\u00e9 viene para el gobierno de Gustavo Petro tras el cambio de su gabinete?<\/strong><\/span><\/p>\n<p><span style=\"font-size: 14pt;\"><strong>Jairo Libreros<\/strong>, analista permanente de NTN24<\/span><\/p>\n<p class=\"p1\"><span style=\"font-size: 14pt;\"><i>Redacci\u00f3n NTN24 \u00b7 26 de abril de 2023<\/i><\/span><\/p>\n<p class=\"p1\"><span style=\"font-size: 14pt;\"><b>Jairo L\u00edberos, analista pol\u00edtico<\/b>, y Miguel Uribe Turbay, senador del Centro Democr\u00e1tico, hablaron en La Tarde de NTN24.<\/span><\/p>\n<blockquote hcb-fetch-image-from=\"https:\/\/twitter.com\/NTN24\/status\/1651345792248995844?s=20\" class=\"twitter-tweet\" data-width=\"550\" data-dnt=\"true\">\n<p lang=\"es\" dir=\"ltr\">El analista <a href=\"https:\/\/twitter.com\/JairoLibreros?ref_src=twsrc%5Etfw\">@JairoLibreros<\/a> habla sobre los resultados que dej\u00f3 la Conferencia Internacional sobre Venezuela que se cumpli\u00f3 en Bogot\u00e1. &quot;Creo que fracas\u00f3&quot;, afirm\u00f3. <a href=\"https:\/\/t.co\/2Fw8aCUDoE\">pic.twitter.com\/2Fw8aCUDoE<\/a><\/p>\n<p>&mdash; NTN24 (@NTN24) <a href=\"https:\/\/twitter.com\/NTN24\/status\/1651345792248995844?ref_src=twsrc%5Etfw\">April 26, 2023<\/a><\/p><\/blockquote>\n<p><script async src=\"https:\/\/platform.twitter.com\/widgets.js\" charset=\"utf-8\"><\/script><\/p>\n<p class=\"p1\"><span style=\"font-size: 14pt;\">El Gobierno de Colombia confirm\u00f3 este mi\u00e9rcoles los cambios que hizo el presidente Gustavo Petro en su gabinete luego de que les pidiera la renuncia protocolaria a todos sus ministros.<\/span><\/p>\n<p class=\"p1\"><span style=\"font-size: 14pt;\">El anuncio se da ante la falta de acuerdos sobre tres grandes y controvertidas reformas que cursan en el Parlamento: La reforma de salud, la reforma laboral y la reforma pensional.<\/span><\/p>\n<p class=\"p1\"><span style=\"font-size: 14pt;\">Los cambios se dieron en los ministerios de Hacienda, Agricultura, Interior, Salud, Ciencia, TIC y Transporte.<\/span><\/p>\n<p class=\"p1\"><span style=\"font-size: 14pt;\"><b>Jairo Libreros, analista pol\u00edtico<\/b>, y Miguel Uribe Turbay, senador del Partido Centro Democr\u00e1tico, hablaron en La Tarde de NTN24 respecto a los cambios en el gabinete de Gustavo Petro.<\/span><\/p>\n<p class=\"p1\"><span style=\"font-size: 14pt;\"><b>\u201cEste tipo de decisiones nos muestra lo que realmente va a ser el talante democr\u00e1tico de los pr\u00f3ximos tres a\u00f1os de la administraci\u00f3n de Gustavo Petro\u201d, dijo Libreros<\/b><\/span><\/p>\n<p class=\"p1\"><span style=\"font-size: 14pt;\">El analista indic\u00f3 que, al romper la colaci\u00f3n,\u00a0<b>el \u00fanico camino digno que le queda al Partido Liberal, al Partido Conservador y al Partido de la U \u201ces declararse partido de oposici\u00f3n\u201d.<\/b>\u00a0Adem\u00e1s afirm\u00f3 que \u201cya no queda nada del Gustavo Petro que comenz\u00f3 a gobernar\u201d.<\/span><\/p>\n<p class=\"p1\"><span style=\"font-size: 14pt;\">Por su parte Miguel Uribe asegur\u00f3 que \u201cGustavo Petro y su gobierno tiene un talante antidemocr\u00e1tico que desconoce por completo las cr\u00edticas\u201d.<\/span><\/p>\n<p class=\"p1\"><span style=\"font-size: 14pt;\">\u201cEl presidente de Colombia lo que ha demostrado es su rechazo a la opini\u00f3n de sus ministros, los partidos de gobierno y los ciudadanos\u201d, agreg\u00f3.<\/span><\/p>\n<p class=\"p1\"><span style=\"font-size: 14pt;\">Asimismo, el senador dijo que\u00a0el mandatario colombiano \u201cha demostrado que s\u00f3lo le sirven las decisiones judiciales que le convienen y las opiniones que le favorecen\u201d.<\/span><\/p>\n<p class=\"p1\"><span style=\"font-size: 14pt;\">\u201c\u00c9l subestima, rechaza y desprecia toda opini\u00f3n contraria a lo que promueve representa\u201d, afirm\u00f3 el senador. \u201cQueda claro que Gustavo Petro est\u00e1 fracasando no porque alguien no lo deje sino porque a \u00e9l le qued\u00f3 grande gobernar\u201d.<\/span><\/p>\n<blockquote hcb-fetch-image-from=\"https:\/\/twitter.com\/NTN24\/status\/1651362771538255872?s=20\" class=\"twitter-tweet\" data-width=\"550\" data-dnt=\"true\">\n<p lang=\"es\" dir=\"ltr\">\u00bfQu\u00e9 viene para el gobierno de Gustavo Petro tras el cambio de su gabinete?<a href=\"https:\/\/t.co\/l4jl7j7qEC\">https:\/\/t.co\/l4jl7j7qEC<\/a><\/p>\n<p>&mdash; NTN24 (@NTN24) <a href=\"https:\/\/twitter.com\/NTN24\/status\/1651362771538255872?ref_src=twsrc%5Etfw\">April 26, 2023<\/a><\/p><\/blockquote>\n<p><script async src=\"https:\/\/platform.twitter.com\/widgets.js\" charset=\"utf-8\"><\/script><\/p>\n<p><span style=\"font-size: 14pt;\">El link de NTN24 con mi an\u00e1lisis es el siguiente:<\/span><\/p>\n<p class=\"p3\"><span style=\"font-size: 14pt;\"><a href=\"https:\/\/www.ntn24.com\/noticias-politica\/que-viene-para-el-gobierno-de-gustavo-petro-tras-el-cambio-de-su-gabinete-414845\"><span style=\"text-decoration: underline;\">https:\/\/www.ntn24.com\/noticias-politica\/que-viene-para-el-gobierno-de-gustavo-petro-tras-el-cambio-de-su-gabinete-414845<\/span><\/a><span class=\"s1\"><span class=\"Apple-converted-space\">\u00a0<\/span><\/span><\/span><\/p>\n","protected":false},"excerpt":{"rendered":"<p>\u00bfQu\u00e9 viene para el gobierno de Gustavo Petro tras el cambio de su gabinete? Jairo Libreros, analista permanente de NTN24 Redacci\u00f3n NTN24 \u00b7 <\/p>\n","protected":false},"author":1,"featured_media":285,"comment_status":"open","ping_status":"open","sticky":false,"template":"","format":"standard","meta":{"om_disable_all_campaigns":false,"_monsterinsights_skip_tracking":false,"_monsterinsights_sitenote_active":false,"_monsterinsights_sitenote_note":"","_monsterinsights_sitenote_category":0,"footnotes":""},"categories":[1],"tags":[44,54,37,53],"aioseo_notices":[],"class_list":["post-1732","post","type-post","status-publish","format-standard","has-post-thumbnail","hentry","category-jairo-libreros","tag-elecciones","tag-comunicacion-politica","tag-movilizacion-social","tag-politicas-publicas"],"_links":{"self":[{"href":"https:\/\/jairolibreros.com\/index.php?rest_route=\/wp\/v2\/posts\/1732"}],"collection":[{"href":"https:\/\/jairolibreros.com\/index.php?rest_route=\/wp\/v2\/posts"}],"about":[{"href":"https:\/\/jairolibreros.com\/index.php?rest_route=\/wp\/v2\/types\/post"}],"author":[{"embeddable":true,"href":"https:\/\/jairolibreros.com\/index.php?rest_route=\/wp\/v2\/users\/1"}],"replies":[{"embeddable":true,"href":"https:\/\/jairolibreros.com\/index.php?rest_route=%2Fwp%2Fv2%2Fcomments&post=1732"}],"version-history":[{"count":4,"href":"https:\/\/jairolibreros.com\/index.php?rest_route=\/wp\/v2\/posts\/1732\/revisions"}],"predecessor-version":[{"id":1885,"href":"https:\/\/jairolibreros.com\/index.php?rest_route=\/wp\/v2\/posts\/1732\/revisions\/1885"}],"wp:featuredmedia":[{"embeddable":true,"href":"https:\/\/jairolibreros.com\/index.php?rest_route=\/wp\/v2\/media\/285"}],"wp:attachment":[{"href":"https:\/\/jairolibreros.com\/index.php?rest_route=%2Fwp%2Fv2%2Fmedia&parent=1732"}],"wp:term":[{"taxonomy":"category","embeddable":true,"href":"https:\/\/jairolibreros.com\/index.php?rest_route=%2Fwp%2Fv2%2Fcategories&post=1732"},{"taxonomy":"post_tag","embeddable":true,"href":"https:\/\/jairolibreros.com\/index.php?rest_route=%2Fwp%2Fv2%2Ftags&post=1732"}],"curies":[{"name":"wp","href":"https:\/\/api.w.org\/{rel}","templated":true}]}}