{"id":2036,"date":"2023-05-09T23:51:52","date_gmt":"2023-05-09T23:51:52","guid":{"rendered":"https:\/\/jairolibreros.com\/?p=2036"},"modified":"2023-06-14T00:44:28","modified_gmt":"2023-06-14T00:44:28","slug":"crisis-de-gobierno-paz-total-y-con-partidos-politicos","status":"publish","type":"post","link":"https:\/\/jairolibreros.com\/?p=2036","title":{"rendered":"Crisis de gobierno: Paz Total y con partidos pol\u00edticos"},"content":{"rendered":"<p><span style=\"font-size: 14pt;\"><strong>Crisis de gobierno: Paz Total y con partidos pol\u00edticos<\/strong><\/span><\/p>\n<p><span style=\"font-size: 14pt;\"><strong>Jairo Libreros<\/strong>, profesor titular de seguridad y defensa nacional de la Universidad Externado de Colombia<\/span><\/p>\n<blockquote hcb-fetch-image-from=\"https:\/\/twitter.com\/zonafranca\/status\/1641571533591134209?s=20\" class=\"twitter-tweet\" data-width=\"550\" data-dnt=\"true\">\n<p lang=\"es\" dir=\"ltr\">Esta noche en <a href=\"https:\/\/twitter.com\/hashtag\/ZonaFranca?src=hash&amp;ref_src=twsrc%5Etfw\">#ZonaFranca<\/a> : Crisis de gobierno: Paz Total y con partidos pol\u00edticos<\/p>\n<p>Invitados:<a href=\"https:\/\/twitter.com\/JairoLibreros?ref_src=twsrc%5Etfw\">@JairoLibreros<\/a><a href=\"https:\/\/twitter.com\/AlirioUribeMuoz?ref_src=twsrc%5Etfw\">@AlirioUribeMuoz<\/a><a href=\"https:\/\/twitter.com\/andrespreciado3?ref_src=twsrc%5Etfw\">@andrespreciado3<\/a><\/p>\n<p>Con\u00e9ctate a las 9 pm solo por <a href=\"https:\/\/twitter.com\/RedMasTv?ref_src=twsrc%5Etfw\">@RedMasTv<\/a><\/p>\n<p>Canales 107 y 1007 HD de la se\u00f1al de claro<br \/>Presenta: <a href=\"https:\/\/twitter.com\/MCamilaOrozco?ref_src=twsrc%5Etfw\">@MCamilaOrozco<\/a> <a href=\"https:\/\/t.co\/lChuS6il3t\">pic.twitter.com\/lChuS6il3t<\/a><\/p>\n<p>&mdash; Zona Franca (@zonafranca) <a href=\"https:\/\/twitter.com\/zonafranca\/status\/1641571533591134209?ref_src=twsrc%5Etfw\">March 30, 2023<\/a><\/p><\/blockquote>\n<p><script async src=\"https:\/\/platform.twitter.com\/widgets.js\" charset=\"utf-8\"><\/script><\/p>\n<p><iframe hcb-fetch-image-from=\"https:\/\/www.youtube.com\/watch?v=fbDHoThPOU0\" title=\"Crisis de gobierno: Paz Total y con partidos pol\u00edticos | Zona Franca\" width=\"640\" height=\"360\" src=\"https:\/\/www.youtube.com\/embed\/fbDHoThPOU0?feature=oembed\" frameborder=\"0\" allow=\"accelerometer; autoplay; clipboard-write; encrypted-media; gyroscope; picture-in-picture; web-share\" referrerpolicy=\"strict-origin-when-cross-origin\" allowfullscreen><\/iframe><\/p>\n<p><span style=\"font-size: 14pt;\"><em>Redacci\u00f3n Zona Franca. Red m\u00e1s noticias. 30.03.2023<\/em><\/span><\/p>\n<blockquote hcb-fetch-image-from=\"https:\/\/twitter.com\/zonafranca\/status\/1641583332252082177?s=20\" class=\"twitter-tweet\" data-width=\"550\" data-dnt=\"true\">\n<p lang=\"es\" dir=\"ltr\">Hoy en <a href=\"https:\/\/twitter.com\/hashtag\/ZonaFranca?src=hash&amp;ref_src=twsrc%5Etfw\">#ZonaFranca<\/a> analizando la crisis por la que pasa el actual gobierno en Colombia nos acompa\u00f1ar\u00e1 <a href=\"https:\/\/twitter.com\/JairoLibreros?ref_src=twsrc%5Etfw\">@JairoLibreros<\/a>, Abogado, especialista en pol\u00edtica internacional y profesor titular de seguridad y defensa nacional de la <a href=\"https:\/\/twitter.com\/UExternado?ref_src=twsrc%5Etfw\">@uexternado<\/a><\/p>\n<p>&mdash; Zona Franca (@zonafranca) <a href=\"https:\/\/twitter.com\/zonafranca\/status\/1641583332252082177?ref_src=twsrc%5Etfw\">March 30, 2023<\/a><\/p><\/blockquote>\n<p><script async src=\"https:\/\/platform.twitter.com\/widgets.js\" charset=\"utf-8\"><\/script><\/p>\n<p class=\"p1\"><span style=\"font-size: 14pt;\">El gobierno colombiano se la jug\u00f3 con la Paz Total incluyendo al ELN pero esta guerrilla ha seguido con las hostilidades, tambalea la Paz Total. Por otro lado, el petrismo vuelve a recibir un golpe a una de sus reformas. Ca\u00edda la reforma pol\u00edtica ahora parece ser el turno para la reforma a la salud. Los partidos Conservador y de la U quitan su apoyo al gobierno en esta iniciativa y el proyecto pierde sus mayor\u00edas en el Congreso. Mientras el presidente lidia con la mala hora pol\u00edtica a nivel nacional a nivel internacional el panorama no es mucho mejor: Per\u00fa retir\u00f3 su embajador en Colombia. El debate en Zona Franca.<\/span><\/p>\n<blockquote hcb-fetch-image-from=\"https:\/\/twitter.com\/zonafranca\/status\/1641623345857990656?s=20\" class=\"twitter-tweet\" data-width=\"550\" data-dnt=\"true\">\n<p lang=\"es\" dir=\"ltr\"><a href=\"https:\/\/twitter.com\/hashtag\/ZonaFranca?src=hash&amp;ref_src=twsrc%5Etfw\">#ZonaFranca<\/a> I \u201cEst\u00e1n apostando por un modelo donde nos sentamos a negociar mientras que se mantiene la guerra\u201d <a href=\"https:\/\/twitter.com\/JairoLibreros?ref_src=twsrc%5Etfw\">@JairoLibreros<\/a><\/p>\n<p>&mdash; Zona Franca (@zonafranca) <a href=\"https:\/\/twitter.com\/zonafranca\/status\/1641623345857990656?ref_src=twsrc%5Etfw\">March 31, 2023<\/a><\/p><\/blockquote>\n<p><script async src=\"https:\/\/platform.twitter.com\/widgets.js\" charset=\"utf-8\"><\/script><\/p>\n<p class=\"p1\"><span style=\"font-size: 14pt;\">Invitados:<span class=\"Apple-converted-space\">\u00a0<\/span><\/span><\/p>\n<p class=\"p1\"><span style=\"font-size: 14pt;\"><strong>Jairo Libreros<\/strong><\/span><\/p>\n<p class=\"p1\"><span style=\"font-size: 14pt;\">Alirio Uribe<\/span><\/p>\n<p class=\"p1\"><span style=\"font-size: 14pt;\">Andr\u00e9s Preciado<\/span><\/p>\n<blockquote hcb-fetch-image-from=\"https:\/\/twitter.com\/zonafranca\/status\/1641623597520232448?s=20\" class=\"twitter-tweet\" data-width=\"550\" data-dnt=\"true\">\n<p lang=\"es\" dir=\"ltr\">\u201cApuesto por la paz total, apuesto por la imagen y la postura de Gustavo Petro pero no hay ninguna estrategia de seguridad\u201d  Ese fue el comentario hecho por <a href=\"https:\/\/twitter.com\/JairoLibreros?ref_src=twsrc%5Etfw\">@JairoLibreros<\/a> en el debate en <a href=\"https:\/\/twitter.com\/hashtag\/ZonaFranca?src=hash&amp;ref_src=twsrc%5Etfw\">#ZonaFranca<\/a> sobre las negociaciones entre el Gobierno y los grupos armados<\/p>\n<p>&mdash; Zona Franca (@zonafranca) <a href=\"https:\/\/twitter.com\/zonafranca\/status\/1641623597520232448?ref_src=twsrc%5Etfw\">March 31, 2023<\/a><\/p><\/blockquote>\n<p><script async src=\"https:\/\/platform.twitter.com\/widgets.js\" charset=\"utf-8\"><\/script><\/p>\n<p class=\"p1\"><span style=\"font-size: 14pt;\">Bloque 1:<span class=\"Apple-converted-space\">\u00a0<\/span><\/span><\/p>\n<p class=\"p3\"><span style=\"font-size: 14pt;\"><a href=\"https:\/\/www.youtube.com\/watch?v=fbDHoThPOU0&amp;t=0s\">00:00:00<\/a><span class=\"s1\"> \u2013 <a href=\"https:\/\/www.youtube.com\/watch?v=fbDHoThPOU0&amp;t=2187s\">00:36:27<\/a><\/span><\/span><\/p>\n<p class=\"p1\"><span style=\"font-size: 14pt;\">El gobierno colombiano se la jug\u00f3 con la Paz Total incluyendo al ELN pero esta guerrilla ha seguido con las hostilidades, tambalea la Paz Total. Por otro lado, el petrismo vuelve a recibir un golpe a una de sus reformas. Ca\u00edda la reforma pol\u00edtica ahora parece ser el turno para la reforma a la salud. Los partidos Conservador y de la U quitan su apoyo al gobierno en esta iniciativa y el proyecto pierde sus mayor\u00edas en el Congreso.<span class=\"Apple-converted-space\">\u00a0<\/span><\/span><\/p>\n<blockquote hcb-fetch-image-from=\"https:\/\/twitter.com\/zonafranca\/status\/1641623849589407746?s=20\" class=\"twitter-tweet\" data-width=\"550\" data-dnt=\"true\">\n<p lang=\"es\" dir=\"ltr\">\u201cEstoy preocupado porque en el ministerio de defensa no hay nadie posesionado\u201d Ese fue uno de los comentarios de <a href=\"https:\/\/twitter.com\/JairoLibreros?ref_src=twsrc%5Etfw\">@JairoLibreros<\/a> en el debate en <a href=\"https:\/\/twitter.com\/hashtag\/ZonaFranca?src=hash&amp;ref_src=twsrc%5Etfw\">#ZonaFranca<\/a> sobre las negociaciones entre el Gobierno y los grupos armados<\/p>\n<p>&mdash; Zona Franca (@zonafranca) <a href=\"https:\/\/twitter.com\/zonafranca\/status\/1641623849589407746?ref_src=twsrc%5Etfw\">March 31, 2023<\/a><\/p><\/blockquote>\n<p><script async src=\"https:\/\/platform.twitter.com\/widgets.js\" charset=\"utf-8\"><\/script><\/p>\n<p class=\"p1\"><span style=\"font-size: 14pt;\">Bloque 2:<\/span><\/p>\n<p class=\"p3\"><span style=\"font-size: 14pt;\"><a href=\"https:\/\/www.youtube.com\/watch?v=fbDHoThPOU0&amp;t=2187s\">00:36:27<\/a><span class=\"s1\"> \u2013 <a href=\"https:\/\/www.youtube.com\/watch?v=fbDHoThPOU0&amp;t=2760s\">00:46:00<\/a><\/span><\/span><\/p>\n<p class=\"p1\"><span style=\"font-size: 14pt;\">Mientras el presidente lidia con la mala hora pol\u00edtica a nivel nacional a nivel internacional el panorama no es mucho mejor: Per\u00fa retir\u00f3 su embajador en Colombia.<\/span><\/p>\n<blockquote hcb-fetch-image-from=\"https:\/\/twitter.com\/zonafranca\/status\/1641624352591609856?s=20\" class=\"twitter-tweet\" data-width=\"550\" data-dnt=\"true\">\n<p lang=\"es\" dir=\"ltr\"><a href=\"https:\/\/twitter.com\/hashtag\/ZonaFranca?src=hash&amp;ref_src=twsrc%5Etfw\">#ZonaFranca<\/a> I \u201cEl ministerio de defensa est\u00e1 casi que apagado, no hay pensamiento estrat\u00e9gico\u201d <a href=\"https:\/\/twitter.com\/JairoLibreros?ref_src=twsrc%5Etfw\">@JairoLibreros<\/a> sobre las conversaciones entre el Gobierno y los grupos armados<\/p>\n<p>&mdash; Zona Franca (@zonafranca) <a href=\"https:\/\/twitter.com\/zonafranca\/status\/1641624352591609856?ref_src=twsrc%5Etfw\">March 31, 2023<\/a><\/p><\/blockquote>\n<p><script async src=\"https:\/\/platform.twitter.com\/widgets.js\" charset=\"utf-8\"><\/script><\/p>\n<p class=\"p1\"><span style=\"font-size: 14pt;\">Bloque 3:<\/span><\/p>\n<p class=\"p1\"><span style=\"font-size: 14pt;\"><span class=\"s2\"><a href=\"https:\/\/www.youtube.com\/watch?v=fbDHoThPOU0&amp;t=2760s\">00:46:00<\/a><\/span> \u2013 00:51:10<\/span><\/p>\n<blockquote hcb-fetch-image-from=\"https:\/\/twitter.com\/zonafranca\/status\/1641624855857745920?s=20\" class=\"twitter-tweet\" data-width=\"550\" data-dnt=\"true\">\n<p lang=\"es\" dir=\"ltr\">Seg\u00fan <a href=\"https:\/\/twitter.com\/JairoLibreros?ref_src=twsrc%5Etfw\">@JairoLibreros<\/a>:\u201cSi no tienes una cabeza pensante en el ministerio de defensa estamos viendo las consecuencias con los actores armados\u201d<\/p>\n<p>\u00bfUsted qu\u00e9 opina de las negociaciones entre el Estado y el ELN? Lo leemos en <a href=\"https:\/\/twitter.com\/hashtag\/ZonaFranca?src=hash&amp;ref_src=twsrc%5Etfw\">#ZonaFranca<\/a><\/p>\n<p>&mdash; Zona Franca (@zonafranca) <a href=\"https:\/\/twitter.com\/zonafranca\/status\/1641624855857745920?ref_src=twsrc%5Etfw\">March 31, 2023<\/a><\/p><\/blockquote>\n<p><script async src=\"https:\/\/platform.twitter.com\/widgets.js\" charset=\"utf-8\"><\/script><\/p>\n<p class=\"p1\"><span style=\"font-size: 14pt;\">Conclusiones de Invitados<\/span><\/p>\n<blockquote hcb-fetch-image-from=\"https:\/\/twitter.com\/zonafranca\/status\/1641626365911789569?s=20\" class=\"twitter-tweet\" data-width=\"550\" data-dnt=\"true\">\n<p lang=\"es\" dir=\"ltr\"><a href=\"https:\/\/twitter.com\/hashtag\/ZonaFranca?src=hash&amp;ref_src=twsrc%5Etfw\">#ZonaFranca<\/a> I \u00bfEstamos en capacidad de detener los ataques b\u00e9licos del ELN? <a href=\"https:\/\/twitter.com\/JairoLibreros?ref_src=twsrc%5Etfw\">@JairoLibreros<\/a> sobre las negociaciones entre el Gobierno y el ELN<\/p>\n<p>&mdash; Zona Franca (@zonafranca) <a href=\"https:\/\/twitter.com\/zonafranca\/status\/1641626365911789569?ref_src=twsrc%5Etfw\">March 31, 2023<\/a><\/p><\/blockquote>\n<p><script async src=\"https:\/\/platform.twitter.com\/widgets.js\" charset=\"utf-8\"><\/script><\/p>\n<blockquote hcb-fetch-image-from=\"https:\/\/twitter.com\/zonafranca\/status\/1641628379156738050?s=20\" class=\"twitter-tweet\" data-width=\"550\" data-dnt=\"true\">\n<p lang=\"es\" dir=\"ltr\"><a href=\"https:\/\/twitter.com\/hashtag\/ZonaFranca?src=hash&amp;ref_src=twsrc%5Etfw\">#ZonaFranca<\/a> I \u201cYo creo que no s\u00e9 puede renunciar a los objetivos de alto valor. El gobierno debe dar un golpe al ELN\u201d <a href=\"https:\/\/twitter.com\/JairoLibreros?ref_src=twsrc%5Etfw\">@JairoLibreros<\/a> sobre el actual conflicto entre el Gobierno y el ELN<\/p>\n<p>&mdash; Zona Franca (@zonafranca) <a href=\"https:\/\/twitter.com\/zonafranca\/status\/1641628379156738050?ref_src=twsrc%5Etfw\">March 31, 2023<\/a><\/p><\/blockquote>\n<p><script async src=\"https:\/\/platform.twitter.com\/widgets.js\" charset=\"utf-8\"><\/script><\/p>\n<blockquote hcb-fetch-image-from=\"https:\/\/twitter.com\/zonafranca\/status\/1641630643984400385?s=20\" class=\"twitter-tweet\" data-width=\"550\" data-dnt=\"true\">\n<p lang=\"es\" dir=\"ltr\"><a href=\"https:\/\/twitter.com\/hashtag\/ZonaFranca?src=hash&amp;ref_src=twsrc%5Etfw\">#ZonaFranca<\/a> I \u201cTengo serias dudas sobre la lealtad del ELN con el Gobierno y el pueblo colombiano\u201d <a href=\"https:\/\/twitter.com\/JairoLibreros?ref_src=twsrc%5Etfw\">@JairoLibreros<\/a> sobre las negociaciones entre el Gobierno y el ELN<\/p>\n<p>&mdash; Zona Franca (@zonafranca) <a href=\"https:\/\/twitter.com\/zonafranca\/status\/1641630643984400385?ref_src=twsrc%5Etfw\">March 31, 2023<\/a><\/p><\/blockquote>\n<p><script async src=\"https:\/\/platform.twitter.com\/widgets.js\" charset=\"utf-8\"><\/script><\/p>\n<blockquote hcb-fetch-image-from=\"https:\/\/twitter.com\/zonafranca\/status\/1641630895642914818?s=20\" class=\"twitter-tweet\" data-width=\"550\" data-dnt=\"true\">\n<p lang=\"es\" dir=\"ltr\">La pregunta de <a href=\"https:\/\/twitter.com\/JairoLibreros?ref_src=twsrc%5Etfw\">@JairoLibreros<\/a> durante el an\u00e1lisis en <a href=\"https:\/\/twitter.com\/hashtag\/ZonaFranca?src=hash&amp;ref_src=twsrc%5Etfw\">#ZonaFranca<\/a> sobre las negociaciones entre el Gobierno y el ELN fue: \u201c\u00bfSon las personas correctas las que est\u00e1n sentadas en la mesa por parte del ELN?\u201d<\/p>\n<p>&mdash; Zona Franca (@zonafranca) <a href=\"https:\/\/twitter.com\/zonafranca\/status\/1641630895642914818?ref_src=twsrc%5Etfw\">March 31, 2023<\/a><\/p><\/blockquote>\n<p><script async src=\"https:\/\/platform.twitter.com\/widgets.js\" charset=\"utf-8\"><\/script><\/p>\n<blockquote hcb-fetch-image-from=\"https:\/\/twitter.com\/zonafranca\/status\/1641631650546348033?s=20\" class=\"twitter-tweet\" data-width=\"550\" data-dnt=\"true\">\n<p lang=\"es\" dir=\"ltr\"><a href=\"https:\/\/twitter.com\/hashtag\/ZonaFranca?src=hash&amp;ref_src=twsrc%5Etfw\">#ZonaFranca<\/a> I \u201cLe pedimos lealtad pol\u00edtica al ELN para saber si tiene la capacidad de control y liderazgo\u201d <a href=\"https:\/\/twitter.com\/JairoLibreros?ref_src=twsrc%5Etfw\">@JairoLibreros<\/a> sobre las negociaciones entre el Gobierno y el ELN<\/p>\n<p>&mdash; Zona Franca (@zonafranca) <a href=\"https:\/\/twitter.com\/zonafranca\/status\/1641631650546348033?ref_src=twsrc%5Etfw\">March 31, 2023<\/a><\/p><\/blockquote>\n<p><script async src=\"https:\/\/platform.twitter.com\/widgets.js\" charset=\"utf-8\"><\/script><\/p>\n<blockquote hcb-fetch-image-from=\"https:\/\/twitter.com\/zonafranca\/status\/1641633915424362496?s=20\" class=\"twitter-tweet\" data-width=\"550\" data-dnt=\"true\">\n<p lang=\"es\" dir=\"ltr\"><a href=\"https:\/\/twitter.com\/hashtag\/ZonaFranca?src=hash&amp;ref_src=twsrc%5Etfw\">#ZonaFranca<\/a> I \u201cEl ELN quiere muchas cosas, quiere dilatar el tiempo, ese tiempo le sirve para debilitar el Estado\u201d <a href=\"https:\/\/twitter.com\/JairoLibreros?ref_src=twsrc%5Etfw\">@JairoLibreros<\/a> sobre las negociaciones entre el Gobierno y el ELN<\/p>\n<p>&mdash; Zona Franca (@zonafranca) <a href=\"https:\/\/twitter.com\/zonafranca\/status\/1641633915424362496?ref_src=twsrc%5Etfw\">March 31, 2023<\/a><\/p><\/blockquote>\n<p><script async src=\"https:\/\/platform.twitter.com\/widgets.js\" charset=\"utf-8\"><\/script><\/p>\n<blockquote hcb-fetch-image-from=\"https:\/\/twitter.com\/zonafranca\/status\/1641634418954498052?s=20\" class=\"twitter-tweet\" data-width=\"550\" data-dnt=\"true\">\n<p lang=\"es\" dir=\"ltr\">\u201cNo veo una intenci\u00f3n real de paz por parte del ELN porque siguen teniendo nexos con el narcotr\u00e1fico y sigue reclutando menores de edad, creo que puede ser fallido este intento\u201d. Esa fue la conclusi\u00f3n de <a href=\"https:\/\/twitter.com\/JairoLibreros?ref_src=twsrc%5Etfw\">@JairoLibreros<\/a> durante el an\u00e1lisis en <a href=\"https:\/\/twitter.com\/hashtag\/ZonaFranca?src=hash&amp;ref_src=twsrc%5Etfw\">#ZonaFranca<\/a><\/p>\n<p>&mdash; Zona Franca (@zonafranca) <a href=\"https:\/\/twitter.com\/zonafranca\/status\/1641634418954498052?ref_src=twsrc%5Etfw\">March 31, 2023<\/a><\/p><\/blockquote>\n<p><script async src=\"https:\/\/platform.twitter.com\/widgets.js\" charset=\"utf-8\"><\/script><\/p>\n<p><span style=\"font-size: 14pt;\">El link de Zona Franca con el video del debate es el siguiente:<\/span><\/p>\n<p><iframe hcb-fetch-image-from=\"https:\/\/www.youtube.com\/watch?v=fbDHoThPOU0\" title=\"Crisis de gobierno: Paz Total y con partidos pol\u00edticos | Zona Franca\" width=\"640\" height=\"360\" src=\"https:\/\/www.youtube.com\/embed\/fbDHoThPOU0?feature=oembed\" frameborder=\"0\" allow=\"accelerometer; autoplay; clipboard-write; encrypted-media; gyroscope; picture-in-picture; web-share\" referrerpolicy=\"strict-origin-when-cross-origin\" allowfullscreen><\/iframe><\/p>\n","protected":false},"excerpt":{"rendered":"<p>Crisis de gobierno: Paz Total y con partidos pol\u00edticos Jairo Libreros, profesor titular de seguridad y defensa nacional de la Universidad Externado de <\/p>\n","protected":false},"author":1,"featured_media":425,"comment_status":"open","ping_status":"open","sticky":false,"template":"","format":"standard","meta":{"om_disable_all_campaigns":false,"_monsterinsights_skip_tracking":false,"_monsterinsights_sitenote_active":false,"_monsterinsights_sitenote_note":"","_monsterinsights_sitenote_category":0,"footnotes":""},"categories":[1],"tags":[90,53,39],"aioseo_notices":[],"class_list":["post-2036","post","type-post","status-publish","format-standard","has-post-thumbnail","hentry","category-jairo-libreros","tag-seguridad-y-defensa-nacional","tag-politicas-publicas","tag-seguridad-ciudadana"],"_links":{"self":[{"href":"https:\/\/jairolibreros.com\/index.php?rest_route=\/wp\/v2\/posts\/2036"}],"collection":[{"href":"https:\/\/jairolibreros.com\/index.php?rest_route=\/wp\/v2\/posts"}],"about":[{"href":"https:\/\/jairolibreros.com\/index.php?rest_route=\/wp\/v2\/types\/post"}],"author":[{"embeddable":true,"href":"https:\/\/jairolibreros.com\/index.php?rest_route=\/wp\/v2\/users\/1"}],"replies":[{"embeddable":true,"href":"https:\/\/jairolibreros.com\/index.php?rest_route=%2Fwp%2Fv2%2Fcomments&post=2036"}],"version-history":[{"count":2,"href":"https:\/\/jairolibreros.com\/index.php?rest_route=\/wp\/v2\/posts\/2036\/revisions"}],"predecessor-version":[{"id":2038,"href":"https:\/\/jairolibreros.com\/index.php?rest_route=\/wp\/v2\/posts\/2036\/revisions\/2038"}],"wp:featuredmedia":[{"embeddable":true,"href":"https:\/\/jairolibreros.com\/index.php?rest_route=\/wp\/v2\/media\/425"}],"wp:attachment":[{"href":"https:\/\/jairolibreros.com\/index.php?rest_route=%2Fwp%2Fv2%2Fmedia&parent=2036"}],"wp:term":[{"taxonomy":"category","embeddable":true,"href":"https:\/\/jairolibreros.com\/index.php?rest_route=%2Fwp%2Fv2%2Fcategories&post=2036"},{"taxonomy":"post_tag","embeddable":true,"href":"https:\/\/jairolibreros.com\/index.php?rest_route=%2Fwp%2Fv2%2Ftags&post=2036"}],"curies":[{"name":"wp","href":"https:\/\/api.w.org\/{rel}","templated":true}]}}