{"id":2100,"date":"2023-05-10T13:15:27","date_gmt":"2023-05-10T13:15:27","guid":{"rendered":"https:\/\/jairolibreros.com\/?p=2100"},"modified":"2023-06-14T00:38:17","modified_gmt":"2023-06-14T00:38:17","slug":"izquierda-chilena-un-espejo-para-colombia","status":"publish","type":"post","link":"https:\/\/jairolibreros.com\/?p=2100","title":{"rendered":"Izquierda chilena, \u00bfun espejo para Colombia?"},"content":{"rendered":"<p><span style=\"font-size: 14pt;\"><strong>Izquierda chilena, \u00bfun espejo para Colombia?<\/strong><\/span><\/p>\n<p><span style=\"font-size: 14pt;\"><strong>Jairo Libreros<\/strong>, profesor titular de la Universidad Externado de Colombia<\/span><\/p>\n<blockquote hcb-fetch-image-from=\"https:\/\/twitter.com\/zonafranca\/status\/1656079100703051777?s=20\" class=\"twitter-tweet\" data-width=\"550\" data-dnt=\"true\">\n<p lang=\"es\" dir=\"ltr\">Hoy en <a href=\"https:\/\/twitter.com\/hashtag\/ZonaFranca?src=hash&amp;ref_src=twsrc%5Etfw\">#ZonaFranca<\/a> analizando las elecciones constituyentes en Chile nos acompa\u00f1ar\u00e1 <a href=\"https:\/\/twitter.com\/JairoLibreros?ref_src=twsrc%5Etfw\">@JairoLibreros<\/a>, Abogado, especialista en pol\u00edtica internacional y profesor titular de seguridad y defensa nacional de la <a href=\"https:\/\/twitter.com\/UExternado?ref_src=twsrc%5Etfw\">@uexternado<\/a><\/p>\n<p>&mdash; Zona Franca (@zonafranca) <a href=\"https:\/\/twitter.com\/zonafranca\/status\/1656079100703051777?ref_src=twsrc%5Etfw\">May 9, 2023<\/a><\/p><\/blockquote>\n<p><script async src=\"https:\/\/platform.twitter.com\/widgets.js\" charset=\"utf-8\"><\/script><\/p>\n<p class=\"p1\"><span style=\"font-size: 14pt;\">La derecha del pa\u00eds austral arras\u00f3 en las elecciones de los constituyentes que participaran de la redacci\u00f3n de la Constituci\u00f3n en ese pa\u00eds. \u00bfHay alguna se\u00f1al para el gobierno de izquierda colombiano de la desinflada en las urnas del presidente Gabriel Boric y sus sectores? El debate y an\u00e1lisis en Zona Franca.<\/span><\/p>\n<p><iframe hcb-fetch-image-from=\"https:\/\/www.youtube.com\/watch?v=ClsmDn9P0Vs\" title=\"Izquierda chilena, \u00bfun espejo para Colombia? | Zona Franca\" width=\"640\" height=\"360\" src=\"https:\/\/www.youtube.com\/embed\/ClsmDn9P0Vs?feature=oembed\" frameborder=\"0\" allow=\"accelerometer; autoplay; clipboard-write; encrypted-media; gyroscope; picture-in-picture; web-share\" referrerpolicy=\"strict-origin-when-cross-origin\" allowfullscreen><\/iframe><\/p>\n<blockquote hcb-fetch-image-from=\"https:\/\/twitter.com\/zonafranca\/status\/1656118860502953984?s=20\" class=\"twitter-tweet\" data-width=\"550\" data-dnt=\"true\">\n<p lang=\"es\" dir=\"ltr\"><a href=\"https:\/\/twitter.com\/hashtag\/ZonaFranca?src=hash&amp;ref_src=twsrc%5Etfw\">#ZonaFranca<\/a> I \u201cSe ha vendido la idea de que los procesos constituyentes son los mecanismos para mejorar la vida, ah\u00ed hay un problema muy grave\u201d <a href=\"https:\/\/twitter.com\/JairoLibreros?ref_src=twsrc%5Etfw\">@JairoLibreros<\/a> en el an\u00e1lisis <a href=\"https:\/\/twitter.com\/hashtag\/ElMensajeDeChileAColEs?src=hash&amp;ref_src=twsrc%5Etfw\">#ElMensajeDeChileAColEs<\/a> sobre el proceso constituyente en Chile<\/p>\n<p>&mdash; Zona Franca (@zonafranca) <a href=\"https:\/\/twitter.com\/zonafranca\/status\/1656118860502953984?ref_src=twsrc%5Etfw\">May 10, 2023<\/a><\/p><\/blockquote>\n<p><script async src=\"https:\/\/platform.twitter.com\/widgets.js\" charset=\"utf-8\"><\/script><\/p>\n<p class=\"p1\"><span style=\"font-size: 14pt;\">Invitados:<span class=\"Apple-converted-space\">\u00a0<\/span><\/span><\/p>\n<p class=\"p1\"><span style=\"font-size: 14pt;\">Jairo Libreros<\/span><\/p>\n<p class=\"p1\"><span style=\"font-size: 14pt;\">Mauricio Jaramillo Jassir<\/span><\/p>\n<p class=\"p1\"><span style=\"font-size: 14pt;\">Eric Latorre<\/span><\/p>\n<blockquote hcb-fetch-image-from=\"https:\/\/twitter.com\/zonafranca\/status\/1656119363848511488?s=20\" class=\"twitter-tweet\" data-width=\"550\" data-dnt=\"true\">\n<p lang=\"es\" dir=\"ltr\"><a href=\"https:\/\/twitter.com\/hashtag\/ZonaFranca?src=hash&amp;ref_src=twsrc%5Etfw\">#ZonaFranca<\/a> I \u201cEn el caso chileno ya no es solo descontento, ya es un ataque al sistema\u201d <a href=\"https:\/\/twitter.com\/JairoLibreros?ref_src=twsrc%5Etfw\">@JairoLibreros<\/a> en el debate <a href=\"https:\/\/twitter.com\/hashtag\/ElMensajeDeChileAColEs?src=hash&amp;ref_src=twsrc%5Etfw\">#ElMensajeDeChileAColEs<\/a> sobre la derrota de la izquierda en el proceso constituyente de ese pa\u00eds<\/p>\n<p>&mdash; Zona Franca (@zonafranca) <a href=\"https:\/\/twitter.com\/zonafranca\/status\/1656119363848511488?ref_src=twsrc%5Etfw\">May 10, 2023<\/a><\/p><\/blockquote>\n<p><script async src=\"https:\/\/platform.twitter.com\/widgets.js\" charset=\"utf-8\"><\/script><\/p>\n<p class=\"p1\"><span style=\"font-size: 14pt;\">Bloque 1:<span class=\"Apple-converted-space\">\u00a0<\/span><\/span><\/p>\n<p class=\"p3\"><span style=\"font-size: 14pt;\"><a href=\"https:\/\/www.youtube.com\/watch?v=ClsmDn9P0Vs&amp;t=0s\">00:00:00<\/a><span class=\"s1\"> \u2013 <a href=\"https:\/\/www.youtube.com\/watch?v=ClsmDn9P0Vs&amp;t=1801s\">00:30:01<\/a><\/span><\/span><\/p>\n<p class=\"p1\"><span style=\"font-size: 14pt;\">La derecha del pa\u00eds austral arras\u00f3 en las elecciones de los constituyentes que participaran de la redacci\u00f3n de la Constituci\u00f3n en ese pa\u00eds. \u00bfHay alguna se\u00f1al para el gobierno de izquierda colombiano de la desinflada en las urnas del presidente Gabriel Boric y sus sectores?<\/span><\/p>\n<blockquote hcb-fetch-image-from=\"https:\/\/twitter.com\/zonafranca\/status\/1656121377152278530?s=20\" class=\"twitter-tweet\" data-width=\"550\" data-dnt=\"true\">\n<p lang=\"es\" dir=\"ltr\"><a href=\"https:\/\/twitter.com\/hashtag\/ZonaFranca?src=hash&amp;ref_src=twsrc%5Etfw\">#ZonaFranca<\/a> I \u201cEl caso chileno puede ser un laboratorio para que Gustavo Petro lea lo que est\u00e1 ocurriendo y vea lo que no funciona\u201d <a href=\"https:\/\/twitter.com\/JairoLibreros?ref_src=twsrc%5Etfw\">@JairoLibreros<\/a> en el an\u00e1lisis <a href=\"https:\/\/twitter.com\/hashtag\/ElMensajeDeChileAColEs?src=hash&amp;ref_src=twsrc%5Etfw\">#ElMensajeDeChileAColEs<\/a> sobre la derrota de la izquierda chilena en el proceso constituyente<\/p>\n<p>&mdash; Zona Franca (@zonafranca) <a href=\"https:\/\/twitter.com\/zonafranca\/status\/1656121377152278530?ref_src=twsrc%5Etfw\">May 10, 2023<\/a><\/p><\/blockquote>\n<p><script async src=\"https:\/\/platform.twitter.com\/widgets.js\" charset=\"utf-8\"><\/script><\/p>\n<p class=\"p1\"><span style=\"font-size: 14pt;\">Bloque 2:<\/span><\/p>\n<p class=\"p3\"><span style=\"font-size: 14pt;\"><a href=\"https:\/\/www.youtube.com\/watch?v=ClsmDn9P0Vs&amp;t=1801s\">00:30:01<\/a><span class=\"s1\"> \u2013 <a href=\"https:\/\/www.youtube.com\/watch?v=ClsmDn9P0Vs&amp;t=2715s\">00:45:15<\/a><\/span><\/span><\/p>\n<p class=\"p1\"><span style=\"font-size: 14pt;\">El Presidente Gustavo Petro desde que rompi\u00f3 con los partidos de la coalici\u00f3n de gobierno radicaliz\u00f3 su discurso\u2026 recordemos algo de lo que dijo el 1 de mayo en el balonazo presidencial.<\/span><\/p>\n<blockquote hcb-fetch-image-from=\"https:\/\/twitter.com\/zonafranca\/status\/1656121628819075072?s=20\" class=\"twitter-tweet\" data-width=\"550\" data-dnt=\"true\">\n<p lang=\"es\" dir=\"ltr\"><a href=\"https:\/\/twitter.com\/hashtag\/ZonaFranca?src=hash&amp;ref_src=twsrc%5Etfw\">#ZonaFranca<\/a> I \u201cEl presidente Petro es consciente que las reformas no pueden seguir los mismos errores del caso chileno, es un simple referente\u201d <a href=\"https:\/\/twitter.com\/JairoLibreros?ref_src=twsrc%5Etfw\">@JairoLibreros<\/a> en el an\u00e1lisis <a href=\"https:\/\/twitter.com\/hashtag\/ElMensajeDeChileAColEs?src=hash&amp;ref_src=twsrc%5Etfw\">#ElMensajeDeChileAColEs<\/a> sobre la derrota de la izquierda chilena en el proceso constituyente<\/p>\n<p>&mdash; Zona Franca (@zonafranca) <a href=\"https:\/\/twitter.com\/zonafranca\/status\/1656121628819075072?ref_src=twsrc%5Etfw\">May 10, 2023<\/a><\/p><\/blockquote>\n<p><script async src=\"https:\/\/platform.twitter.com\/widgets.js\" charset=\"utf-8\"><\/script><\/p>\n<p class=\"p1\"><span style=\"font-size: 14pt;\">Bloque 3:<\/span><\/p>\n<p class=\"p1\"><span style=\"font-size: 14pt;\"><span class=\"s2\"><a href=\"https:\/\/www.youtube.com\/watch?v=ClsmDn9P0Vs&amp;t=2715s\">00:45:15<\/a><\/span> \u2013 00:48:00<\/span><\/p>\n<blockquote hcb-fetch-image-from=\"https:\/\/twitter.com\/zonafranca\/status\/1656124399391580165?s=20\" class=\"twitter-tweet\" data-width=\"550\" data-dnt=\"true\">\n<p lang=\"es\" dir=\"ltr\"><a href=\"https:\/\/twitter.com\/hashtag\/ZonaFranca?src=hash&amp;ref_src=twsrc%5Etfw\">#ZonaFranca<\/a> I \u201cLa idea de la izquierda es avanzar juntos, aqu\u00ed los partidos tradicionales fueron los que se salieron\u201d <a href=\"https:\/\/twitter.com\/JairoLibreros?ref_src=twsrc%5Etfw\">@JairoLibreros<\/a> en el an\u00e1lisis <a href=\"https:\/\/twitter.com\/hashtag\/ElMensajeDeChileAColEs?src=hash&amp;ref_src=twsrc%5Etfw\">#ElMensajeDeChileAColEs<\/a> sobre la coalici\u00f3n de gobierno colombiano<\/p>\n<p>&mdash; Zona Franca (@zonafranca) <a href=\"https:\/\/twitter.com\/zonafranca\/status\/1656124399391580165?ref_src=twsrc%5Etfw\">May 10, 2023<\/a><\/p><\/blockquote>\n<p><script async src=\"https:\/\/platform.twitter.com\/widgets.js\" charset=\"utf-8\"><\/script><\/p>\n<p class=\"p1\"><span style=\"font-size: 14pt;\">Conclusiones\u00a0de\u00a0Invitados<\/span><\/p>\n<blockquote hcb-fetch-image-from=\"https:\/\/twitter.com\/zonafranca\/status\/1656126913587339265?s=20\" class=\"twitter-tweet\" data-width=\"550\" data-dnt=\"true\">\n<p lang=\"es\" dir=\"ltr\"><a href=\"https:\/\/twitter.com\/hashtag\/ZonaFranca?src=hash&amp;ref_src=twsrc%5Etfw\">#ZonaFranca<\/a> I \u201cEn el caso colombiano la mayor\u00eda quiere cambios, la diferencia entre Colombia y Chile es que aqu\u00ed no est\u00e1 en peligro la institucionalidad\u201d <a href=\"https:\/\/twitter.com\/JairoLibreros?ref_src=twsrc%5Etfw\">@JairoLibreros<\/a> en el an\u00e1lisis <a href=\"https:\/\/twitter.com\/hashtag\/ElMensajeDeChileAColEs?src=hash&amp;ref_src=twsrc%5Etfw\">#ElMensajeDeChileAColEs<\/a><\/p>\n<p>&mdash; Zona Franca (@zonafranca) <a href=\"https:\/\/twitter.com\/zonafranca\/status\/1656126913587339265?ref_src=twsrc%5Etfw\">May 10, 2023<\/a><\/p><\/blockquote>\n<p><script async src=\"https:\/\/platform.twitter.com\/widgets.js\" charset=\"utf-8\"><\/script><\/p>\n<p class=\"p3\"><span style=\"font-size: 14pt;\"><a href=\"https:\/\/www.youtube.com\/hashtag\/zonafranca\">#ZonaFranca<\/a><span class=\"s1\"> <a href=\"https:\/\/www.youtube.com\/hashtag\/izquierda\">#Izquierda<\/a> <a href=\"https:\/\/www.youtube.com\/hashtag\/chilena\">#Chilena<\/a><span class=\"Apple-converted-space\">\u00a0<\/span><\/span><\/span><\/p>\n<blockquote hcb-fetch-image-from=\"https:\/\/twitter.com\/zonafranca\/status\/1656129681878396928?s=20\" class=\"twitter-tweet\" data-width=\"550\" data-dnt=\"true\">\n<p lang=\"es\" dir=\"ltr\"><a href=\"https:\/\/twitter.com\/hashtag\/ZonaFranca?src=hash&amp;ref_src=twsrc%5Etfw\">#ZonaFranca<\/a> I \u201cNo hemos encontrado una forma de gobierno que sea m\u00e1s r\u00e1pida que la reforma liberal\u201d Ese fue el comentario final de <a href=\"https:\/\/twitter.com\/JairoLibreros?ref_src=twsrc%5Etfw\">@JairoLibreros<\/a> en el an\u00e1lisis <a href=\"https:\/\/twitter.com\/hashtag\/ElMensajeDeChileAColEs?src=hash&amp;ref_src=twsrc%5Etfw\">#ElMensajeDeChileAColEs<\/a> respecto a los gobiernos de izquierda en Chile y Colombia<\/p>\n<p>&mdash; Zona Franca (@zonafranca) <a href=\"https:\/\/twitter.com\/zonafranca\/status\/1656129681878396928?ref_src=twsrc%5Etfw\">May 10, 2023<\/a><\/p><\/blockquote>\n<p><script async src=\"https:\/\/platform.twitter.com\/widgets.js\" charset=\"utf-8\"><\/script><\/p>\n<p><span style=\"font-size: 14pt;\">El link de Zona Franca de Red m\u00e1s noticias con el video del debate es el siguiente:<\/span><\/p>\n<p><iframe hcb-fetch-image-from=\"https:\/\/www.youtube.com\/watch?v=ClsmDn9P0Vs\" title=\"Izquierda chilena, \u00bfun espejo para Colombia? | Zona Franca\" width=\"640\" height=\"360\" src=\"https:\/\/www.youtube.com\/embed\/ClsmDn9P0Vs?feature=oembed\" frameborder=\"0\" allow=\"accelerometer; autoplay; clipboard-write; encrypted-media; gyroscope; picture-in-picture; web-share\" referrerpolicy=\"strict-origin-when-cross-origin\" allowfullscreen><\/iframe><\/p>\n","protected":false},"excerpt":{"rendered":"<p>Izquierda chilena, \u00bfun espejo para Colombia? Jairo Libreros, profesor titular de la Universidad Externado de Colombia Hoy en #ZonaFranca analizando las elecciones constituyentes <\/p>\n","protected":false},"author":1,"featured_media":425,"comment_status":"open","ping_status":"open","sticky":false,"template":"","format":"standard","meta":{"om_disable_all_campaigns":false,"_monsterinsights_skip_tracking":false,"_monsterinsights_sitenote_active":false,"_monsterinsights_sitenote_note":"","_monsterinsights_sitenote_category":0,"footnotes":""},"categories":[1],"tags":[44,54],"aioseo_notices":[],"class_list":["post-2100","post","type-post","status-publish","format-standard","has-post-thumbnail","hentry","category-jairo-libreros","tag-elecciones","tag-comunicacion-politica"],"_links":{"self":[{"href":"https:\/\/jairolibreros.com\/index.php?rest_route=\/wp\/v2\/posts\/2100"}],"collection":[{"href":"https:\/\/jairolibreros.com\/index.php?rest_route=\/wp\/v2\/posts"}],"about":[{"href":"https:\/\/jairolibreros.com\/index.php?rest_route=\/wp\/v2\/types\/post"}],"author":[{"embeddable":true,"href":"https:\/\/jairolibreros.com\/index.php?rest_route=\/wp\/v2\/users\/1"}],"replies":[{"embeddable":true,"href":"https:\/\/jairolibreros.com\/index.php?rest_route=%2Fwp%2Fv2%2Fcomments&post=2100"}],"version-history":[{"count":1,"href":"https:\/\/jairolibreros.com\/index.php?rest_route=\/wp\/v2\/posts\/2100\/revisions"}],"predecessor-version":[{"id":2101,"href":"https:\/\/jairolibreros.com\/index.php?rest_route=\/wp\/v2\/posts\/2100\/revisions\/2101"}],"wp:featuredmedia":[{"embeddable":true,"href":"https:\/\/jairolibreros.com\/index.php?rest_route=\/wp\/v2\/media\/425"}],"wp:attachment":[{"href":"https:\/\/jairolibreros.com\/index.php?rest_route=%2Fwp%2Fv2%2Fmedia&parent=2100"}],"wp:term":[{"taxonomy":"category","embeddable":true,"href":"https:\/\/jairolibreros.com\/index.php?rest_route=%2Fwp%2Fv2%2Fcategories&post=2100"},{"taxonomy":"post_tag","embeddable":true,"href":"https:\/\/jairolibreros.com\/index.php?rest_route=%2Fwp%2Fv2%2Ftags&post=2100"}],"curies":[{"name":"wp","href":"https:\/\/api.w.org\/{rel}","templated":true}]}}