{"id":2161,"date":"2023-05-14T01:32:32","date_gmt":"2023-05-14T01:32:32","guid":{"rendered":"https:\/\/jairolibreros.com\/?p=2161"},"modified":"2025-10-22T14:07:23","modified_gmt":"2025-10-22T14:07:23","slug":"la-politica-mina-la-moral-y-la-disciplina-de-las-fuerzas-armadas-expresidente-alberto-lleras-camargo-9-de-mayo-de-1958-teatro-patria","status":"publish","type":"post","link":"https:\/\/jairolibreros.com\/?p=2161","title":{"rendered":"La pol\u00edtica mina la moral y la disciplina de las fuerzas armadas: expresidente Alberto Lleras Camargo, 9 de mayo de 1958, Teatro Patria"},"content":{"rendered":"<p><span style=\"font-size: 14pt;\"><strong>&#8220;La pol\u00edtica mina la moral y la disciplina de las fuerzas armadas&#8221;: expresidente Alberto Lleras Camargo, 9 de mayo de 1958, Teatro Patria<\/strong><\/span><\/p>\n<p><span style=\"font-size: 14pt;\"><strong>Jairo Libreros<\/strong> profesor titular de seguridad y defensa nacional de la Universidad Externado de Colombia \u00b7 <em>13.05.2023<\/em><\/span><\/p>\n<p><span style=\"font-size: 14pt;\">La naturaleza, la finalidad, la estructura, la categorizaci\u00f3n y los principios reguladores de la Fuerza Publica est\u00e1n definidos en la Constituci\u00f3n Pol\u00edtica de Colombia. Salvo por tres reformas constitucionales -al fuero militar (<strong>Art. 221<\/strong>: AL. 02 de 1995 y AL. 01 de 2015) y al monopolio leg\u00edtimo de la fuerza (<strong>Art. 22A<\/strong>: AL. 05 de 2017), el esp\u00edritu del constituyente de 1991 prevalece en la Carta, en la jurisprudencia y en las normas que la regulan.<\/span><\/p>\n<p><span style=\"font-size: 14pt;\">La Fuerza P\u00fablica en Colombia tiene un amplio respaldo pol\u00edtico, gremial y popular, que en muchas oportunidades se ve reflejado en altos \u00edndices de favorabilidad. Igualmente, propios y extra\u00f1os le reconocen grandes avances en profesionalizaci\u00f3n y modernizaci\u00f3n. Pero tambi\u00e9n ha sido cuestionada por diferentes actuaciones que van desde cr\u00edticas sobre su incapacidad institucional para reformular su doctrina militar del enemigo interno y garantizar con apego a los Derechos Humanos y al Derecho Internacional Humanitario la seguridad y defensa nacional, pasando por los mal denominados falso positivos o muertes ileg\u00edtimamente presentadas como bajas en combate hasta llegar a innumerables actos de corrupci\u00f3n administrativa.<\/span><\/p>\n<p><span style=\"font-size: 14pt;\">Sin embargo, algo ha cambiado durante el transcurso del \u00faltimo a\u00f1o. La Fuerza P\u00fablica, o algunos de sus comandantes de fuerza y directores y los ministros civiles de Defensa Nacional se ha visto involucrados en debates, esc\u00e1ndalos o se\u00f1alamientos que vulneran las actitudes, el comportamiento y las capacidades democr\u00e1ticas y operacionales de las Fuerzas Militares y de la Polic\u00eda Nacional.<\/span><\/p>\n<p><span style=\"font-size: 14pt;\">Hoy d\u00eda es inocultable que la pol\u00edtica partidista y electoral, en otras palabras, el oportunismo pol\u00edtico se apoder\u00f3 de la Fuerza P\u00fablica en sus unidades de comando y control, cuarteles y estaciones, fuertes y distritos y de sus escuelas de formaci\u00f3n profesional. El punto de inflexi\u00f3n es la intervenci\u00f3n en pol\u00edtica del general Eduardo Zapateiro, en su momento comandante del Ej\u00e9rcito Nacional, cuando <span style=\"color: #3366ff;\"><a style=\"color: #3366ff;\" href=\"https:\/\/twitter.com\/COMANDANTE_EJC\/status\/1517532355292024833?s=20\">descalific\u00f3 e intimid\u00f3 al senador y candidato presidencial Gustavo Petro<\/a><\/span>:<\/span><\/p>\n<blockquote hcb-fetch-image-from=\"https:\/\/jairolibreros.com\/?p=471\" class=\"wp-embedded-content\" data-secret=\"b3fKX9CqGw\"><p><a href=\"https:\/\/jairolibreros.com\/?p=471\">La intervenci\u00f3n en pol\u00edtica del general Zapateiro, comandante del Ej\u00e9rcito<\/a><\/p><\/blockquote>\n<p><iframe class=\"wp-embedded-content\" sandbox=\"allow-scripts\" security=\"restricted\" style=\"position: absolute; clip: rect(1px, 1px, 1px, 1px);\" title=\"\u00abLa intervenci\u00f3n en pol\u00edtica del general Zapateiro, comandante del Ej\u00e9rcito\u00bb \u2014 Jairo Libreros\" src=\"https:\/\/jairolibreros.com\/?p=471&#038;embed=true#?secret=Vrh5aATbbJ#?secret=b3fKX9CqGw\" data-secret=\"b3fKX9CqGw\" width=\"600\" height=\"338\" frameborder=\"0\" marginwidth=\"0\" marginheight=\"0\" scrolling=\"no\"><\/iframe><\/p>\n<p><span style=\"font-size: 14pt;\">Tan pronto como Gustavo Petro lleg\u00f3 a la Casa de Nari\u00f1o, una de las consecuencias directas de ese acto de desconocimiento al principio de subordinaci\u00f3n de los militares a las autoridades civiles leg\u00edtimamente constituidas es el llamado a calificar servicios de m\u00e1s de 60 oficiales del Ej\u00e9rcito y de la Polic\u00eda. Si bien el presidente Petro como jefe de Estado, jefe del Gobierno y suprema autoridad administrativa tiene la facultad constitucional de remover y designar a la c\u00fapula de la Fuerza P\u00fablica que lo acompa\u00f1ar\u00e1 durante su cuatrienio, las cr\u00edticas sobre la salidas de esos oficiales fueron interpretadas como un acto pol\u00edtico de desconfianza o revanchismo, y que hoy d\u00eda vemos reflejada en diferentes escenarios.<\/span><\/p>\n<p><span style=\"font-size: 14pt;\">Uno de ellos corre por cuenta de los decretos relacionados con los cese al fuego con el Ej\u00e9rcito de Liberaci\u00f3n Nacional, ELN, con las disidencias de las FARC y con el Clan del Golfo. Los pormenores, detalles y el objeto central de esa normatividad no fue consultada con la Fuerza P\u00fablica, cuyos comandantes y director se notificaron de su existencia y vigencia el mismo d\u00eda en el cual se hizo el correspondiente anuncio por parte del Ministerio del Interior y del Ministerio de Defensa Nacional.<\/span><\/p>\n<p><span style=\"font-size: 14pt;\">Otro escenario -de muchos otros m\u00e1s- se da el pasado mi\u00e9rcoles 10 de mayo de 2023, en la Plaza de Bol\u00edvar de Bogot\u00e1, donde se realiz\u00f3 una jornada de protesta liderada por integrantes de la reserva de la Fuerza P\u00fablica y por miembros de diferentes organizaciones de militares en retiro -54 colectivos agrupados en una entidad mayor denominada Fuerza P\u00farpura-, quienes se reunieron para expresar proclamas y consignas en contra de algunas iniciativas del Gobierno del presidente Gustavo Petro.<\/span><\/p>\n<p><span style=\"font-size: 14pt;\">Esta manifestaci\u00f3n pac\u00edfica -10 mil personas, aproximadamente- fue un ejercicio leg\u00edtimo y legal de protesta social. El encuentro transcurri\u00f3 con algunos sobresaltos, pero en t\u00e9rminos generales no se lleg\u00f3 a alterar el orden p\u00fablico ni se comprometi\u00f3 la convivencia y seguridad ciudadana de los manifestantes, transe\u00fantes y dem\u00e1s observadores que se dieron cita en la Plaza.<\/span><\/p>\n<p><span style=\"font-size: 14pt;\">Las arengas escuchadas se agruparon en diferentes tem\u00e1ticas: fuera Petro, respaldo a la Fuerza P\u00fablica, inconformismo por el relevo de oficiales y respeto a la Constituci\u00f3n Pol\u00edtica, entre otros asuntos.<\/span><\/p>\n<p><span style=\"font-size: 14pt;\">Si bien esa protesta es leg\u00edtima como expresi\u00f3n popular, tambi\u00e9n es cierto que obedece a un malestar pol\u00edtico de los veteranos y miembros de la reserva militar y policial por las formas como el presidente Petro conduce la Fuerza P\u00fablica, y de manera especial por la crisis que afronta el Ministerio de Defensa Nacional, una entidad que no logr\u00f3 establecer una hoja ruta en medio de la Paz Total, y cuya <span style=\"text-decoration: underline; color: #3366ff;\"><a style=\"color: #3366ff; text-decoration: underline;\" href=\"https:\/\/jairolibreros.com\/?p=1654\">pol\u00edtica de seguridad, defensa y convivencia ciudadana<\/a><\/span> no ha sido recibida de la mejor manera por los vac\u00edos metodol\u00f3gicos en su confecci\u00f3n como pol\u00edtica p\u00fablica y porque, simplemente, no fue construida ni consultada con las Fuerzas Militares y la Polic\u00eda Nacional.<\/span><\/p>\n<blockquote hcb-fetch-image-from=\"https:\/\/jairolibreros.com\/?p=1734\" class=\"wp-embedded-content\" data-secret=\"TkNR9U9uG3\"><p><a href=\"https:\/\/jairolibreros.com\/?p=1734\">Movimientos en el gabinete y nueva pol\u00edtica de seguridad<\/a><\/p><\/blockquote>\n<p><iframe class=\"wp-embedded-content\" sandbox=\"allow-scripts\" security=\"restricted\" style=\"position: absolute; clip: rect(1px, 1px, 1px, 1px);\" title=\"\u00abMovimientos en el gabinete y nueva pol\u00edtica de seguridad\u00bb \u2014 Jairo Libreros\" src=\"https:\/\/jairolibreros.com\/?p=1734&#038;embed=true#?secret=glwkjcuG2h#?secret=TkNR9U9uG3\" data-secret=\"TkNR9U9uG3\" width=\"600\" height=\"338\" frameborder=\"0\" marginwidth=\"0\" marginheight=\"0\" scrolling=\"no\"><\/iframe><\/p>\n<p><span style=\"font-size: 14pt;\">La tensi\u00f3n por esa manifestaci\u00f3n de veteranos se agrav\u00f3 por las declaraciones del expresidente de Acore, el coronel en retiro John Marulanda, cuando afirm\u00f3 -palabras m\u00e1s palabras menos- <span style=\"color: #3366ff;\"><a style=\"color: #3366ff;\" href=\"https:\/\/www.youtube.com\/watch?v=G-VCAyNGaKA&amp;t=1041s\">en una entrevista con Juan Pablo Calv\u00e1s en La W Radio<\/a><\/span>: &#8220;<em>&#8230;Colombia est\u00e1 siguiendo los pasos del Per\u00fa, y yo creo que en el Per\u00fa las reservas fueron exitosas, en el sentido de que all\u00e1 lograron defenestrar a un presidente corrupto. Aqu\u00ed vamos a tratar de hacerlo mejor por defenestrar a un tipo que fue guerrillero&#8230;<\/em>&#8220;.<\/span><\/p>\n<p><span style=\"font-size: 14pt;\">Y por cuenta de esa equivocada y peligrosa afirmaci\u00f3n de Marulanda, el presidente Petro descalific\u00f3 a los manifestantes veteranos al tildarlos de golpistas, <span style=\"text-decoration: underline;\"><span style=\"color: #3366ff; text-decoration: underline;\"><a style=\"color: #3366ff; text-decoration: underline;\" href=\"https:\/\/jairolibreros.com\/?p=2159\">en lo cual tambi\u00e9n se equivoc\u00f3 el presidente de los colombianos<\/a><\/span><\/span>.<\/span><\/p>\n<blockquote hcb-fetch-image-from=\"https:\/\/twitter.com\/RTVCnoticias\/status\/1656779897560244225?s=20\" class=\"twitter-tweet\" data-width=\"550\" data-dnt=\"true\">\n<p lang=\"es\" dir=\"ltr\"><a href=\"https:\/\/twitter.com\/hashtag\/AEstaHora?src=hash&amp;ref_src=twsrc%5Etfw\">#AEstaHora<\/a> el presidente <a href=\"https:\/\/twitter.com\/petrogustavo?ref_src=twsrc%5Etfw\">@petrogustavo<\/a> responde a las declaraciones sobre golpe de Estado por parte de uno de los exmilitares que particip\u00f3 en las protestas del pasado mi\u00e9rcoles en <a href=\"https:\/\/twitter.com\/hashtag\/Bogot%C3%A1?src=hash&amp;ref_src=twsrc%5Etfw\">#Bogot\u00e1<\/a><\/p>\n<p>Esto dijo \ud83d\udc47\ud83c\udffd <a href=\"https:\/\/t.co\/U9jOL5YDDd\">pic.twitter.com\/U9jOL5YDDd<\/a><\/p>\n<p>&mdash; RTVC Noticias (@RTVCnoticias) <a href=\"https:\/\/twitter.com\/RTVCnoticias\/status\/1656779897560244225?ref_src=twsrc%5Etfw\">May 11, 2023<\/a><\/p><\/blockquote>\n<p><script async src=\"https:\/\/platform.twitter.com\/widgets.js\" charset=\"utf-8\"><\/script><\/p>\n<p><span style=\"font-size: 14pt;\">Y para rematar esta muestra m\u00ednima de incidentes, en un <span style=\"color: #3366ff;\"><a style=\"color: #3366ff;\" href=\"https:\/\/www.semana.com\/politica\/articulo\/el-general-william-salamanca-nuevo-director-de-la-policia-hace-explosiva-revelacion-yo-vote-por-petro-pide-revivir-discusion-para-que-los-uniformados-puedan-votar\/202315\/\">entrevista realizada por Vicky D\u00e1vila en la revista Semana<\/a><\/span>, el general William Salamanca, nuevo director de la Polic\u00eda Nacional, le responde de la nada a la directora de la revista lo siguiente &#8220;&#8230;<em>le llegar\u00e1 el momento a la fuerza p\u00fablica para que ejerza su derecho al voto<\/em>&#8230;&#8221;, o como titul\u00f3 Semana: &#8220;&#8230;\u201c<em>Yo vot\u00e9 por Petro\u201d: el general William Salamanca, nuevo director de la Polic\u00eda, hace tremenda revelaci\u00f3n. Se la juega por el presidente y se destapa pidiendo discutir que las Fuerzas Armadas voten<\/em>&#8220;.<\/span><\/p>\n<p><span style=\"font-size: 14pt;\">En medio de esta situaci\u00f3n caracterizada por la utilizaci\u00f3n pol\u00edtica de la Fuerza P\u00fablica, o la politizaci\u00f3n de la Fuerza P\u00fablica o para ser m\u00e1s precisos de manoseo pol\u00edtico a la Fuerza P\u00fablica, \u00bfqu\u00e9 tan responsable es la propuesta s\u00fabita de habilitar el voto a los miembros activos de las Fuerzas Militares y de la Polic\u00eda Nacional? \u00bfO ser\u00e1 que tan pronto como se posesion\u00f3 el general Salamanca encontr\u00f3 en su despacho una investigaci\u00f3n acad\u00e9mica secreta sobre los dividendos pol\u00edticos del voto militar y policial para la democracia colombiana?<\/span><\/p>\n<p><span style=\"font-size: 14pt;\">Por eso, estoy de acuerdo con el profesor Ramiro Bejarano cuando trae a colaci\u00f3n el discurso del expresidente Alberto Lleras Camargo en el Teatro Patria:<\/span><\/p>\n<blockquote hcb-fetch-image-from=\"https:\/\/twitter.com\/RamiroBejaranoG\/status\/1657436210527195138?s=20\" class=\"twitter-tweet\" data-width=\"550\" data-dnt=\"true\">\n<p lang=\"es\" dir=\"ltr\">Otro que arranc\u00f3 mal. El Gral Salamanca, nuevo Director de la Polic\u00eda, pidiendo que militares y polic\u00edas puedan votar.Otro que no se ha le\u00eddo el discurso de A Lleras en el teatro Patria ni el art 219 de la Constituci\u00f3n que proh\u00edbe deliberar a los miembros de la Fuerza P\u00fablica.<\/p>\n<p>&mdash; Ramiro Bejarano G (@RamiroBejaranoG) <a href=\"https:\/\/twitter.com\/RamiroBejaranoG\/status\/1657436210527195138?ref_src=twsrc%5Etfw\">May 13, 2023<\/a><\/p><\/blockquote>\n<p><script async src=\"https:\/\/platform.twitter.com\/widgets.js\" charset=\"utf-8\"><\/script><\/p>\n<p><span style=\"font-size: 14pt;\">Leer los escritos del expresidente Lleras Camargo es un placer intelectual. Su prosa, sus ideas pol\u00edticas y la cimentaci\u00f3n personal de la vida p\u00fablica enriquecen al lector o lectora. Es un ejercicio de vitalidad hist\u00f3rica que nos lleva a revivir los principales acontecimientos pol\u00edticos, sociales, econ\u00f3micos y militares de la Colombia de mediados del siglo XX.<\/span><\/p>\n<p><span style=\"font-size: 14pt;\">En ese discurso conocido como la Doctrina Lleras podemos encontrar las claves para detener esta espiral f\u00e1ctica que va a deteriorar la estabilidad, el compromiso y la legitimidad de la Fuerza P\u00fablica, y que nos puede llevar a un escenario en donde la confrontaci\u00f3n pol\u00edtica ceda su espacio a la violencia.<\/span><\/p>\n<p><span style=\"font-size: 14pt;\">Por ello, anexo la Doctrina Lleras, esto es, el discurso del expresidente Lleras en el Teatro Patria, 9 de mayo de 1958: <strong>Las Fuerzas Armadas<\/strong><\/span><\/p>\n<p><span style=\"font-size: 14pt;\"><a href=\"https:\/\/jairolibreros.com\/wp-content\/uploads\/2023\/05\/Las-Fuerzas-Armadas.-Alocucio\u0301n-ante-los-jefes-y-oficiales-de-las-Fuerzas-Armadas.-Alberto-Lleras-Camargo.-Teatro-Patria-09.05.1958.-Sen\u0303al-Memoria.-Jairo-Libreros-2023.pdf\"><span style=\"text-decoration: underline;\"><span style=\"color: #3366ff; text-decoration: underline;\">Las Fuerzas Armadas. Alocucio\u0301n ante los jefes y oficiales de las Fuerzas Armadas. Alberto Lleras Camargo. Teatro Patria (09.05.1958). Sen\u0303al Memoria. Jairo Libreros 2023<\/span><\/span><\/a><\/span><\/p>\n<p><span style=\"font-size: 14pt;\">Y si el tiempo apremia adelanto un audio de Se\u00f1al Memoria con un aparte de la intervenci\u00f3n:<\/span><\/p>\n<p class=\"p1\"><span style=\"font-size: 14pt;\">&#8220;Discurso de Alberto Lleras &#8211; Riesgos de que las FA participen en pol\u00edtica &#8211; 1958 &#8211; Se\u00f1al Memoria&#8221;:<\/span><\/p>\n<p><iframe hcb-fetch-image-from=\"https:\/\/www.youtube.com\/watch?v=iNmJhjK2N2U\" title=\"Discurso de Alberto Lleras - Riesgos de que las FA participen en pol\u00edtica - 1958\" width=\"640\" height=\"360\" src=\"https:\/\/www.youtube.com\/embed\/iNmJhjK2N2U?feature=oembed\" frameborder=\"0\" allow=\"accelerometer; autoplay; clipboard-write; encrypted-media; gyroscope; picture-in-picture; web-share\" referrerpolicy=\"strict-origin-when-cross-origin\" allowfullscreen><\/iframe><\/p>\n<p><span style=\"font-size: 14pt;\">Todos deber\u00edamos leer y releer la Doctrina Lleras, de manera especial para dejar de manosear a la Fuerza P\u00fablica. Ojal\u00e1 no sea tarde.<\/span><\/p>\n","protected":false},"excerpt":{"rendered":"<p>&#8220;La pol\u00edtica mina la moral y la disciplina de las fuerzas armadas&#8221;: expresidente Alberto Lleras Camargo, 9 de mayo de 1958, Teatro Patria <\/p>\n","protected":false},"author":1,"featured_media":425,"comment_status":"open","ping_status":"open","sticky":false,"template":"","format":"standard","meta":{"om_disable_all_campaigns":false,"_monsterinsights_skip_tracking":false,"_monsterinsights_sitenote_active":false,"_monsterinsights_sitenote_note":"","_monsterinsights_sitenote_category":0,"footnotes":""},"categories":[1,96],"tags":[44,54,90,98,37,53,39],"aioseo_notices":[],"class_list":["post-2161","post","type-post","status-publish","format-standard","has-post-thumbnail","hentry","category-jairo-libreros","category-universidad-externado","tag-elecciones","tag-comunicacion-politica","tag-seguridad-y-defensa-nacional","tag-derechos-humanos","tag-movilizacion-social","tag-politicas-publicas","tag-seguridad-ciudadana"],"_links":{"self":[{"href":"https:\/\/jairolibreros.com\/index.php?rest_route=\/wp\/v2\/posts\/2161"}],"collection":[{"href":"https:\/\/jairolibreros.com\/index.php?rest_route=\/wp\/v2\/posts"}],"about":[{"href":"https:\/\/jairolibreros.com\/index.php?rest_route=\/wp\/v2\/types\/post"}],"author":[{"embeddable":true,"href":"https:\/\/jairolibreros.com\/index.php?rest_route=\/wp\/v2\/users\/1"}],"replies":[{"embeddable":true,"href":"https:\/\/jairolibreros.com\/index.php?rest_route=%2Fwp%2Fv2%2Fcomments&post=2161"}],"version-history":[{"count":25,"href":"https:\/\/jairolibreros.com\/index.php?rest_route=\/wp\/v2\/posts\/2161\/revisions"}],"predecessor-version":[{"id":2214,"href":"https:\/\/jairolibreros.com\/index.php?rest_route=\/wp\/v2\/posts\/2161\/revisions\/2214"}],"wp:featuredmedia":[{"embeddable":true,"href":"https:\/\/jairolibreros.com\/index.php?rest_route=\/wp\/v2\/media\/425"}],"wp:attachment":[{"href":"https:\/\/jairolibreros.com\/index.php?rest_route=%2Fwp%2Fv2%2Fmedia&parent=2161"}],"wp:term":[{"taxonomy":"category","embeddable":true,"href":"https:\/\/jairolibreros.com\/index.php?rest_route=%2Fwp%2Fv2%2Fcategories&post=2161"},{"taxonomy":"post_tag","embeddable":true,"href":"https:\/\/jairolibreros.com\/index.php?rest_route=%2Fwp%2Fv2%2Ftags&post=2161"}],"curies":[{"name":"wp","href":"https:\/\/api.w.org\/{rel}","templated":true}]}}