{"id":2223,"date":"2023-05-22T15:20:21","date_gmt":"2023-05-22T15:20:21","guid":{"rendered":"https:\/\/jairolibreros.com\/?p=2223"},"modified":"2023-06-13T20:47:43","modified_gmt":"2023-06-13T20:47:43","slug":"petro-suspende-cese-del-fuego-con-disidencias-por-masacre-de-cuatro-jovenes-en-putumayo","status":"publish","type":"post","link":"https:\/\/jairolibreros.com\/?p=2223","title":{"rendered":"Petro suspende cese del fuego con disidencias por masacre de cuatro j\u00f3venes en Putumayo"},"content":{"rendered":"<p><span style=\"font-size: 14pt;\"><strong>Petro suspende cese del fuego con disidencias por masacre de cuatro j\u00f3venes en Putumayo<\/strong><\/span><\/p>\n<p><span style=\"font-size: 14pt;\"><strong>Jairo Libreros<\/strong> profesor titular de seguridad y defensa nacional de la Universidad Externado de Colombia<\/span><\/p>\n<blockquote hcb-fetch-image-from=\"https:\/\/twitter.com\/JairoLibreros\/status\/1660686178843017219?s=20\" class=\"twitter-tweet\" data-width=\"550\" data-dnt=\"true\">\n<p lang=\"es\" dir=\"ltr\">Petro suspende cese del fuego con disidencias por masacre de cuatro j\u00f3venes en Putumayo: an\u00e1lisis <a href=\"https:\/\/twitter.com\/JairoLibreros?ref_src=twsrc%5Etfw\">@JairoLibreros<\/a> con <a href=\"https:\/\/twitter.com\/armandoneira?ref_src=twsrc%5Etfw\">@armandoneira<\/a> <a href=\"https:\/\/twitter.com\/ELTIEMPO?ref_src=twsrc%5Etfw\">@eltiempo<\/a> <br \/> <a href=\"https:\/\/t.co\/AAMV7GCnT2\">https:\/\/t.co\/AAMV7GCnT2<\/a><\/p>\n<p>&mdash; Jairo Libreros (@JairoLibreros) <a href=\"https:\/\/twitter.com\/JairoLibreros\/status\/1660686178843017219?ref_src=twsrc%5Etfw\">May 22, 2023<\/a><\/p><\/blockquote>\n<p><script async src=\"https:\/\/platform.twitter.com\/widgets.js\" charset=\"utf-8\"><\/script><\/p>\n<p><span style=\"font-size: 14pt;\"><img fetchpriority=\"high\" decoding=\"async\" class=\"wp-image-2225 alignright\" src=\"https:\/\/jairolibreros.com\/wp-content\/uploads\/2023\/05\/28C3A94A-7B3F-4E46-800A-6B3E0135D1B0_1_105_c-233x300.jpeg\" alt=\"\" width=\"277\" height=\"357\" srcset=\"https:\/\/jairolibreros.com\/wp-content\/uploads\/2023\/05\/28C3A94A-7B3F-4E46-800A-6B3E0135D1B0_1_105_c-233x300.jpeg 233w, https:\/\/jairolibreros.com\/wp-content\/uploads\/2023\/05\/28C3A94A-7B3F-4E46-800A-6B3E0135D1B0_1_105_c-768x989.jpeg 768w, https:\/\/jairolibreros.com\/wp-content\/uploads\/2023\/05\/28C3A94A-7B3F-4E46-800A-6B3E0135D1B0_1_105_c.jpeg 781w\" sizes=\"(max-width: 277px) 100vw, 277px\" \/><\/span><\/p>\n<p>&nbsp;<\/p>\n<p><span style=\"font-size: 14pt;\">El Gobierno del presidente Gustavo Petro tom\u00f3 la decisi\u00f3n de suspender el cese al fuego acordado con las disidencias de las FARC &#8220;Estado Mayor Central&#8221; -a cargo de Iv\u00e1n Mordisco- en los departamentos de Putumayo, Caquet\u00e1, Meta y Guaviare por cuenta de la masacre realizada por esa organizaci\u00f3n criminal, que dej\u00f3 cuatro j\u00f3venes indigenas muertos:<\/span><\/p>\n<p>&nbsp;<\/p>\n<blockquote hcb-fetch-image-from=\"https:\/\/twitter.com\/petrogustavo\/status\/1660615402907377664?s=20\" class=\"twitter-tweet\" data-width=\"550\" data-dnt=\"true\">\n<p lang=\"es\" dir=\"ltr\">Comunicado a la opini\u00f3n p\u00fablica sobre el cese al fuego con el EMC-FARC. <a href=\"https:\/\/t.co\/Wunu8xIQuT\">pic.twitter.com\/Wunu8xIQuT<\/a><\/p>\n<p>&mdash; Gustavo Petro (@petrogustavo) <a href=\"https:\/\/twitter.com\/petrogustavo\/status\/1660615402907377664?ref_src=twsrc%5Etfw\">May 22, 2023<\/a><\/p><\/blockquote>\n<p><script async src=\"https:\/\/platform.twitter.com\/widgets.js\" charset=\"utf-8\"><\/script><\/p>\n<p><span style=\"font-size: 14pt;\"><img decoding=\"async\" class=\"size-medium wp-image-2235 alignleft\" src=\"https:\/\/jairolibreros.com\/wp-content\/uploads\/2023\/05\/IMG_0208-233x300.jpg\" alt=\"\" width=\"233\" height=\"300\" srcset=\"https:\/\/jairolibreros.com\/wp-content\/uploads\/2023\/05\/IMG_0208-233x300.jpg 233w, https:\/\/jairolibreros.com\/wp-content\/uploads\/2023\/05\/IMG_0208-794x1024.jpg 794w, https:\/\/jairolibreros.com\/wp-content\/uploads\/2023\/05\/IMG_0208-768x991.jpg 768w, https:\/\/jairolibreros.com\/wp-content\/uploads\/2023\/05\/IMG_0208-1190x1536.jpg 1190w, https:\/\/jairolibreros.com\/wp-content\/uploads\/2023\/05\/IMG_0208.jpg 1240w\" sizes=\"(max-width: 233px) 100vw, 233px\" \/><\/span><\/p>\n<p>&nbsp;<\/p>\n<p><span style=\"font-size: 14pt;\">Y las disidencias de las FARC -Iv\u00e1n Mordisco- igualmente presentaron un comunicado:<\/span><\/p>\n<blockquote hcb-fetch-image-from=\"https:\/\/twitter.com\/UltimaHoraCR\/status\/1660616360479580160?s=20\" class=\"twitter-tweet\" data-width=\"550\" data-dnt=\"true\">\n<p lang=\"es\" dir=\"ltr\"><a href=\"https:\/\/twitter.com\/hashtag\/ATENCI%C3%93N?src=hash&amp;ref_src=twsrc%5Etfw\">#ATENCI\u00d3N<\/a> Disidencias de &#39;Iv\u00e1n Mordisco&#39; emitieron un comunicado en el que aseguran que el cese al fuego bilateral con el Gobierno Nacional qued\u00f3 suspendido <a href=\"https:\/\/twitter.com\/CaracolRadio?ref_src=twsrc%5Etfw\">@Caracolradio<\/a> <a href=\"https:\/\/t.co\/UbBY2iTJwl\">pic.twitter.com\/UbBY2iTJwl<\/a><\/p>\n<p>&mdash; \u00daltimaHoraCaracol (@UltimaHoraCR) <a href=\"https:\/\/twitter.com\/UltimaHoraCR\/status\/1660616360479580160?ref_src=twsrc%5Etfw\">May 22, 2023<\/a><\/p><\/blockquote>\n<p><script async src=\"https:\/\/platform.twitter.com\/widgets.js\" charset=\"utf-8\"><\/script><\/p>\n<p><span style=\"font-size: 14pt;\"><em>Redacci\u00f3n El Tiempo \u00b7 22.05.2023<\/em><\/span><\/p>\n<p><span style=\"font-size: 14pt;\">Tras masacre de 4 j\u00f3venes, suspensi\u00f3n ser\u00e1 en departamentos de Meta, Caquet\u00e1, Guaviare y Putumayo.<\/span><\/p>\n<blockquote hcb-fetch-image-from=\"https:\/\/twitter.com\/ELTIEMPO\/status\/1660652738672304134?s=20\" class=\"twitter-tweet\" data-width=\"550\" data-dnt=\"true\">\n<p lang=\"es\" dir=\"ltr\">\ud83d\udd34 Petro suspende cese del fuego con disidencias por masacre de cuatro j\u00f3venes en Putumayo. Con\u00e9ctese a esta transmisi\u00f3n y ent\u00e9rese detalles \u2193 \u27a1\ufe0f <a href=\"https:\/\/t.co\/EFsxQkj0qM\">https:\/\/t.co\/EFsxQkj0qM<\/a> <a href=\"https:\/\/t.co\/VOhC9xCVmf\">https:\/\/t.co\/VOhC9xCVmf<\/a><\/p>\n<p>&mdash; EL TIEMPO (@ELTIEMPO) <a href=\"https:\/\/twitter.com\/ELTIEMPO\/status\/1660652738672304134?ref_src=twsrc%5Etfw\">May 22, 2023<\/a><\/p><\/blockquote>\n<p><script async src=\"https:\/\/platform.twitter.com\/widgets.js\" charset=\"utf-8\"><\/script><\/p>\n<p><span style=\"font-size: 14pt;\">Y despu\u00e9s del an\u00e1lisis en El Tiempo se conoce el comunicado del Comisionado para la Paz Danilo Rueda dirigido a las disidencias de Iv\u00e1n Mordisco. Es una verdadera verg\u00fcenza:<\/span><\/p>\n<p><span style=\"font-size: 14pt;\"><img decoding=\"async\" class=\"size-medium wp-image-2232 alignleft\" src=\"https:\/\/jairolibreros.com\/wp-content\/uploads\/2023\/05\/95AC52D3-25D3-49C5-BBF2-EE5957E98255-210x300.jpeg\" alt=\"\" width=\"210\" height=\"300\" srcset=\"https:\/\/jairolibreros.com\/wp-content\/uploads\/2023\/05\/95AC52D3-25D3-49C5-BBF2-EE5957E98255-210x300.jpeg 210w, https:\/\/jairolibreros.com\/wp-content\/uploads\/2023\/05\/95AC52D3-25D3-49C5-BBF2-EE5957E98255-716x1024.jpeg 716w, https:\/\/jairolibreros.com\/wp-content\/uploads\/2023\/05\/95AC52D3-25D3-49C5-BBF2-EE5957E98255-768x1098.jpeg 768w, https:\/\/jairolibreros.com\/wp-content\/uploads\/2023\/05\/95AC52D3-25D3-49C5-BBF2-EE5957E98255.jpeg 951w\" sizes=\"(max-width: 210px) 100vw, 210px\" \/><img loading=\"lazy\" decoding=\"async\" class=\"alignright size-medium wp-image-2233\" src=\"https:\/\/jairolibreros.com\/wp-content\/uploads\/2023\/05\/6E71BD82-FD77-44DB-9841-3E8128BEFCE8-202x300.jpeg\" alt=\"\" width=\"202\" height=\"300\" srcset=\"https:\/\/jairolibreros.com\/wp-content\/uploads\/2023\/05\/6E71BD82-FD77-44DB-9841-3E8128BEFCE8-202x300.jpeg 202w, https:\/\/jairolibreros.com\/wp-content\/uploads\/2023\/05\/6E71BD82-FD77-44DB-9841-3E8128BEFCE8-688x1024.jpeg 688w, https:\/\/jairolibreros.com\/wp-content\/uploads\/2023\/05\/6E71BD82-FD77-44DB-9841-3E8128BEFCE8-768x1143.jpeg 768w, https:\/\/jairolibreros.com\/wp-content\/uploads\/2023\/05\/6E71BD82-FD77-44DB-9841-3E8128BEFCE8.jpeg 974w\" sizes=\"(max-width: 202px) 100vw, 202px\" \/><\/span><\/p>\n<blockquote hcb-fetch-image-from=\"https:\/\/twitter.com\/JairoLibreros\/status\/1660691562664214548?s=20\" class=\"twitter-tweet\" data-width=\"550\" data-dnt=\"true\">\n<p lang=\"es\" dir=\"ltr\">De acuerdo con <a href=\"https:\/\/twitter.com\/AndrsValencia9?ref_src=twsrc%5Etfw\">@AndrsValencia9<\/a>. Ese lenguaje sumiso denota inferioridad. Y voy m\u00e1s all\u00e1. Es un comunicado claudicante, porque est\u00e1 redactado como una temerosa rendici\u00f3n de cuentas a favor de un superior, en este caso las disidencias de Mordisco. Es impresentable este comunicado. <a href=\"https:\/\/t.co\/4zlZIM4NXJ\">https:\/\/t.co\/4zlZIM4NXJ<\/a><\/p>\n<p>&mdash; Jairo Libreros (@JairoLibreros) <a href=\"https:\/\/twitter.com\/JairoLibreros\/status\/1660691562664214548?ref_src=twsrc%5Etfw\">May 22, 2023<\/a><\/p><\/blockquote>\n<p><script async src=\"https:\/\/platform.twitter.com\/widgets.js\" charset=\"utf-8\"><\/script><\/p>\n<p><span style=\"font-size: 14pt;\">El link del an\u00e1lisis realizado en El Tiempo es el siguiente:<\/span><\/p>\n<p><iframe hcb-fetch-image-from=\"https:\/\/www.youtube.com\/watch?v=598j4KZiE9M\" title=\"Petro suspende cese del fuego con disidencias por masacre de cuatro j\u00f3venes en Putumayo | El Tiempo\" width=\"640\" height=\"360\" src=\"https:\/\/www.youtube.com\/embed\/598j4KZiE9M?feature=oembed\" frameborder=\"0\" allow=\"accelerometer; autoplay; clipboard-write; encrypted-media; gyroscope; picture-in-picture; web-share\" referrerpolicy=\"strict-origin-when-cross-origin\" allowfullscreen><\/iframe><\/p>\n","protected":false},"excerpt":{"rendered":"<p>Petro suspende cese del fuego con disidencias por masacre de cuatro j\u00f3venes en Putumayo Jairo Libreros profesor titular de seguridad y defensa nacional <\/p>\n","protected":false},"author":1,"featured_media":425,"comment_status":"open","ping_status":"open","sticky":false,"template":"","format":"standard","meta":{"om_disable_all_campaigns":false,"_monsterinsights_skip_tracking":false,"_monsterinsights_sitenote_active":false,"_monsterinsights_sitenote_note":"","_monsterinsights_sitenote_category":0,"footnotes":""},"categories":[1],"tags":[54,90,53,39],"aioseo_notices":[],"class_list":["post-2223","post","type-post","status-publish","format-standard","has-post-thumbnail","hentry","category-jairo-libreros","tag-comunicacion-politica","tag-seguridad-y-defensa-nacional","tag-politicas-publicas","tag-seguridad-ciudadana"],"_links":{"self":[{"href":"https:\/\/jairolibreros.com\/index.php?rest_route=\/wp\/v2\/posts\/2223"}],"collection":[{"href":"https:\/\/jairolibreros.com\/index.php?rest_route=\/wp\/v2\/posts"}],"about":[{"href":"https:\/\/jairolibreros.com\/index.php?rest_route=\/wp\/v2\/types\/post"}],"author":[{"embeddable":true,"href":"https:\/\/jairolibreros.com\/index.php?rest_route=\/wp\/v2\/users\/1"}],"replies":[{"embeddable":true,"href":"https:\/\/jairolibreros.com\/index.php?rest_route=%2Fwp%2Fv2%2Fcomments&post=2223"}],"version-history":[{"count":11,"href":"https:\/\/jairolibreros.com\/index.php?rest_route=\/wp\/v2\/posts\/2223\/revisions"}],"predecessor-version":[{"id":2226,"href":"https:\/\/jairolibreros.com\/index.php?rest_route=\/wp\/v2\/posts\/2223\/revisions\/2226"}],"wp:featuredmedia":[{"embeddable":true,"href":"https:\/\/jairolibreros.com\/index.php?rest_route=\/wp\/v2\/media\/425"}],"wp:attachment":[{"href":"https:\/\/jairolibreros.com\/index.php?rest_route=%2Fwp%2Fv2%2Fmedia&parent=2223"}],"wp:term":[{"taxonomy":"category","embeddable":true,"href":"https:\/\/jairolibreros.com\/index.php?rest_route=%2Fwp%2Fv2%2Fcategories&post=2223"},{"taxonomy":"post_tag","embeddable":true,"href":"https:\/\/jairolibreros.com\/index.php?rest_route=%2Fwp%2Fv2%2Ftags&post=2223"}],"curies":[{"name":"wp","href":"https:\/\/api.w.org\/{rel}","templated":true}]}}