{"id":2241,"date":"2023-05-23T19:50:55","date_gmt":"2023-05-23T19:50:55","guid":{"rendered":"https:\/\/jairolibreros.com\/?p=2241"},"modified":"2023-06-15T14:05:17","modified_gmt":"2023-06-15T14:05:17","slug":"se-hunde-la-paz-total","status":"publish","type":"post","link":"https:\/\/jairolibreros.com\/?p=2241","title":{"rendered":"\u00bfSe hunde la Paz Total?"},"content":{"rendered":"<p class=\"p1\"><span style=\"font-size: 14pt;\"><strong>\u00bfSe hunde la Paz Total?<\/strong><\/span><\/p>\n<p><span style=\"font-size: 14pt;\"><strong>Jairo Libreros<\/strong> profesor titular de seguridad y defensa nacional de la Universidad Externado de Colombia<\/span><\/p>\n<blockquote hcb-fetch-image-from=\"https:\/\/twitter.com\/AlternativaCol\/status\/1661068773183373313?s=20\" class=\"twitter-tweet\" data-width=\"550\" data-dnt=\"true\">\n<p lang=\"es\" dir=\"ltr\">\u00bfFracasa la &#39;paz total&#39; que vende el gobierno Petro? \u00bfCumplir\u00e1 Iv\u00e1n Mordisco sus amenazas? \u00bfPor qu\u00e9 es tan ca\u00f3tico el manejo de la seguridad durante esta administraci\u00f3n?<br \/>\ud83c\udf99\ufe0f<a href=\"https:\/\/twitter.com\/HassNassar?ref_src=twsrc%5Etfw\">@HassNassar<\/a> con <a href=\"https:\/\/twitter.com\/HugoASeguridad?ref_src=twsrc%5Etfw\">@HugoASeguridad<\/a> y <a href=\"https:\/\/twitter.com\/JairoLibreros?ref_src=twsrc%5Etfw\">@JairoLibreros<\/a>. Dos grandes expertos en seguridad.<a href=\"https:\/\/t.co\/Xo4BRSdfee\">https:\/\/t.co\/Xo4BRSdfee<\/a> <a href=\"https:\/\/t.co\/w0v57wL1Nq\">pic.twitter.com\/w0v57wL1Nq<\/a><\/p>\n<p>&mdash; Revista Alternativa (@AlternativaCol) <a href=\"https:\/\/twitter.com\/AlternativaCol\/status\/1661068773183373313?ref_src=twsrc%5Etfw\">May 23, 2023<\/a><\/p><\/blockquote>\n<p><script async src=\"https:\/\/platform.twitter.com\/widgets.js\" charset=\"utf-8\"><\/script><\/p>\n<p><span style=\"font-size: 14pt;\"><em>Redacci\u00f3n Revista Alternativa \u00b7 23.05.2023<\/em><\/span><\/p>\n<blockquote hcb-fetch-image-from=\"https:\/\/twitter.com\/AlternativaCol\/status\/1661051527228796931?s=20\" class=\"twitter-tweet\" data-width=\"550\" data-dnt=\"true\">\n<p lang=\"es\" dir=\"ltr\"><a href=\"https:\/\/twitter.com\/hashtag\/ENVIVO?src=hash&amp;ref_src=twsrc%5Etfw\">#ENVIVO<\/a> | &quot;La Paz Total est\u00e1 fracasando. Esa pol\u00edtica naci\u00f3 como una pol\u00edtica p\u00fablica sin aliento. Es incomprensible que Petro diga que fue un invento de los medios de comunicaci\u00f3n o de algunos periodistas porque \u00e9l mismo trat\u00f3 de consagrarla legalmente&quot;: <a href=\"https:\/\/twitter.com\/JairoLibreros?ref_src=twsrc%5Etfw\">@JairoLibreros<\/a><\/p>\n<p>&mdash; Revista Alternativa (@AlternativaCol) <a href=\"https:\/\/twitter.com\/AlternativaCol\/status\/1661051527228796931?ref_src=twsrc%5Etfw\">May 23, 2023<\/a><\/p><\/blockquote>\n<p><script async src=\"https:\/\/platform.twitter.com\/widgets.js\" charset=\"utf-8\"><\/script><\/p>\n<blockquote hcb-fetch-image-from=\"https:\/\/twitter.com\/AlternativaCol\/status\/1661052070621855753?s=20\" class=\"twitter-tweet\" data-width=\"550\" data-dnt=\"true\">\n<p lang=\"es\" dir=\"ltr\"><a href=\"https:\/\/twitter.com\/hashtag\/ENVIVO?src=hash&amp;ref_src=twsrc%5Etfw\">#ENVIVO<\/a> | &quot;Petro anunci\u00f3 un falso cese al fuego bilateral. Ninguna de esas organizaciones hab\u00eda acordado eso. Llevamos 6 meses de los 9 que lleva en el poder, tratando de buscar un mecanismo en la mesa de negociaci\u00f3n con el ELN pero ha sido un fracaso&quot;: <a href=\"https:\/\/twitter.com\/JairoLibreros?ref_src=twsrc%5Etfw\">@JairoLibreros<\/a><\/p>\n<p>&mdash; Revista Alternativa (@AlternativaCol) <a href=\"https:\/\/twitter.com\/AlternativaCol\/status\/1661052070621855753?ref_src=twsrc%5Etfw\">May 23, 2023<\/a><\/p><\/blockquote>\n<p><script async src=\"https:\/\/platform.twitter.com\/widgets.js\" charset=\"utf-8\"><\/script><\/p>\n<p class=\"p1\"><span style=\"font-size: 14pt;\">El presidente Gustavo Petro ordena reanudar todas las operaciones militares ofensivas contra el Estado Mayor Central, liderado por Iv\u00e1n Mordisco, en los departamentos del Meta, Caquet\u00e1, Guaviare y Putumayo. La raz\u00f3n: este grupo masacr\u00f3 a 4 j\u00f3venes ind\u00edgenas que quisieron escapar de su reclutamiento.<\/span><\/p>\n<blockquote hcb-fetch-image-from=\"https:\/\/twitter.com\/AlternativaCol\/status\/1661053968896737299?s=20\" class=\"twitter-tweet\" data-width=\"550\" data-dnt=\"true\">\n<p lang=\"es\" dir=\"ltr\"><a href=\"https:\/\/twitter.com\/hashtag\/ENVIVO?src=hash&amp;ref_src=twsrc%5Etfw\">#ENVIVO<\/a> | &quot;El gobierno Petro y la Fiscal\u00eda no est\u00e1n desarticulados, existe un corto circuito absoluto. El Ministerio de Defensa est\u00e1 apagado, eso no funciona. Vel\u00e1squez no tiene liderazgo y no est\u00e1 interesado en asumir la coordinaci\u00f3n&quot;: <a href=\"https:\/\/twitter.com\/JairoLibreros?ref_src=twsrc%5Etfw\">@JairoLibreros<\/a><\/p>\n<p>&mdash; Revista Alternativa (@AlternativaCol) <a href=\"https:\/\/twitter.com\/AlternativaCol\/status\/1661053968896737299?ref_src=twsrc%5Etfw\">May 23, 2023<\/a><\/p><\/blockquote>\n<p><script async src=\"https:\/\/platform.twitter.com\/widgets.js\" charset=\"utf-8\"><\/script><\/p>\n<blockquote hcb-fetch-image-from=\"https:\/\/twitter.com\/AlternativaCol\/status\/1661055385661325319?s=20\" class=\"twitter-tweet\" data-width=\"550\" data-dnt=\"true\">\n<p lang=\"es\" dir=\"ltr\"><a href=\"https:\/\/twitter.com\/hashtag\/ENVIVO?src=hash&amp;ref_src=twsrc%5Etfw\">#ENVIVO<\/a> | Tenemos un ministro de Defensa que apaga el Ministerio, no atiende a los comandantes de fuerza, no habla con la Fiscal\u00eda, no habla con alcaldes ni gobernadores y crea una hoja de ruta y no la consulta con los comandantes ni con el director de la Polic\u00eda&quot;: <a href=\"https:\/\/twitter.com\/JairoLibreros?ref_src=twsrc%5Etfw\">@JairoLibreros<\/a><\/p>\n<p>&mdash; Revista Alternativa (@AlternativaCol) <a href=\"https:\/\/twitter.com\/AlternativaCol\/status\/1661055385661325319?ref_src=twsrc%5Etfw\">May 23, 2023<\/a><\/p><\/blockquote>\n<p><script async src=\"https:\/\/platform.twitter.com\/widgets.js\" charset=\"utf-8\"><\/script><\/p>\n<p class=\"p1\"><span style=\"font-size: 14pt;\">\u00bfFracasa la &#8216;paz total&#8217; que vende el gobierno Petro?, cumplir\u00e1 Iv\u00e1n Mordisco sus amenazas? Por qu\u00e9 es tan ca\u00f3tico el manejo de la seguridad nacional durante esta administraci\u00f3n? Hassan Nassar lo analiza con Hugo Acero y <strong>Jairo Libreros<\/strong>. Dos grandes expertos en seguridad.<\/span><\/p>\n<blockquote hcb-fetch-image-from=\"https:\/\/twitter.com\/AlternativaCol\/status\/1661057454518550536?s=20\" class=\"twitter-tweet\" data-width=\"550\" data-dnt=\"true\">\n<p lang=\"es\" dir=\"ltr\"><a href=\"https:\/\/twitter.com\/hashtag\/ENVIVO?src=hash&amp;ref_src=twsrc%5Etfw\">#ENVIVO<\/a> | &quot;Una cosa es el debate en una mesa de negociaci\u00f3n pero uno espera que lo que no funcione tuviera una respuesta por parte del Ministerio de Defensa. A los colombianos los est\u00e1n atracando o matando&quot;: <a href=\"https:\/\/twitter.com\/JairoLibreros?ref_src=twsrc%5Etfw\">@JairoLibreros<\/a><\/p>\n<p>&mdash; Revista Alternativa (@AlternativaCol) <a href=\"https:\/\/twitter.com\/AlternativaCol\/status\/1661057454518550536?ref_src=twsrc%5Etfw\">May 23, 2023<\/a><\/p><\/blockquote>\n<p><script async src=\"https:\/\/platform.twitter.com\/widgets.js\" charset=\"utf-8\"><\/script><\/p>\n<blockquote hcb-fetch-image-from=\"https:\/\/twitter.com\/AlternativaCol\/status\/1661060022921490432?s=20\" class=\"twitter-tweet\" data-width=\"550\" data-dnt=\"true\">\n<p lang=\"es\" dir=\"ltr\"><a href=\"https:\/\/twitter.com\/hashtag\/ENVIVO?src=hash&amp;ref_src=twsrc%5Etfw\">#ENVIVO<\/a> | &quot;La idea filos\u00f3fica de la Paz Total me gusta pero soy pesimista frente a la versi\u00f3n inicial de esta pol\u00edtica. Mientras tengamos a Rueda como Alto Comisionado de Paz o a Vel\u00e1squez en el MinDefensa, no va a haber un cambio de pol\u00edtica&quot;: <a href=\"https:\/\/twitter.com\/JairoLibreros?ref_src=twsrc%5Etfw\">@JairoLibreros<\/a><\/p>\n<p>&mdash; Revista Alternativa (@AlternativaCol) <a href=\"https:\/\/twitter.com\/AlternativaCol\/status\/1661060022921490432?ref_src=twsrc%5Etfw\">May 23, 2023<\/a><\/p><\/blockquote>\n<p><script async src=\"https:\/\/platform.twitter.com\/widgets.js\" charset=\"utf-8\"><\/script><\/p>\n<p><span style=\"font-size: 14pt;\">El link de la Revista Alternativa con el an\u00e1lisis es el siguiente:<\/span><\/p>\n<blockquote hcb-fetch-image-from=\"https:\/\/twitter.com\/JairoLibreros\/status\/1661094915537772560?s=20\" class=\"twitter-tweet\" data-width=\"550\" data-dnt=\"true\">\n<p lang=\"es\" dir=\"ltr\">\u00bfSe hunde la Paz Total? | <a href=\"https:\/\/twitter.com\/hashtag\/BarridoAlternativa?src=hash&amp;ref_src=twsrc%5Etfw\">#BarridoAlternativa<\/a> <br \/>An\u00e1lisis <a href=\"https:\/\/twitter.com\/HassNassar?ref_src=twsrc%5Etfw\">@HassNassar<\/a> <a href=\"https:\/\/twitter.com\/HugoASeguridad?ref_src=twsrc%5Etfw\">@HugoASeguridad<\/a> <a href=\"https:\/\/twitter.com\/JairoLibreros?ref_src=twsrc%5Etfw\">@JairoLibreros<\/a> <a href=\"https:\/\/t.co\/zdjiBibnzL\">https:\/\/t.co\/zdjiBibnzL<\/a><\/p>\n<p>&mdash; Jairo Libreros (@JairoLibreros) <a href=\"https:\/\/twitter.com\/JairoLibreros\/status\/1661094915537772560?ref_src=twsrc%5Etfw\">May 23, 2023<\/a><\/p><\/blockquote>\n<p><script async src=\"https:\/\/platform.twitter.com\/widgets.js\" charset=\"utf-8\"><\/script><\/p>\n<p><iframe hcb-fetch-image-from=\"https:\/\/www.youtube.com\/watch?v=uIL7_fD0EAA\" title=\"\ud83d\udd34En Vivo| \u00bfSe hunde la Paz Total? | #BarridoAlternativa\" width=\"640\" height=\"360\" src=\"https:\/\/www.youtube.com\/embed\/uIL7_fD0EAA?feature=oembed\" frameborder=\"0\" allow=\"accelerometer; autoplay; clipboard-write; encrypted-media; gyroscope; picture-in-picture; web-share\" referrerpolicy=\"strict-origin-when-cross-origin\" allowfullscreen><\/iframe><\/p>\n","protected":false},"excerpt":{"rendered":"<p>\u00bfSe hunde la Paz Total? Jairo Libreros profesor titular de seguridad y defensa nacional de la Universidad Externado de Colombia \u00bfFracasa la &#39;paz <\/p>\n","protected":false},"author":1,"featured_media":425,"comment_status":"open","ping_status":"open","sticky":false,"template":"","format":"standard","meta":{"om_disable_all_campaigns":false,"_monsterinsights_skip_tracking":false,"_monsterinsights_sitenote_active":false,"_monsterinsights_sitenote_note":"","_monsterinsights_sitenote_category":0,"footnotes":""},"categories":[1],"tags":[90,53,39],"aioseo_notices":[],"class_list":["post-2241","post","type-post","status-publish","format-standard","has-post-thumbnail","hentry","category-jairo-libreros","tag-seguridad-y-defensa-nacional","tag-politicas-publicas","tag-seguridad-ciudadana"],"_links":{"self":[{"href":"https:\/\/jairolibreros.com\/index.php?rest_route=\/wp\/v2\/posts\/2241"}],"collection":[{"href":"https:\/\/jairolibreros.com\/index.php?rest_route=\/wp\/v2\/posts"}],"about":[{"href":"https:\/\/jairolibreros.com\/index.php?rest_route=\/wp\/v2\/types\/post"}],"author":[{"embeddable":true,"href":"https:\/\/jairolibreros.com\/index.php?rest_route=\/wp\/v2\/users\/1"}],"replies":[{"embeddable":true,"href":"https:\/\/jairolibreros.com\/index.php?rest_route=%2Fwp%2Fv2%2Fcomments&post=2241"}],"version-history":[{"count":1,"href":"https:\/\/jairolibreros.com\/index.php?rest_route=\/wp\/v2\/posts\/2241\/revisions"}],"predecessor-version":[{"id":2242,"href":"https:\/\/jairolibreros.com\/index.php?rest_route=\/wp\/v2\/posts\/2241\/revisions\/2242"}],"wp:featuredmedia":[{"embeddable":true,"href":"https:\/\/jairolibreros.com\/index.php?rest_route=\/wp\/v2\/media\/425"}],"wp:attachment":[{"href":"https:\/\/jairolibreros.com\/index.php?rest_route=%2Fwp%2Fv2%2Fmedia&parent=2241"}],"wp:term":[{"taxonomy":"category","embeddable":true,"href":"https:\/\/jairolibreros.com\/index.php?rest_route=%2Fwp%2Fv2%2Fcategories&post=2241"},{"taxonomy":"post_tag","embeddable":true,"href":"https:\/\/jairolibreros.com\/index.php?rest_route=%2Fwp%2Fv2%2Ftags&post=2241"}],"curies":[{"name":"wp","href":"https:\/\/api.w.org\/{rel}","templated":true}]}}