{"id":2244,"date":"2023-05-23T23:16:17","date_gmt":"2023-05-23T23:16:17","guid":{"rendered":"https:\/\/jairolibreros.com\/?p=2244"},"modified":"2023-06-15T14:06:09","modified_gmt":"2023-06-15T14:06:09","slug":"tenemos-un-ministerio-que-apago-casi-por-completo-las-operaciones-militares-jairo-libreros","status":"publish","type":"post","link":"https:\/\/jairolibreros.com\/?p=2244","title":{"rendered":"&#8220;Tenemos un Ministerio que apag\u00f3 casi por completo las operaciones militares\u201d: Jairo Libreros"},"content":{"rendered":"<p><span style=\"font-size: 14pt;\"><strong>&#8220;Tenemos un Ministerio que apag\u00f3 casi por completo las operaciones militares\u201d: Jairo Libreros, analista pol\u00edtico colombiano<\/strong><\/span><\/p>\n<p><span style=\"font-size: 14pt;\"><strong>Jairo Libreros<\/strong> analista permanente de NTN24<\/span><\/p>\n<blockquote hcb-fetch-image-from=\"https:\/\/twitter.com\/JairoLibreros\/status\/1661150240911790080?s=20\" class=\"twitter-tweet\" data-width=\"550\" data-dnt=\"true\">\n<p lang=\"es\" dir=\"ltr\">&quot;Tenemos un Ministerio que apag\u00f3 casi por completo las operaciones militares\u201d: <a href=\"https:\/\/twitter.com\/JairoLibreros?ref_src=twsrc%5Etfw\">@JairoLibreros<\/a> analista <a href=\"https:\/\/twitter.com\/NTN24?ref_src=twsrc%5Etfw\">@NTN24<\/a> <br \/> <a href=\"https:\/\/t.co\/Y26jmLF8i1\">https:\/\/t.co\/Y26jmLF8i1<\/a><\/p>\n<p>&mdash; Jairo Libreros (@JairoLibreros) <a href=\"https:\/\/twitter.com\/JairoLibreros\/status\/1661150240911790080?ref_src=twsrc%5Etfw\">May 23, 2023<\/a><\/p><\/blockquote>\n<p><script async src=\"https:\/\/platform.twitter.com\/widgets.js\" charset=\"utf-8\"><\/script><\/p>\n<p class=\"p1\"><span style=\"font-size: 14pt;\"><strong>Jairo Libreros, analista pol\u00edtico<\/strong>, habl\u00f3 en La Tarde de NTN24 respecto a la decisi\u00f3n de Gustavo Petro de suspender el cese al fuego con las disidencias de las Farc.<\/span><\/p>\n<p class=\"p1\"><span style=\"font-size: 14pt;\">El presidente de Colombia, Gustavo Petro, decret\u00f3 el fin del cese al fuego bilateral con las disidencias de las Farc tras el asesinato de cuatro menores ind\u00edgenas en el departamento del Putumayo.<\/span><\/p>\n<p class=\"p1\"><span style=\"font-size: 14pt;\"><b>\u201cUn hecho atroz que cuestiona la voluntad de construir un pa\u00eds en paz. No hay justificaci\u00f3n alguna para esta clase de cr\u00edmenes\u201d, dijo el mandatario colombiano en un comunicado.<\/b><\/span><\/p>\n<p class=\"p1\" style=\"text-align: left;\"><span style=\"font-size: 14pt;\">Petro dijo que &#8220;el cese bilateral que hab\u00eda actualmente con dicho grupo armado en los departamentos del Meta, Caquet\u00e1, Guaviare y Putumayo&#8221; ser\u00eda suspendido y posterior a ello, se reactivar\u00edan todas las ofensivas.<\/span><\/p>\n<p class=\"p1\" style=\"text-align: center;\"><span style=\"font-size: 14pt;\"><b>Jairo Libreros, analista pol\u00edtico, habl\u00f3 en La Tarde de NTN24 respecto a la decisi\u00f3n de Gustavo Petro de suspender el cese al fuego con las disidencias de las Farc<\/b><\/span><\/p>\n<blockquote hcb-fetch-image-from=\"https:\/\/twitter.com\/NTN24\/status\/1661124173270331393?s=20\" class=\"twitter-tweet\" data-width=\"550\" data-dnt=\"true\">\n<p lang=\"es\" dir=\"ltr\">&quot;Tenemos un Ministerio que apag\u00f3 casi por completo las operaciones militares y policiales. (&#8230;) Seg\u00fan un informe a partir del 7 de agosto del a\u00f1o pasado, cuando lleg\u00f3 Gustavo Petro a la Casa de Nari\u00f1o, se ha dado una reducci\u00f3n aproximada del 81% de las operaciones militares&quot;,\u2026 <a href=\"https:\/\/t.co\/ICZUU29mC9\">pic.twitter.com\/ICZUU29mC9<\/a><\/p>\n<p>&mdash; NTN24 (@NTN24) <a href=\"https:\/\/twitter.com\/NTN24\/status\/1661124173270331393?ref_src=twsrc%5Etfw\">May 23, 2023<\/a><\/p><\/blockquote>\n<p><script async src=\"https:\/\/platform.twitter.com\/widgets.js\" charset=\"utf-8\"><\/script><\/p>\n<p class=\"p1\"><span style=\"font-size: 14pt;\">\u201cNo solo se trata del homicidio de los cuatro menores ind\u00edgenas sino del innumerable listado de fallas al acuerdo del cese al fuego y del mantenimiento de operaciones vinculadas con el narcotr\u00e1fico, las extorsiones, entre otras\u201d, dijo.<\/span><\/p>\n<p class=\"p1\"><span style=\"font-size: 14pt;\"><b>Libreros indic\u00f3, a su vez: &#8220;Tenemos un Ministerio que apag\u00f3 casi por completo las operaciones militares y policiales\u201d.<\/b><\/span><\/p>\n<p class=\"p1\"><span style=\"font-size: 14pt;\">\u201cDe acuerdo con un informe a partir del 7 de agosto del a\u00f1o pasado, cuando lleg\u00f3 Gustavo Petro a la Casa de Nari\u00f1o, se ha dado una reducci\u00f3n aproximada del 81% de las operaciones militares. El Ministerio est\u00e1 apagado, no hay control territorial y los ciudadanos est\u00e1n completamente desamparados\u201d, agreg\u00f3.<\/span><\/p>\n<p class=\"p1\"><span style=\"font-size: 14pt;\">Asimismo,<b>\u00a0dijo que las fuerzas militares y de la Polic\u00eda Nacional han demostrado ser unidades comprometidas con la democracia y seguridad de los ciudadanos.<\/b><\/span><\/p>\n<p class=\"p1\"><span style=\"font-size: 14pt;\">\u201cCreo que tenemos la fuerza publica id\u00f3nea y preparada, pero no motivada, no tiene conductor y no sabe para donde va\u201d, asegur\u00f3.<\/span><\/p>\n<p class=\"p1\"><span style=\"font-size: 14pt;\">\u201cSi no hacemos un cambio inmediato en el Ministerio de Defensa y en la oficina del Alto Comisionado para la Paz, todo va a ser igual\u201d, puntualiz\u00f3.<\/span><\/p>\n<blockquote hcb-fetch-image-from=\"https:\/\/twitter.com\/NTN24ve\/status\/1661145808388108288?s=20\" class=\"twitter-tweet\" data-width=\"550\" data-dnt=\"true\">\n<p lang=\"es\" dir=\"ltr\">&quot;Tenemos un Ministerio que apag\u00f3 casi por completo las operaciones militares\u201d: <a href=\"https:\/\/twitter.com\/JairoLibreros?ref_src=twsrc%5Etfw\">@JairoLibreros<\/a><a href=\"https:\/\/t.co\/LloxG6EMl2\">https:\/\/t.co\/LloxG6EMl2<\/a><\/p>\n<p>&mdash; NTN24 Venezuela (@NTN24ve) <a href=\"https:\/\/twitter.com\/NTN24ve\/status\/1661145808388108288?ref_src=twsrc%5Etfw\">May 23, 2023<\/a><\/p><\/blockquote>\n<p><script async src=\"https:\/\/platform.twitter.com\/widgets.js\" charset=\"utf-8\"><\/script><\/p>\n<p class=\"p1\"><span style=\"font-size: 14pt;\">El link de NTN24 con mi an\u00e1lisis es el siguiente:<\/span><\/p>\n<p class=\"p3\"><span style=\"font-size: 14pt;\"><span style=\"text-decoration: underline;\"><a href=\"https:\/\/www.ntn24.com\/noticias-politica\/tenemos-un-ministerio-que-apago-casi-por-completo-las-operaciones-militares-jairo-libreros-analista-politico-colombiano-420922\">https:\/\/www.ntn24.com\/noticias-politica\/tenemos-un-ministerio-que-apago-casi-por-completo-las-operaciones-militares-jairo-libreros-analista-politico-colombiano-420922<\/a><\/span><span class=\"s1\"><span class=\"Apple-converted-space\">\u00a0<\/span><\/span><\/span><\/p>\n","protected":false},"excerpt":{"rendered":"<p>&#8220;Tenemos un Ministerio que apag\u00f3 casi por completo las operaciones militares\u201d: Jairo Libreros, analista pol\u00edtico colombiano Jairo Libreros analista permanente de NTN24 &quot;Tenemos <\/p>\n","protected":false},"author":1,"featured_media":285,"comment_status":"open","ping_status":"open","sticky":false,"template":"","format":"standard","meta":{"om_disable_all_campaigns":false,"_monsterinsights_skip_tracking":false,"_monsterinsights_sitenote_active":false,"_monsterinsights_sitenote_note":"","_monsterinsights_sitenote_category":0,"footnotes":""},"categories":[1],"tags":[90,53,39],"aioseo_notices":[],"class_list":["post-2244","post","type-post","status-publish","format-standard","has-post-thumbnail","hentry","category-jairo-libreros","tag-seguridad-y-defensa-nacional","tag-politicas-publicas","tag-seguridad-ciudadana"],"_links":{"self":[{"href":"https:\/\/jairolibreros.com\/index.php?rest_route=\/wp\/v2\/posts\/2244"}],"collection":[{"href":"https:\/\/jairolibreros.com\/index.php?rest_route=\/wp\/v2\/posts"}],"about":[{"href":"https:\/\/jairolibreros.com\/index.php?rest_route=\/wp\/v2\/types\/post"}],"author":[{"embeddable":true,"href":"https:\/\/jairolibreros.com\/index.php?rest_route=\/wp\/v2\/users\/1"}],"replies":[{"embeddable":true,"href":"https:\/\/jairolibreros.com\/index.php?rest_route=%2Fwp%2Fv2%2Fcomments&post=2244"}],"version-history":[{"count":4,"href":"https:\/\/jairolibreros.com\/index.php?rest_route=\/wp\/v2\/posts\/2244\/revisions"}],"predecessor-version":[{"id":2248,"href":"https:\/\/jairolibreros.com\/index.php?rest_route=\/wp\/v2\/posts\/2244\/revisions\/2248"}],"wp:featuredmedia":[{"embeddable":true,"href":"https:\/\/jairolibreros.com\/index.php?rest_route=\/wp\/v2\/media\/285"}],"wp:attachment":[{"href":"https:\/\/jairolibreros.com\/index.php?rest_route=%2Fwp%2Fv2%2Fmedia&parent=2244"}],"wp:term":[{"taxonomy":"category","embeddable":true,"href":"https:\/\/jairolibreros.com\/index.php?rest_route=%2Fwp%2Fv2%2Fcategories&post=2244"},{"taxonomy":"post_tag","embeddable":true,"href":"https:\/\/jairolibreros.com\/index.php?rest_route=%2Fwp%2Fv2%2Ftags&post=2244"}],"curies":[{"name":"wp","href":"https:\/\/api.w.org\/{rel}","templated":true}]}}