{"id":2249,"date":"2023-05-26T21:52:10","date_gmt":"2023-05-26T21:52:10","guid":{"rendered":"https:\/\/jairolibreros.com\/?p=2249"},"modified":"2023-06-13T20:52:54","modified_gmt":"2023-06-13T20:52:54","slug":"como-esta-enfrentando-el-gobierno-las-distintas-realidades-del-pais","status":"publish","type":"post","link":"https:\/\/jairolibreros.com\/?p=2249","title":{"rendered":"\u00bfC\u00f3mo est\u00e1 enfrentando el gobierno las distintas realidades del pa\u00eds?"},"content":{"rendered":"<p><span style=\"font-size: 14pt;\"><strong>\u00bfC\u00f3mo est\u00e1 enfrentando el gobierno las distintas realidades del pa\u00eds?<\/strong><\/span><\/p>\n<p><span style=\"font-size: 14pt;\"><strong>Jairo Libreros<\/strong> panelista Hora de Caracol Radio<\/span><\/p>\n<blockquote hcb-fetch-image-from=\"https:\/\/twitter.com\/JairoLibreros\/status\/1662209150263390209?s=20\" class=\"twitter-tweet\" data-width=\"550\" data-dnt=\"true\">\n<p lang=\"es\" dir=\"ltr\">Debate <a href=\"https:\/\/twitter.com\/Hora20?ref_src=twsrc%5Etfw\">@Hora20<\/a> <a href=\"https:\/\/twitter.com\/CaracolRadio?ref_src=twsrc%5Etfw\">@CaracolRadio<\/a>  <br \/>\u00bfC\u00f3mo est\u00e1 enfrentando el gobierno las distintas realidades del pa\u00eds? <a href=\"https:\/\/t.co\/hTnZGZDIJE\">https:\/\/t.co\/hTnZGZDIJE<\/a><\/p>\n<p>&mdash; Jairo Libreros (@JairoLibreros) <a href=\"https:\/\/twitter.com\/JairoLibreros\/status\/1662209150263390209?ref_src=twsrc%5Etfw\">May 26, 2023<\/a><\/p><\/blockquote>\n<p><script async src=\"https:\/\/platform.twitter.com\/widgets.js\" charset=\"utf-8\"><\/script><\/p>\n<p class=\"p1\" style=\"text-align: center;\"><span style=\"font-size: 14pt;\"><strong>Panelistas analizan lo que est\u00e1 pasando en t\u00e9rminos de hidrocarburos, seguridad y el panorama en el suroccidente del pa\u00eds<\/strong><\/span><\/p>\n<blockquote hcb-fetch-image-from=\"https:\/\/twitter.com\/JairoLibreros\/status\/1662229764881383425?s=20\" class=\"twitter-tweet\" data-width=\"550\" data-dnt=\"true\">\n<p lang=\"es\" dir=\"ltr\">Debate <a href=\"https:\/\/twitter.com\/Hora20?ref_src=twsrc%5Etfw\">@Hora20<\/a> <a href=\"https:\/\/twitter.com\/CaracolRadio?ref_src=twsrc%5Etfw\">@CaracolRadio<\/a> <br \/>La realidad energ\u00e9tica del pa\u00eds, los aranceles y los centros migratorios<br \/> <a href=\"https:\/\/t.co\/Pwo60Bb7eW\">https:\/\/t.co\/Pwo60Bb7eW<\/a><\/p>\n<p>&mdash; Jairo Libreros (@JairoLibreros) <a href=\"https:\/\/twitter.com\/JairoLibreros\/status\/1662229764881383425?ref_src=twsrc%5Etfw\">May 26, 2023<\/a><\/p><\/blockquote>\n<p><script async src=\"https:\/\/platform.twitter.com\/widgets.js\" charset=\"utf-8\"><\/script><\/p>\n<p class=\"p1\"><span style=\"font-size: 14pt;\"><i>Redacci\u00f3n Hora20 Caracol Radio \u00b7 Nicol\u00e1s Llano \u00b7 25.05.2023<\/i><\/span><\/p>\n<p class=\"p1\"><span style=\"font-size: 14pt;\">En Hora20 el an\u00e1lisis a la decisi\u00f3n del Consejo de Estado de tumbar la elecci\u00f3n del contralor, Carlos Hern\u00e1n Rodr\u00edguez, tambi\u00e9n una mirada la manera como el gobierno nacional se estar\u00eda enfrentando a las distintas realidades del pa\u00eds. Se analiz\u00f3 lo que se deber\u00eda hacer ante las nuevas cifras de reservas de gas y de petr\u00f3leo y de la idea de no firmar nuevos contratos de exploraci\u00f3n, los panelistas tambi\u00e9n debatieron sobre el llamado que le hace un grupo de congresistas al presidente para que se ponga atenci\u00f3n al suroccidente del pa\u00eds. Despu\u00e9s otra idea: la de los cambios en los aranceles. Por \u00faltimo, el rol que ejercer\u00e1n en adelante los centros de migrantes de Estados Unidos en Colombia.<\/span><\/p>\n<p class=\"p1\"><span style=\"font-size: 14pt;\">Pasemos al tema central de la noche porque tras la llegada del gobierno Petro, el discurso de un cambio en la manera c\u00f3mo funcionan los hidrocarburos en el pa\u00eds gener\u00f3 debates como la posibilidad de no firmar nuevos contratos de exploraci\u00f3n petrolera y de gas, los cambios en Ecopetrol y la idea de una transici\u00f3n energ\u00e9tica acelerada para buscar energ\u00edas limpias enfrenta hoy un escenario a la luz de cifras que se han conocido en las \u00faltimas horas. La Agencia Nacional de Hidrocarburos confirm\u00f3 que el pa\u00eds tiene reservas confirmadas de petr\u00f3leo por 7,5 a\u00f1os, hace un a\u00f1o era de 7,6 y hace cuatro a\u00f1os era de nueve. Mientras que, del lado del gas, las reservas probadas son por 7,2 a\u00f1os. Por otro lado, el exministro Ocampo ha dicho que Ecopetrol tiene un riesgo de iliquidez si no se cumple con las metas de pago del d\u00e9ficit del Fondo de Estabilizaci\u00f3n de Precios de los Combustibles.<\/span><\/p>\n<p class=\"p1\"><span style=\"font-size: 14pt;\">En medio de ese escenario est\u00e1 el de la realidad de la paz total, pues tras el anuncio del levantamiento del cese al fuego en cuatro departamentos con el Estado Mayor Central, las Fuerzas Armadas han informado que se podr\u00eda dar una escalada de violencia por parte de esta organizaci\u00f3n armada, mientras que en el di\u00e1logo con el ELN se acaba de extender por una semana m\u00e1s ante la pausa que se dio hace dos semanas en la mesa.<\/span><\/p>\n<p class=\"p1\"><span style=\"font-size: 14pt;\">Mientras tanto, congresistas del pa\u00eds le enviaron este jueves una invitaci\u00f3n al presidente Petro para que priorice su agenda y realice un consejo de ministros sobre el suroccidente del pa\u00eds, una regi\u00f3n que el gobierno asegur\u00f3 ser\u00eda priorizada, pero en la que hoy los congresistas recuerdan que hay varias emergencias como el derrumbe de Rosas, Cauca; la ca\u00edda del puente sobre el r\u00edo La Vieja o el panorama de violencia en Buenaventura, donde la Iglesia asegura que el pacto entre bandas criminales se rompi\u00f3.<\/span><\/p>\n<blockquote hcb-fetch-image-from=\"https:\/\/twitter.com\/Hora20\/status\/1661900517151326210?s=20\" class=\"twitter-tweet\" data-width=\"550\" data-dnt=\"true\">\n<p lang=\"es\" dir=\"ltr\"><a href=\"https:\/\/twitter.com\/hashtag\/Hora20?src=hash&amp;ref_src=twsrc%5Etfw\">#Hora20<\/a> | \u201cEsta elecci\u00f3n fue el primer campanazo de lo que el presidente llam\u00f3 el enemigo interno. Alg\u00fan sector vinculado con el Pacto Hist\u00f3rico consider\u00f3 que pod\u00edan modificar los requisitos para la elecci\u00f3n del contralor\u201d, <a href=\"https:\/\/twitter.com\/JairoLibreros?ref_src=twsrc%5Etfw\">@JairoLibreros<\/a> \u25b6\ufe0f <a href=\"https:\/\/t.co\/MQbDgg1Yno\">https:\/\/t.co\/MQbDgg1Yno<\/a> <a href=\"https:\/\/t.co\/0La04XDC45\">pic.twitter.com\/0La04XDC45<\/a><\/p>\n<p>&mdash; Hora 20 (@Hora20) <a href=\"https:\/\/twitter.com\/Hora20\/status\/1661900517151326210?ref_src=twsrc%5Etfw\">May 26, 2023<\/a><\/p><\/blockquote>\n<p><script async src=\"https:\/\/platform.twitter.com\/widgets.js\" charset=\"utf-8\"><\/script><\/p>\n<p class=\"p1\"><span style=\"font-size: 14pt;\"><b>Lo que dicen los panelistas<\/b><\/span><\/p>\n<p class=\"p1\"><span style=\"font-size: 14pt;\"><b>Paca Zuleta, directora de la Escuela de Gobierno de la Universidad de los Andes,\u00a0<\/b>se\u00f1al\u00f3 que preocupa el hecho que el gobierno se mantenga sobre una idea, un anuncio de que \u201cson verdes\u201d, que no les gustan los hidrocarburos, que suspenden los contrarios, \u201cpero no hay plan de ning\u00fan tipo, las ideas no son pol\u00edtica p\u00fablica, se necesita transici\u00f3n, c\u00f3mo reemplazamos ingresos fiscales, qu\u00e9 pasa en 7 a\u00f1os y eso no existe y no tener eso genera incertidumbres graves para Colombia\u201d.<\/span><\/p>\n<blockquote hcb-fetch-image-from=\"https:\/\/twitter.com\/Hora20\/status\/1661900731501236224?s=20\" class=\"twitter-tweet\" data-width=\"550\" data-dnt=\"true\">\n<p lang=\"es\" dir=\"ltr\"><a href=\"https:\/\/twitter.com\/hashtag\/Hora20?src=hash&amp;ref_src=twsrc%5Etfw\">#Hora20<\/a> | \u201cHay un nivel de improvisaci\u00f3n que hemos visto en estos \u00faltimos 9 meses, se creen que adelantando algunos procesos se pueden solucionar las cosas\u201d, <a href=\"https:\/\/twitter.com\/JairoLibreros?ref_src=twsrc%5Etfw\">@JairoLibreros<\/a> \u25b6\ufe0f <a href=\"https:\/\/t.co\/MQbDgg1Yno\">https:\/\/t.co\/MQbDgg1Yno<\/a> <a href=\"https:\/\/t.co\/aI0F4vQ1tY\">pic.twitter.com\/aI0F4vQ1tY<\/a><\/p>\n<p>&mdash; Hora 20 (@Hora20) <a href=\"https:\/\/twitter.com\/Hora20\/status\/1661900731501236224?ref_src=twsrc%5Etfw\">May 26, 2023<\/a><\/p><\/blockquote>\n<p><script async src=\"https:\/\/platform.twitter.com\/widgets.js\" charset=\"utf-8\"><\/script><\/p>\n<p class=\"p1\"><span style=\"font-size: 14pt;\">Sobre la anulaci\u00f3n de la elecci\u00f3n del contralor, coment\u00f3 que los procesos existen para algo y que no es solo un capricho, tienen raz\u00f3n de ser, tiene tiempos, permite que la gente participe, \u201cla l\u00f3gica de una resoluci\u00f3n y de una selecci\u00f3n tiene un sentido y creo que es una decisi\u00f3n s\u00f3lida, clara y que muestra con claridad cu\u00e1les son esas \u201cvoladas de escuadra\u201d\u00a0del proceso y procedimiento que dejan en evidencia que hubo una afectaci\u00f3n al procedimiento y en consecuencia afectaci\u00f3n a la l\u00f3gica de elecci\u00f3n popular, convocatorias, tiempos y procedimientos\u201d.<\/span><\/p>\n<blockquote hcb-fetch-image-from=\"https:\/\/twitter.com\/Hora20\/status\/1661900895620136964?s=20\" class=\"twitter-tweet\" data-width=\"550\" data-dnt=\"true\">\n<p lang=\"es\" dir=\"ltr\"><a href=\"https:\/\/twitter.com\/hashtag\/Hora20?src=hash&amp;ref_src=twsrc%5Etfw\">#Hora20<\/a> | \u201cEsto que estamos viendo creo que es el inicio de un mont\u00f3n de leyes que vamos a ver que ser\u00e1n declaradas inconstitucionales\u201d, <a href=\"https:\/\/twitter.com\/JairoLibreros?ref_src=twsrc%5Etfw\">@JairoLibreros<\/a> \u25b6\ufe0f <a href=\"https:\/\/t.co\/MQbDgg1Yno\">https:\/\/t.co\/MQbDgg1Yno<\/a> <a href=\"https:\/\/t.co\/0AmfsYM2gM\">pic.twitter.com\/0AmfsYM2gM<\/a><\/p>\n<p>&mdash; Hora 20 (@Hora20) <a href=\"https:\/\/twitter.com\/Hora20\/status\/1661900895620136964?ref_src=twsrc%5Etfw\">May 26, 2023<\/a><\/p><\/blockquote>\n<p><script async src=\"https:\/\/platform.twitter.com\/widgets.js\" charset=\"utf-8\"><\/script><\/p>\n<p class=\"p1\"><span style=\"font-size: 14pt;\"><b>Jairo Libreros, abogado, profesor universitario y experto en temas de seguridad,\u00a0<\/b>se\u00f1al\u00f3 que el gobierno Petro es contraevidente, \u201ces un discurso bien montado, expresi\u00f3n, pero cuando toman decisiones prevalece el tema ideol\u00f3gico ante la realidad de los hechos, hay realidad y decisiones de pol\u00edtica que no corresponden, se estrellan fuerte si vamos a temas de paz o seguridad\u201d. De hecho, plante\u00f3 que se lanza una pol\u00edtica p\u00fablica en seguridad que no corresponde a realidad, \u201cno s\u00e9 de d\u00f3nde la sacan y no sale de los hechos que sufre Colombia, la variable ideol\u00f3gica es pesada y no permite ver los problemas de diferente \u00edndole\u201d.<\/span><\/p>\n<blockquote hcb-fetch-image-from=\"https:\/\/twitter.com\/Hora20\/status\/1661905209264676864?s=20\" class=\"twitter-tweet\" data-width=\"550\" data-dnt=\"true\">\n<p lang=\"es\" dir=\"ltr\"><a href=\"https:\/\/twitter.com\/hashtag\/Hora20?src=hash&amp;ref_src=twsrc%5Etfw\">#Hora20<\/a> |\u201cSi tomo decisiones de pol\u00edtica p\u00fablica que no correspondan con la realidad, me voy a estrellar muy duro. El gobierno adem\u00e1s de ser contra evidente con unos actores armados, tambi\u00e9n tiene que ser consciente de que esos actores le miden aceite al gobierno\u201d, <a href=\"https:\/\/twitter.com\/JairoLibreros?ref_src=twsrc%5Etfw\">@JairoLibreros<\/a> <a href=\"https:\/\/t.co\/V38iIRuUXf\">pic.twitter.com\/V38iIRuUXf<\/a><\/p>\n<p>&mdash; Hora 20 (@Hora20) <a href=\"https:\/\/twitter.com\/Hora20\/status\/1661905209264676864?ref_src=twsrc%5Etfw\">May 26, 2023<\/a><\/p><\/blockquote>\n<p><script async src=\"https:\/\/platform.twitter.com\/widgets.js\" charset=\"utf-8\"><\/script><\/p>\n<p class=\"p1\"><span style=\"font-size: 14pt;\">Sobre la decisi\u00f3n del Consejo de Estado, coment\u00f3 que esto fue como un campanazo de lo que dec\u00eda el presidente sobre el \u201cenemigo interno\u201d, \u201cse consider\u00f3 que esto se pod\u00eda solo con terna a su saber y entender; los temas en derecho se tienen que solucionar en est\u00e1ndares de la ley, hubo desconocimiento importante\u201d.<\/span><\/p>\n<blockquote hcb-fetch-image-from=\"https:\/\/twitter.com\/Hora20\/status\/1661905341435486209?s=20\" class=\"twitter-tweet\" data-width=\"550\" data-dnt=\"true\">\n<p lang=\"es\" dir=\"ltr\"><a href=\"https:\/\/twitter.com\/hashtag\/Hora20?src=hash&amp;ref_src=twsrc%5Etfw\">#Hora20<\/a> | \u201cTenemos un gobierno con una variable ideol\u00f3gica bastante pesada que no le deja ver los problemas que tiene la gente\u201d, <a href=\"https:\/\/twitter.com\/JairoLibreros?ref_src=twsrc%5Etfw\">@JairoLibreros<\/a> \u25b6\ufe0f <a href=\"https:\/\/t.co\/MQbDgg1Yno\">https:\/\/t.co\/MQbDgg1Yno<\/a> <a href=\"https:\/\/t.co\/3YgR7AQBo8\">pic.twitter.com\/3YgR7AQBo8<\/a><\/p>\n<p>&mdash; Hora 20 (@Hora20) <a href=\"https:\/\/twitter.com\/Hora20\/status\/1661905341435486209?ref_src=twsrc%5Etfw\">May 26, 2023<\/a><\/p><\/blockquote>\n<p><script async src=\"https:\/\/platform.twitter.com\/widgets.js\" charset=\"utf-8\"><\/script><\/p>\n<p class=\"p1\"><span style=\"font-size: 14pt;\"><b>Juan Esteban Lewin, jefe de redacci\u00f3n de El Pa\u00eds Am\u00e9rica, el peri\u00f3dico global,\u00a0<\/b>asegur\u00f3 que la secci\u00f3n quinta, que es la que toma la decisi\u00f3n del contralor, fue tambi\u00e9n la que anul\u00f3 la elecci\u00f3n de Roy Barreras y de Alberto Carrasquilla como miembro de la junta directiva del Banco de la Rep\u00fablica, con lo cual, no ser\u00eda acertado a afirmar que las decisiones que ha tomado el Consejo de Estado en los \u00faltimos d\u00edas tengan alguna motivaci\u00f3n pol\u00edtica.<\/span><\/p>\n<blockquote hcb-fetch-image-from=\"https:\/\/twitter.com\/Hora20\/status\/1661905705241067521?s=20\" class=\"twitter-tweet\" data-width=\"550\" data-dnt=\"true\">\n<p lang=\"es\" dir=\"ltr\"><a href=\"https:\/\/twitter.com\/hashtag\/Hora20?src=hash&amp;ref_src=twsrc%5Etfw\">#Hora20<\/a> | \u201cEn cualquier pa\u00eds cuando hay un cambio fuerte en la conducci\u00f3n del Estado siempre va a haber una resistencia al cambio, pero en temas como el de salud es un asunto muy t\u00e9cnico\u201d, <a href=\"https:\/\/twitter.com\/JairoLibreros?ref_src=twsrc%5Etfw\">@JairoLibreros<\/a> \u25b6\ufe0f <a href=\"https:\/\/t.co\/MQbDgg1Yno\">https:\/\/t.co\/MQbDgg1Yno<\/a> <a href=\"https:\/\/t.co\/3GowhZG2SL\">pic.twitter.com\/3GowhZG2SL<\/a><\/p>\n<p>&mdash; Hora 20 (@Hora20) <a href=\"https:\/\/twitter.com\/Hora20\/status\/1661905705241067521?ref_src=twsrc%5Etfw\">May 26, 2023<\/a><\/p><\/blockquote>\n<p><script async src=\"https:\/\/platform.twitter.com\/widgets.js\" charset=\"utf-8\"><\/script><\/p>\n<p class=\"p1\"><span style=\"font-size: 14pt;\">De otro lado, dijo que ahora el congreso debe elegir nuevo contralor en medio de un panorama pol\u00edtico complejo, con una coalici\u00f3n de gobierno que no es la misma del a\u00f1o pasado, que se cruza con elecciones regionales, \u201cesto es un tema pol\u00edtico de marca mayor porque el contralor revisa manejo de recursos p\u00fablicos y se dec\u00eda que el gobierno ten\u00eda contralor a favor, pero qu\u00e9 tal que tenga ahora un fiscal amigo, pero un contralor como piedra en el camino porque eso ahora cambia el panorama\u201d.<\/span><\/p>\n<blockquote hcb-fetch-image-from=\"https:\/\/twitter.com\/Hora20\/status\/1661905898816643072?s=20\" class=\"twitter-tweet\" data-width=\"550\" data-dnt=\"true\">\n<p lang=\"es\" dir=\"ltr\"><a href=\"https:\/\/twitter.com\/hashtag\/Hora20?src=hash&amp;ref_src=twsrc%5Etfw\">#Hora20<\/a> | \u201cEn los temas de seguridad, de salud o de hidrocarburos el gobierno le da la espalda a est\u00e1ndares internacionales\u201d, <a href=\"https:\/\/twitter.com\/JairoLibreros?ref_src=twsrc%5Etfw\">@JairoLibreros<\/a> \u25b6\ufe0f <a href=\"https:\/\/t.co\/MQbDgg1Yno\">https:\/\/t.co\/MQbDgg1Yno<\/a> <a href=\"https:\/\/t.co\/jh3WmhuCTH\">pic.twitter.com\/jh3WmhuCTH<\/a><\/p>\n<p>&mdash; Hora 20 (@Hora20) <a href=\"https:\/\/twitter.com\/Hora20\/status\/1661905898816643072?ref_src=twsrc%5Etfw\">May 26, 2023<\/a><\/p><\/blockquote>\n<p><script async src=\"https:\/\/platform.twitter.com\/widgets.js\" charset=\"utf-8\"><\/script><\/p>\n<p class=\"p1\"><span style=\"font-size: 14pt;\"><b>Andr\u00e9s Valencia, economista, exministro de Agricultura y exdirector de Fogaf\u00edn,\u00a0<\/b>se\u00f1al\u00f3 que ante el informe que se conoci\u00f3 sobre las reservas probadas de gas y petr\u00f3leo el gobierno deber\u00eda estar pensando en acabar con la incertidumbre de no explorar ni firmar m\u00e1s proyectos ante la importancia que tiene el sector de hidrocarburos para la econom\u00eda del pa\u00eds, \u201cdependemos de petr\u00f3leo y carb\u00f3n como productos y si no hay plan para sustituir ingresos y si es rentable explotar petr\u00f3leo, el mundo importa petr\u00f3leo, no tiene sentido abandonar esa estrategia\u201d.<\/span><\/p>\n<blockquote hcb-fetch-image-from=\"https:\/\/twitter.com\/Hora20\/status\/1661909313105936385?s=20\" class=\"twitter-tweet\" data-width=\"550\" data-dnt=\"true\">\n<p lang=\"es\" dir=\"ltr\"><a href=\"https:\/\/twitter.com\/hashtag\/Hora20?src=hash&amp;ref_src=twsrc%5Etfw\">#Hora20<\/a> | \u201cNos hace falta una mirada hist\u00f3rica m\u00e1s estrat\u00e9gica frente al occidente del pa\u00eds. En los \u00faltimos 15 a\u00f1os en los foros de relaciones internacionales se habla de la necesidad de mirar hacia el occidente para comercializar con Asia\u201d, <a href=\"https:\/\/twitter.com\/JairoLibreros?ref_src=twsrc%5Etfw\">@JairoLibreros<\/a> <a href=\"https:\/\/t.co\/vuMbGo3mKq\">pic.twitter.com\/vuMbGo3mKq<\/a><\/p>\n<p>&mdash; Hora 20 (@Hora20) <a href=\"https:\/\/twitter.com\/Hora20\/status\/1661909313105936385?ref_src=twsrc%5Etfw\">May 26, 2023<\/a><\/p><\/blockquote>\n<p><script async src=\"https:\/\/platform.twitter.com\/widgets.js\" charset=\"utf-8\"><\/script><\/p>\n<p class=\"p1\"><span style=\"font-size: 14pt;\">Sobre el panorama en el suroccidente del pa\u00eds, coment\u00f3 que el problema all\u00ed se ha repetido en todos los gobiernos y que la f\u00f3rmula para empezar a resolver los problemas es el trabajo conjunto entre lo privado y lo p\u00fablico, as\u00ed como el cumplimiento de las promesas que se han hecho en el pasado, aunque afirm\u00f3 que todav\u00eda quedan las palabras del presidente en el que ha sido agresivo con el sector agroindustrial o su posici\u00f3n sobre la tierra en el PND.<\/span><\/p>\n<blockquote hcb-fetch-image-from=\"https:\/\/twitter.com\/Hora20\/status\/1661909600856096768?s=20\" class=\"twitter-tweet\" data-width=\"550\" data-dnt=\"true\">\n<p lang=\"es\" dir=\"ltr\"><a href=\"https:\/\/twitter.com\/hashtag\/Hora20?src=hash&amp;ref_src=twsrc%5Etfw\">#Hora20<\/a> | \u201cMe acuerdo como en pleno estallido social se dio el bloqueo de la v\u00eda al puerto de Buenaventura. Tenemos que tener una mirada estrat\u00e9gica del pac\u00edfico y saber que el mundo mira hacia la cuenca asi\u00e1tica\u201d, <a href=\"https:\/\/twitter.com\/JairoLibreros?ref_src=twsrc%5Etfw\">@JairoLibreros<\/a> \u25b6\ufe0f <a href=\"https:\/\/t.co\/MQbDgg1Yno\">https:\/\/t.co\/MQbDgg1Yno<\/a> <a href=\"https:\/\/t.co\/GqZ1pSzqQO\">pic.twitter.com\/GqZ1pSzqQO<\/a><\/p>\n<p>&mdash; Hora 20 (@Hora20) <a href=\"https:\/\/twitter.com\/Hora20\/status\/1661909600856096768?ref_src=twsrc%5Etfw\">May 26, 2023<\/a><\/p><\/blockquote>\n<p><script async src=\"https:\/\/platform.twitter.com\/widgets.js\" charset=\"utf-8\"><\/script><\/p>\n<p class=\"p1\"><span style=\"font-size: 14pt;\"><b>Para Jorge Enrique Bedoya, presidente de la Sociedad de Agricultores de Colombia y exviceministro de Defensa,\u00a0<\/b>cuando se llega al gobierno es distinto a la dosis de realidad y el gobierno se debe dar cuenta una cosa es la promesa de campa\u00f1a, una cosa es la pol\u00edtica p\u00fablica y otra cosa es la realidad del pa\u00eds, \u201cpasa en la ruralidad con la extorsi\u00f3n, el tema del clima y ah\u00ed los gobiernos deben ajustar el curso para que no se descuadernen asuntos como la econom\u00eda o la seguridad\u201d, incluso, coment\u00f3 que las curvas de aprendizaje son dolorosas, pero deben ser cortas, \u201cles pasa a todos los gobiernos, eso no es solo de este gobierno, pero en la capacidad del gobernante y sus ministros estar\u00e1 en responder por lo que est\u00e1 pasando y lo que no est\u00e1 pasando no es menor\u201d.<\/span><\/p>\n<blockquote hcb-fetch-image-from=\"https:\/\/twitter.com\/Hora20\/status\/1661912197973377024?s=20\" class=\"twitter-tweet\" data-width=\"550\" data-dnt=\"true\">\n<p lang=\"es\" dir=\"ltr\"><a href=\"https:\/\/twitter.com\/hashtag\/Hora20?src=hash&amp;ref_src=twsrc%5Etfw\">#Hora20<\/a> | \u201cGuatemala y Colombia van a tener los centros, pero este \u00faltimo recibe recursos especiales igual que M\u00e9xico para invertir en los lugares que se han convertido en rutas de acceso para Estados Unidos\u201d, <a href=\"https:\/\/twitter.com\/JairoLibreros?ref_src=twsrc%5Etfw\">@JairoLibreros<\/a> \u25b6\ufe0f <a href=\"https:\/\/t.co\/MQbDgg1Yno\">https:\/\/t.co\/MQbDgg1Yno<\/a> <a href=\"https:\/\/t.co\/dVl5DRv1jo\">pic.twitter.com\/dVl5DRv1jo<\/a><\/p>\n<p>&mdash; Hora 20 (@Hora20) <a href=\"https:\/\/twitter.com\/Hora20\/status\/1661912197973377024?ref_src=twsrc%5Etfw\">May 26, 2023<\/a><\/p><\/blockquote>\n<p><script async src=\"https:\/\/platform.twitter.com\/widgets.js\" charset=\"utf-8\"><\/script><\/p>\n<p class=\"p1\"><span style=\"font-size: 14pt;\">El link de Hora20 de Caracol Radio con el video del debate es el siguiente:<\/span><\/p>\n<p><iframe hcb-fetch-image-from=\"https:\/\/www.youtube.com\/watch?v=u9FGMLvYCK4\" title=\"La realidad energ\u00e9tica del pa\u00eds, los aranceles y los centros migratorios | Caracol Radio\" width=\"640\" height=\"360\" src=\"https:\/\/www.youtube.com\/embed\/u9FGMLvYCK4?feature=oembed\" frameborder=\"0\" allow=\"accelerometer; autoplay; clipboard-write; encrypted-media; gyroscope; picture-in-picture; web-share\" referrerpolicy=\"strict-origin-when-cross-origin\" allowfullscreen><\/iframe><\/p>\n<p class=\"p1\"><span style=\"font-size: 14pt;\">El link de Hora20 de Caracol Radio con el audio del debate es el siguiente:<span class=\"Apple-converted-space\">\u00a0<\/span><\/span><\/p>\n<p class=\"p4\"><span style=\"font-size: 14pt;\"><span style=\"text-decoration: underline;\"><a href=\"https:\/\/caracol.com.co\/2023\/05\/26\/como-esta-enfrentando-el-gobierno-las-distintas-realidades-del-pais\/\">https:\/\/caracol.com.co\/2023\/05\/26\/como-esta-enfrentando-el-gobierno-las-distintas-realidades-del-pais\/<\/a><\/span><span class=\"s1\"><span class=\"Apple-converted-space\">\u00a0<\/span><\/span><\/span><\/p>\n","protected":false},"excerpt":{"rendered":"<p>\u00bfC\u00f3mo est\u00e1 enfrentando el gobierno las distintas realidades del pa\u00eds? Jairo Libreros panelista Hora de Caracol Radio Debate @Hora20 @CaracolRadio \u00bfC\u00f3mo est\u00e1 enfrentando <\/p>\n","protected":false},"author":1,"featured_media":428,"comment_status":"open","ping_status":"open","sticky":false,"template":"","format":"standard","meta":{"om_disable_all_campaigns":false,"_monsterinsights_skip_tracking":false,"_monsterinsights_sitenote_active":false,"_monsterinsights_sitenote_note":"","_monsterinsights_sitenote_category":0,"footnotes":""},"categories":[1],"tags":[44,54,90,53,39],"aioseo_notices":[],"class_list":["post-2249","post","type-post","status-publish","format-standard","has-post-thumbnail","hentry","category-jairo-libreros","tag-elecciones","tag-comunicacion-politica","tag-seguridad-y-defensa-nacional","tag-politicas-publicas","tag-seguridad-ciudadana"],"_links":{"self":[{"href":"https:\/\/jairolibreros.com\/index.php?rest_route=\/wp\/v2\/posts\/2249"}],"collection":[{"href":"https:\/\/jairolibreros.com\/index.php?rest_route=\/wp\/v2\/posts"}],"about":[{"href":"https:\/\/jairolibreros.com\/index.php?rest_route=\/wp\/v2\/types\/post"}],"author":[{"embeddable":true,"href":"https:\/\/jairolibreros.com\/index.php?rest_route=\/wp\/v2\/users\/1"}],"replies":[{"embeddable":true,"href":"https:\/\/jairolibreros.com\/index.php?rest_route=%2Fwp%2Fv2%2Fcomments&post=2249"}],"version-history":[{"count":2,"href":"https:\/\/jairolibreros.com\/index.php?rest_route=\/wp\/v2\/posts\/2249\/revisions"}],"predecessor-version":[{"id":2251,"href":"https:\/\/jairolibreros.com\/index.php?rest_route=\/wp\/v2\/posts\/2249\/revisions\/2251"}],"wp:featuredmedia":[{"embeddable":true,"href":"https:\/\/jairolibreros.com\/index.php?rest_route=\/wp\/v2\/media\/428"}],"wp:attachment":[{"href":"https:\/\/jairolibreros.com\/index.php?rest_route=%2Fwp%2Fv2%2Fmedia&parent=2249"}],"wp:term":[{"taxonomy":"category","embeddable":true,"href":"https:\/\/jairolibreros.com\/index.php?rest_route=%2Fwp%2Fv2%2Fcategories&post=2249"},{"taxonomy":"post_tag","embeddable":true,"href":"https:\/\/jairolibreros.com\/index.php?rest_route=%2Fwp%2Fv2%2Ftags&post=2249"}],"curies":[{"name":"wp","href":"https:\/\/api.w.org\/{rel}","templated":true}]}}