{"id":2257,"date":"2023-06-02T20:47:11","date_gmt":"2023-06-02T20:47:11","guid":{"rendered":"https:\/\/jairolibreros.com\/?p=2257"},"modified":"2023-06-13T20:50:53","modified_gmt":"2023-06-13T20:50:53","slug":"que-viene-tras-la-salida-de-laura-sarabia-y-armando-benedetti","status":"publish","type":"post","link":"https:\/\/jairolibreros.com\/?p=2257","title":{"rendered":"\u00bfQu\u00e9 viene tras la salida de Laura Sarabia y Armando Benedetti?"},"content":{"rendered":"<p><span style=\"font-size: 14pt;\"><strong>\u00bfQu\u00e9 viene tras la salida de Laura Sarabia y Armando Benedetti?<\/strong><\/span><\/p>\n<p><span style=\"font-size: 14pt;\"><strong>Jairo Libreros<\/strong> profesor titular de seguridad y defensa nacional de la Universidad Externado de Colombia<\/span><\/p>\n<p><span style=\"font-size: 14pt;\"><em>El Tiempo \u00b7 02.06.2023<\/em><\/span><\/p>\n<blockquote hcb-fetch-image-from=\"https:\/\/twitter.com\/JairoLibreros\/status\/1664732914074935298?s=20\" class=\"twitter-tweet\" data-width=\"550\" data-dnt=\"true\">\n<p lang=\"es\" dir=\"ltr\">\u00bfQu\u00e9 viene tras la salida de Laura Sarabia y Armando Benedetti? Le contamos en <a href=\"https:\/\/twitter.com\/ELTIEMPO?ref_src=twsrc%5Etfw\">@eltiempo<\/a>, an\u00e1lisis con <a href=\"https:\/\/twitter.com\/JairoLibreros?ref_src=twsrc%5Etfw\">@JairoLibreros<\/a> <a href=\"https:\/\/t.co\/u8tsFpIhSU\">https:\/\/t.co\/u8tsFpIhSU<\/a><\/p>\n<p>&mdash; Jairo Libreros (@JairoLibreros) <a href=\"https:\/\/twitter.com\/JairoLibreros\/status\/1664732914074935298?ref_src=twsrc%5Etfw\">June 2, 2023<\/a><\/p><\/blockquote>\n<p><script async src=\"https:\/\/platform.twitter.com\/widgets.js\" charset=\"utf-8\"><\/script><\/p>\n<p><span style=\"font-size: 14pt;\">La gobernabilidad de la Casa de Nari\u00f1o no puede estar supeditada a investigaciones penales o disciplinarias que no est\u00e1n relacionadas con las actuaciones del presidente Gustavo Petro. En los momentos de crisis s\u00f3lo se espera grandeza, compromiso y lealtad de los servidores p\u00fablicos con el Gobierno Nacional, esto es, le corresponde a Laura Saravia como jefe de Gabinete y a Armando Benedetti como embajador dar un paso al costado: <strong>Jairo Libreros<\/strong><\/span><\/p>\n<blockquote hcb-fetch-image-from=\"https:\/\/twitter.com\/JairoLibreros\/status\/1663984443759968263?s=20\" class=\"twitter-tweet\" data-width=\"550\" data-dnt=\"true\">\n<p lang=\"es\" dir=\"ltr\">La gobernabilidad de la Casa de Nari\u00f1o no puede estar supeditada a investigaciones penales o disciplinarias que no est\u00e1n relacionadas con las actuaciones del presidente Gustavo Petro: <a href=\"https:\/\/twitter.com\/JairoLibreros?ref_src=twsrc%5Etfw\">@JairoLibreros<\/a> <a href=\"https:\/\/twitter.com\/ELTIEMPO?ref_src=twsrc%5Etfw\">@eltiempo<\/a> <a href=\"https:\/\/t.co\/H1aow3ti0E\">https:\/\/t.co\/H1aow3ti0E<\/a><\/p>\n<p>&mdash; Jairo Libreros (@JairoLibreros) <a href=\"https:\/\/twitter.com\/JairoLibreros\/status\/1663984443759968263?ref_src=twsrc%5Etfw\">May 31, 2023<\/a><\/p><\/blockquote>\n<p><script async src=\"https:\/\/platform.twitter.com\/widgets.js\" charset=\"utf-8\"><\/script><\/p>\n<p><span style=\"font-size: 14pt;\">Este episodio es una derrota pol\u00edtica para el Gobierno Nacional, porque perder\u00eda a dos altos servidores de toda su confianza y con inmensas responsabilidades administrativas. El mayor problema estar\u00eda en Caracas, en donde el embajador Benedetti logr\u00f3 en muy pocos meses crear lazos de confianza entre la Casa de Nari\u00f1o, el Palacio de Miraflores y los empresarios colombianos y venezolanos, quienes se la juegan con convicci\u00f3n por el restablecimiento de las relaciones pol\u00edticas y comerciales: <strong>Jairo Libreros<\/strong><\/span><\/p>\n<p><span style=\"font-size: 14pt;\">El link del video con el an\u00e1lisis de El Tiempo es el siguiente:<\/span><\/p>\n<p><iframe hcb-fetch-image-from=\"https:\/\/www.youtube.com\/watch?v=1apIY7FkzYQ\" title=\"\u00bfQu\u00e9 viene tras la salida de Laura Sarabia y Armando Benedetti? Le contamos | El Tiempo\" width=\"640\" height=\"360\" src=\"https:\/\/www.youtube.com\/embed\/1apIY7FkzYQ?feature=oembed\" frameborder=\"0\" allow=\"accelerometer; autoplay; clipboard-write; encrypted-media; gyroscope; picture-in-picture; web-share\" referrerpolicy=\"strict-origin-when-cross-origin\" allowfullscreen><\/iframe><\/p>\n","protected":false},"excerpt":{"rendered":"<p>\u00bfQu\u00e9 viene tras la salida de Laura Sarabia y Armando Benedetti? Jairo Libreros profesor titular de seguridad y defensa nacional de la Universidad <\/p>\n","protected":false},"author":1,"featured_media":425,"comment_status":"open","ping_status":"open","sticky":false,"template":"","format":"standard","meta":{"om_disable_all_campaigns":false,"_monsterinsights_skip_tracking":false,"_monsterinsights_sitenote_active":false,"_monsterinsights_sitenote_note":"","_monsterinsights_sitenote_category":0,"footnotes":""},"categories":[1],"tags":[54],"aioseo_notices":[],"class_list":["post-2257","post","type-post","status-publish","format-standard","has-post-thumbnail","hentry","category-jairo-libreros","tag-comunicacion-politica"],"_links":{"self":[{"href":"https:\/\/jairolibreros.com\/index.php?rest_route=\/wp\/v2\/posts\/2257"}],"collection":[{"href":"https:\/\/jairolibreros.com\/index.php?rest_route=\/wp\/v2\/posts"}],"about":[{"href":"https:\/\/jairolibreros.com\/index.php?rest_route=\/wp\/v2\/types\/post"}],"author":[{"embeddable":true,"href":"https:\/\/jairolibreros.com\/index.php?rest_route=\/wp\/v2\/users\/1"}],"replies":[{"embeddable":true,"href":"https:\/\/jairolibreros.com\/index.php?rest_route=%2Fwp%2Fv2%2Fcomments&post=2257"}],"version-history":[{"count":6,"href":"https:\/\/jairolibreros.com\/index.php?rest_route=\/wp\/v2\/posts\/2257\/revisions"}],"predecessor-version":[{"id":2277,"href":"https:\/\/jairolibreros.com\/index.php?rest_route=\/wp\/v2\/posts\/2257\/revisions\/2277"}],"wp:featuredmedia":[{"embeddable":true,"href":"https:\/\/jairolibreros.com\/index.php?rest_route=\/wp\/v2\/media\/425"}],"wp:attachment":[{"href":"https:\/\/jairolibreros.com\/index.php?rest_route=%2Fwp%2Fv2%2Fmedia&parent=2257"}],"wp:term":[{"taxonomy":"category","embeddable":true,"href":"https:\/\/jairolibreros.com\/index.php?rest_route=%2Fwp%2Fv2%2Fcategories&post=2257"},{"taxonomy":"post_tag","embeddable":true,"href":"https:\/\/jairolibreros.com\/index.php?rest_route=%2Fwp%2Fv2%2Ftags&post=2257"}],"curies":[{"name":"wp","href":"https:\/\/api.w.org\/{rel}","templated":true}]}}