{"id":2304,"date":"2023-06-22T20:50:41","date_gmt":"2023-06-22T20:50:41","guid":{"rendered":"https:\/\/jairolibreros.com\/?p=2304"},"modified":"2023-06-23T00:14:03","modified_gmt":"2023-06-23T00:14:03","slug":"que-viene-para-las-reformas-y-el-pais","status":"publish","type":"post","link":"https:\/\/jairolibreros.com\/?p=2304","title":{"rendered":"\u00bfQu\u00e9 viene para las reformas y el pa\u00eds?"},"content":{"rendered":"<p><span style=\"font-size: 14pt;\"><strong>\u00bfQu\u00e9 viene para las reformas y el pa\u00eds?<\/strong><\/span><\/p>\n<p><span style=\"font-size: 14pt;\"><strong>Jairo Libreros<\/strong> profesor titular de la Universidad Externado de Colombia<\/span><\/p>\n<blockquote hcb-fetch-image-from=\"https:\/\/twitter.com\/AlternativaCol\/status\/1672031039022047232?s=20\" class=\"twitter-tweet\" data-width=\"550\" data-dnt=\"true\">\n<p lang=\"es\" dir=\"ltr\">\ud83c\udf99\ufe0fEl presidente Petro, que estuvo en la silla de la oposici\u00f3n criticando la gesti\u00f3n de otros presidentes, celebra hoy haber disminuido 20 pts. de favorabilidad. \u00bfEst\u00e1 desconectado de la realidad?<\/p>\n<p>An\u00e1lisis completo \u27a1\ufe0f <a href=\"https:\/\/t.co\/0Kd7skd9Aa\">https:\/\/t.co\/0Kd7skd9Aa<\/a><a href=\"https:\/\/twitter.com\/HassNassar?ref_src=twsrc%5Etfw\">@HassNassar<\/a> <a href=\"https:\/\/twitter.com\/JairoLibreros?ref_src=twsrc%5Etfw\">@JairoLibreros<\/a> <a href=\"https:\/\/twitter.com\/AForeroM?ref_src=twsrc%5Etfw\">@AForeroM<\/a> <a href=\"https:\/\/t.co\/bpU1g1OoIH\">pic.twitter.com\/bpU1g1OoIH<\/a><\/p>\n<p>&mdash; Revista Alternativa (@AlternativaCol) <a href=\"https:\/\/twitter.com\/AlternativaCol\/status\/1672031039022047232?ref_src=twsrc%5Etfw\">June 22, 2023<\/a><\/p><\/blockquote>\n<p><script async src=\"https:\/\/platform.twitter.com\/widgets.js\" charset=\"utf-8\"><\/script><\/p>\n<blockquote hcb-fetch-image-from=\"https:\/\/twitter.com\/AlternativaCol\/status\/1672032969400229889?s=20\" class=\"twitter-tweet\" data-width=\"550\" data-dnt=\"true\">\n<p lang=\"es\" dir=\"ltr\">\ud83c\udf99\ufe0fEste result\u00f3 ser un gobierno que no est\u00e1 cumpliendo con sus promesas sociales. Las 3 reformas est\u00e1n en proceso de caerse y asegura un golpe de estado. Ese ha sido un autogolpe.<\/p>\n<p>El an\u00e1lisis completo: <a href=\"https:\/\/t.co\/0Kd7skd9Aa\">https:\/\/t.co\/0Kd7skd9Aa<\/a><a href=\"https:\/\/twitter.com\/HassNassar?ref_src=twsrc%5Etfw\">@HassNassar<\/a> <a href=\"https:\/\/twitter.com\/JairoLibreros?ref_src=twsrc%5Etfw\">@JairoLibreros<\/a> <a href=\"https:\/\/twitter.com\/AForeroM?ref_src=twsrc%5Etfw\">@AForeroM<\/a> <a href=\"https:\/\/t.co\/lk4wqqhmCZ\">pic.twitter.com\/lk4wqqhmCZ<\/a><\/p>\n<p>&mdash; Revista Alternativa (@AlternativaCol) <a href=\"https:\/\/twitter.com\/AlternativaCol\/status\/1672032969400229889?ref_src=twsrc%5Etfw\">June 23, 2023<\/a><\/p><\/blockquote>\n<p><script async src=\"https:\/\/platform.twitter.com\/widgets.js\" charset=\"utf-8\"><\/script><\/p>\n<blockquote hcb-fetch-image-from=\"https:\/\/twitter.com\/AlternativaCol\/status\/1672034776071524353?s=20\" class=\"twitter-tweet\" data-width=\"550\" data-dnt=\"true\">\n<p lang=\"es\" dir=\"ltr\">\ud83c\udf99\ufe0f\u00bfFue la ministra de Salud, Carolina Corcho, el Florero de Llorente? \u00bfSe provoc\u00f3 a partir de la crisis del proyecto de la salud la crisis de todas las reformas?<\/p>\n<p>El an\u00e1lisis completo: <a href=\"https:\/\/t.co\/0Kd7skd9Aa\">https:\/\/t.co\/0Kd7skd9Aa<\/a><a href=\"https:\/\/twitter.com\/HassNassar?ref_src=twsrc%5Etfw\">@HassNassar<\/a>, <a href=\"https:\/\/twitter.com\/AForeroM?ref_src=twsrc%5Etfw\">@AForeroM<\/a>, <a href=\"https:\/\/twitter.com\/JairoLibreros?ref_src=twsrc%5Etfw\">@JairoLibreros<\/a> <a href=\"https:\/\/t.co\/8SSTBWPqKG\">pic.twitter.com\/8SSTBWPqKG<\/a><\/p>\n<p>&mdash; Revista Alternativa (@AlternativaCol) <a href=\"https:\/\/twitter.com\/AlternativaCol\/status\/1672034776071524353?ref_src=twsrc%5Etfw\">June 23, 2023<\/a><\/p><\/blockquote>\n<p><script async src=\"https:\/\/platform.twitter.com\/widgets.js\" charset=\"utf-8\"><\/script><\/p>\n<p><span style=\"font-size: 14pt;\"><em>Redacci\u00f3n Revista \u00b7 Alternativa 22.06.2023<\/em><\/span><\/p>\n<p class=\"p1\"><span style=\"font-size: 14pt;\">El presidente Petro celebra su descalabro en encuestas y hasta dice que podr\u00eda ser reelegido mientras el pa\u00eds ve como en el Congreso el balance de su administraci\u00f3n fue un total desastre. \u00bfQu\u00e9 pasa con el Gobierno y con el Pa\u00eds? Hablan: el congresista Andr\u00e9s Forero y <b>el profesor y analista Jairo Libreros.<\/b><\/span><\/p>\n<blockquote hcb-fetch-image-from=\"https:\/\/twitter.com\/HassNassar\/status\/1672012091710947328?s=20\" class=\"twitter-tweet\" data-width=\"550\" data-dnt=\"true\">\n<p lang=\"es\" dir=\"ltr\">El an\u00e1lisis de <a href=\"https:\/\/twitter.com\/JairoLibreros?ref_src=twsrc%5Etfw\">@JairoLibreros<\/a> y <a href=\"https:\/\/twitter.com\/AForeroM?ref_src=twsrc%5Etfw\">@AForeroM<\/a> v\u00eda <a href=\"https:\/\/twitter.com\/AlternativaCol?ref_src=twsrc%5Etfw\">@AlternativaCol<\/a> <a href=\"https:\/\/t.co\/a6TJgdvKyA\">https:\/\/t.co\/a6TJgdvKyA<\/a> <a href=\"https:\/\/t.co\/GD7HEh2X9r\">https:\/\/t.co\/GD7HEh2X9r<\/a> <a href=\"https:\/\/t.co\/Em833SMkIR\">pic.twitter.com\/Em833SMkIR<\/a><\/p>\n<p>&mdash; Hassan Nassar (@HassNassar) <a href=\"https:\/\/twitter.com\/HassNassar\/status\/1672012091710947328?ref_src=twsrc%5Etfw\">June 22, 2023<\/a><\/p><\/blockquote>\n<p><script async src=\"https:\/\/platform.twitter.com\/widgets.js\" charset=\"utf-8\"><\/script><\/p>\n<blockquote hcb-fetch-image-from=\"https:\/\/twitter.com\/AlternativaCol\/status\/1671944468977647621?s=20\" class=\"twitter-tweet\" data-width=\"550\" data-dnt=\"true\">\n<p lang=\"es\" dir=\"ltr\">\ud83c\udf99\ufe0f<a href=\"https:\/\/twitter.com\/hashtag\/BarridoAlternativa?src=hash&amp;ref_src=twsrc%5Etfw\">#BarridoAlternativa<\/a>: \u00bfQu\u00e9 viene para las Reformas y el pa\u00eds? \u00bfPor qu\u00e9 celebra Petro haber perdido favorabilidad? \u00bfGanar\u00eda Petro hoy si hubiesen nuevas elecciones?  <a href=\"https:\/\/twitter.com\/HassNassar?ref_src=twsrc%5Etfw\">@HassNassar<\/a>, <a href=\"https:\/\/twitter.com\/JairoLibreros?ref_src=twsrc%5Etfw\">@JairoLibreros<\/a>, <a href=\"https:\/\/twitter.com\/AForeroM?ref_src=twsrc%5Etfw\">@AForeroM<\/a> <\/p>\n<p>Video completo: <a href=\"https:\/\/t.co\/wgD6dhL7qE\">https:\/\/t.co\/wgD6dhL7qE<\/a> <a href=\"https:\/\/t.co\/lwfHafzTJY\">pic.twitter.com\/lwfHafzTJY<\/a><\/p>\n<p>&mdash; Revista Alternativa (@AlternativaCol) <a href=\"https:\/\/twitter.com\/AlternativaCol\/status\/1671944468977647621?ref_src=twsrc%5Etfw\">June 22, 2023<\/a><\/p><\/blockquote>\n<p><script async src=\"https:\/\/platform.twitter.com\/widgets.js\" charset=\"utf-8\"><\/script><\/p>\n<blockquote hcb-fetch-image-from=\"https:\/\/twitter.com\/JairoLibreros\/status\/1671982583062601753?s=20\" class=\"twitter-tweet\" data-width=\"550\" data-dnt=\"true\">\n<p lang=\"es\" dir=\"ltr\">\u00bfQu\u00e9 viene para las Reformas y el pa\u00eds? <a href=\"https:\/\/twitter.com\/AForeroM?ref_src=twsrc%5Etfw\">@AForeroM<\/a> y <a href=\"https:\/\/twitter.com\/JairoLibreros?ref_src=twsrc%5Etfw\">@JairoLibreros<\/a> <a href=\"https:\/\/twitter.com\/HassNassar?ref_src=twsrc%5Etfw\">@HassNassar<\/a> <a href=\"https:\/\/twitter.com\/AlternativaCol?ref_src=twsrc%5Etfw\">@AlternativaCol<\/a> <a href=\"https:\/\/t.co\/aeoVao9Nxg\">https:\/\/t.co\/aeoVao9Nxg<\/a><\/p>\n<p>&mdash; Jairo Libreros (@JairoLibreros) <a href=\"https:\/\/twitter.com\/JairoLibreros\/status\/1671982583062601753?ref_src=twsrc%5Etfw\">June 22, 2023<\/a><\/p><\/blockquote>\n<p><script async src=\"https:\/\/platform.twitter.com\/widgets.js\" charset=\"utf-8\"><\/script><\/p>\n<p><span style=\"font-size: 14pt;\">El link del video con el an\u00e1lisis en Revista Alternativa es el siguiente:<\/span><\/p>\n<p><iframe hcb-fetch-image-from=\"https:\/\/www.youtube.com\/watch?v=HEeEuQe5fCw\" title=\"\ud83d\udd34En Vivo| \u00bfQu\u00e9 viene para las Reformas y el pa\u00eds? @AForeroM y @JairoLibreros #BarridoAlternativa\" width=\"640\" height=\"360\" src=\"https:\/\/www.youtube.com\/embed\/HEeEuQe5fCw?feature=oembed\" frameborder=\"0\" allow=\"accelerometer; autoplay; clipboard-write; encrypted-media; gyroscope; picture-in-picture; web-share\" referrerpolicy=\"strict-origin-when-cross-origin\" allowfullscreen><\/iframe><\/p>\n","protected":false},"excerpt":{"rendered":"<p>\u00bfQu\u00e9 viene para las reformas y el pa\u00eds? Jairo Libreros profesor titular de la Universidad Externado de Colombia \ud83c\udf99\ufe0fEl presidente Petro, que estuvo <\/p>\n","protected":false},"author":1,"featured_media":425,"comment_status":"open","ping_status":"open","sticky":false,"template":"","format":"standard","meta":{"om_disable_all_campaigns":false,"_monsterinsights_skip_tracking":false,"_monsterinsights_sitenote_active":false,"_monsterinsights_sitenote_note":"","_monsterinsights_sitenote_category":0,"footnotes":""},"categories":[1],"tags":[44,37,53],"aioseo_notices":[],"class_list":["post-2304","post","type-post","status-publish","format-standard","has-post-thumbnail","hentry","category-jairo-libreros","tag-elecciones","tag-movilizacion-social","tag-politicas-publicas"],"_links":{"self":[{"href":"https:\/\/jairolibreros.com\/index.php?rest_route=\/wp\/v2\/posts\/2304"}],"collection":[{"href":"https:\/\/jairolibreros.com\/index.php?rest_route=\/wp\/v2\/posts"}],"about":[{"href":"https:\/\/jairolibreros.com\/index.php?rest_route=\/wp\/v2\/types\/post"}],"author":[{"embeddable":true,"href":"https:\/\/jairolibreros.com\/index.php?rest_route=\/wp\/v2\/users\/1"}],"replies":[{"embeddable":true,"href":"https:\/\/jairolibreros.com\/index.php?rest_route=%2Fwp%2Fv2%2Fcomments&post=2304"}],"version-history":[{"count":6,"href":"https:\/\/jairolibreros.com\/index.php?rest_route=\/wp\/v2\/posts\/2304\/revisions"}],"predecessor-version":[{"id":2310,"href":"https:\/\/jairolibreros.com\/index.php?rest_route=\/wp\/v2\/posts\/2304\/revisions\/2310"}],"wp:featuredmedia":[{"embeddable":true,"href":"https:\/\/jairolibreros.com\/index.php?rest_route=\/wp\/v2\/media\/425"}],"wp:attachment":[{"href":"https:\/\/jairolibreros.com\/index.php?rest_route=%2Fwp%2Fv2%2Fmedia&parent=2304"}],"wp:term":[{"taxonomy":"category","embeddable":true,"href":"https:\/\/jairolibreros.com\/index.php?rest_route=%2Fwp%2Fv2%2Fcategories&post=2304"},{"taxonomy":"post_tag","embeddable":true,"href":"https:\/\/jairolibreros.com\/index.php?rest_route=%2Fwp%2Fv2%2Ftags&post=2304"}],"curies":[{"name":"wp","href":"https:\/\/api.w.org\/{rel}","templated":true}]}}