{"id":2330,"date":"2023-07-08T13:05:57","date_gmt":"2023-07-08T13:05:57","guid":{"rendered":"https:\/\/jairolibreros.com\/?p=2330"},"modified":"2023-07-09T11:11:50","modified_gmt":"2023-07-09T11:11:50","slug":"servicios-de-policia-distritales","status":"publish","type":"post","link":"https:\/\/jairolibreros.com\/?p=2330","title":{"rendered":"Servicios de polic\u00eda distritales"},"content":{"rendered":"<p><span style=\"font-size: 14pt;\"><strong>Servicios de polic\u00eda distritales<\/strong><\/span><\/p>\n<p><span style=\"font-size: 14pt;\"><strong>Jairo Libreros<\/strong> profesor titular de seguridad y defensa nacional de la Universidad Externado de Colombia<\/span><\/p>\n<p><span style=\"font-size: 14pt;\"><em>El Tiempo \u00b7 09.07.2023<\/em><\/span><\/p>\n<blockquote hcb-fetch-image-from=\"https:\/\/twitter.com\/JairoLibreros\/status\/1677898060624543745?s=20\" class=\"twitter-tweet\" data-width=\"550\" data-dnt=\"true\">\n<p lang=\"es\" dir=\"ltr\">Polic\u00eda local en las capitales: \u00bfuna iniciativa con futuro? <a href=\"https:\/\/t.co\/7PPU7l0kNo\">https:\/\/t.co\/7PPU7l0kNo<\/a><\/p>\n<p>&mdash; Jairo Libreros (@JairoLibreros) <a href=\"https:\/\/twitter.com\/JairoLibreros\/status\/1677898060624543745?ref_src=twsrc%5Etfw\">July 9, 2023<\/a><\/p><\/blockquote>\n<p><script async src=\"https:\/\/platform.twitter.com\/widgets.js\" charset=\"utf-8\"><\/script><\/p>\n<p><span style=\"font-size: 14pt;\">El arreglo institucional establecido en la Constituci\u00f3n Pol\u00edtica entre alcaldes y la Polic\u00eda Nacional fracas\u00f3. El mandato constitucional que le asigna a los alcaldes la condici\u00f3n de primera autoridad de polic\u00eda en su municipio o distrito es simplemente un saludo a la bandera. Es una frase sin sentido pol\u00edtico ni contenido operacional.<\/span><\/p>\n<p><span style=\"font-size: 14pt;\">Sin excepci\u00f3n, todos los comandantes locales de la polic\u00eda en los municipios y distritos del pa\u00eds no siguen las ordenes o instrucciones que imparten los alcaldes y las alcaldesa del pa\u00eds. Si Claudia L\u00f3pez se queja sobre la relaci\u00f3n de direcci\u00f3n, conducci\u00f3n y subordinaci\u00f3n con la polic\u00eda en Bogot\u00e1, los desencuentros en el resto de municipios del pa\u00eds son m\u00e1s evidentes y problem\u00e1ticos.<\/span><\/p>\n<p><span style=\"font-size: 14pt;\">A nivel internacional est\u00e1 claro que los servicios de polic\u00eda nacionales son eficientes en el cumplimiento de su funci\u00f3n de polic\u00eda judicial, que en \u00faltima instancia se traduce en la lucha contra el crimen organizado. Pero en la funci\u00f3n de vigilar el espacio p\u00fablico para garantizar la convivencia y seguridad ciudadana sus resultados son mediocres, por decir lo menos, tal como ocurre en Colombia.<\/span><\/p>\n<p><span style=\"font-size: 14pt;\">En cambio las experiencias internacionales relacionadas con los servicios de polic\u00eda locales demuestran que estos son m\u00e1s eficientes en las tareas de vigilancia del espacio p\u00fablico, y por ende, de la convivencia y seguridad ciudadana.<\/span><\/p>\n<p><span style=\"font-size: 14pt;\">Y es en este punto donde surge la viabilidad de reformar la Constituci\u00f3n para crear servicios de polic\u00eda que se encarguen de garantizar la convivencia y seguridad ciudadana en los distritos del pa\u00eds.<\/span><\/p>\n<p><span style=\"font-size: 14pt;\">La iniciativa de los alcaldes distritales es viable. Por pol\u00e9mica que pueda resultar se puede tramitar e impulsar en el Congreso, y de ser aprobada bajo lineamientos t\u00e9cnicos, garantizar\u00eda que los alcaldes asuman por primera vez desde 1991 su funci\u00f3n de primera autoridad de polic\u00eda.<\/span><\/p>\n<p><span style=\"font-size: 14pt;\">Por \u00faltimo, el pie de fuerza policial depender\u00eda de la capacidad financiera y fiscal de la entidad territorial en donde quede habilitada, y no de los caprichos del ministro de Defensa o del presidente de turno. Y el alcalde asumir\u00eda realmente la responsabilidad pol\u00edtica por el \u00e9xito o fracaso de la pol\u00edtica de seguridad ciudadana en su distrito.<\/span><\/p>\n<p><span style=\"font-size: 14pt;\">El link con mi an\u00e1lisis en El Tiempo:<\/span><\/p>\n<p><span style=\"font-size: 14pt;\"><span style=\"text-decoration: underline;\"><a href=\"https:\/\/www.eltiempo.com\/politica\/gobierno\/policia-local-en-las-capitales-una-iniciativa-con-futuro-784511\">https:\/\/www.eltiempo.com\/politica\/gobierno\/policia-local-en-las-capitales-una-iniciativa-con-futuro-784511<\/a><\/span>\u00a0<\/span><\/p>\n","protected":false},"excerpt":{"rendered":"<p>Servicios de polic\u00eda distritales Jairo Libreros profesor titular de seguridad y defensa nacional de la Universidad Externado de Colombia El Tiempo \u00b7 09.07.2023 <\/p>\n","protected":false},"author":1,"featured_media":425,"comment_status":"open","ping_status":"open","sticky":false,"template":"","format":"standard","meta":{"om_disable_all_campaigns":false,"_monsterinsights_skip_tracking":false,"_monsterinsights_sitenote_active":false,"_monsterinsights_sitenote_note":"","_monsterinsights_sitenote_category":0,"footnotes":""},"categories":[1],"tags":[53,39],"aioseo_notices":[],"class_list":["post-2330","post","type-post","status-publish","format-standard","has-post-thumbnail","hentry","category-jairo-libreros","tag-politicas-publicas","tag-seguridad-ciudadana"],"_links":{"self":[{"href":"https:\/\/jairolibreros.com\/index.php?rest_route=\/wp\/v2\/posts\/2330"}],"collection":[{"href":"https:\/\/jairolibreros.com\/index.php?rest_route=\/wp\/v2\/posts"}],"about":[{"href":"https:\/\/jairolibreros.com\/index.php?rest_route=\/wp\/v2\/types\/post"}],"author":[{"embeddable":true,"href":"https:\/\/jairolibreros.com\/index.php?rest_route=\/wp\/v2\/users\/1"}],"replies":[{"embeddable":true,"href":"https:\/\/jairolibreros.com\/index.php?rest_route=%2Fwp%2Fv2%2Fcomments&post=2330"}],"version-history":[{"count":7,"href":"https:\/\/jairolibreros.com\/index.php?rest_route=\/wp\/v2\/posts\/2330\/revisions"}],"predecessor-version":[{"id":2346,"href":"https:\/\/jairolibreros.com\/index.php?rest_route=\/wp\/v2\/posts\/2330\/revisions\/2346"}],"wp:featuredmedia":[{"embeddable":true,"href":"https:\/\/jairolibreros.com\/index.php?rest_route=\/wp\/v2\/media\/425"}],"wp:attachment":[{"href":"https:\/\/jairolibreros.com\/index.php?rest_route=%2Fwp%2Fv2%2Fmedia&parent=2330"}],"wp:term":[{"taxonomy":"category","embeddable":true,"href":"https:\/\/jairolibreros.com\/index.php?rest_route=%2Fwp%2Fv2%2Fcategories&post=2330"},{"taxonomy":"post_tag","embeddable":true,"href":"https:\/\/jairolibreros.com\/index.php?rest_route=%2Fwp%2Fv2%2Ftags&post=2330"}],"curies":[{"name":"wp","href":"https:\/\/api.w.org\/{rel}","templated":true}]}}