{"id":2349,"date":"2023-07-20T20:47:29","date_gmt":"2023-07-20T20:47:29","guid":{"rendered":"https:\/\/jairolibreros.com\/?p=2349"},"modified":"2023-07-20T20:57:38","modified_gmt":"2023-07-20T20:57:38","slug":"lograra-el-presidente-petro-recomponer-la-coalicion-de-gobierno-esta-nueva-legislatura","status":"publish","type":"post","link":"https:\/\/jairolibreros.com\/?p=2349","title":{"rendered":"\u00bfLograr\u00e1 el presidente Petro recomponer la coalici\u00f3n de Gobierno en esta nueva legislatura?"},"content":{"rendered":"<p><span style=\"font-size: 14pt;\"><strong>\u00bfLograr\u00e1 el presidente Petro recomponer la coalici\u00f3n de Gobierno en esta nueva legislatura?<\/strong><\/span><\/p>\n<p><span style=\"font-size: 14pt;\"><strong>Jairo Libreros<\/strong> panelista Hora20 de Caracol Radio<\/span><\/p>\n<blockquote hcb-fetch-image-from=\"https:\/\/twitter.com\/JairoLibreros\/status\/1682129794744438787?s=20\" class=\"twitter-tweet\" data-width=\"550\" data-dnt=\"true\">\n<p lang=\"es\" dir=\"ltr\">Este 20 de julio inicia la segunda legislatura del Gobierno de Gustavo Petro. Consultamos con analistas cu\u00e1l es el panorama en el Congreso: <a href=\"https:\/\/twitter.com\/JairoLibreros?ref_src=twsrc%5Etfw\">@JairoLibreros<\/a> <a href=\"https:\/\/twitter.com\/CaracolRadio?ref_src=twsrc%5Etfw\">@caracolradio<\/a> <a href=\"https:\/\/t.co\/x2xWzLVl8m\">https:\/\/t.co\/x2xWzLVl8m<\/a><\/p>\n<p>&mdash; Jairo Libreros (@JairoLibreros) <a href=\"https:\/\/twitter.com\/JairoLibreros\/status\/1682129794744438787?ref_src=twsrc%5Etfw\">July 20, 2023<\/a><\/p><\/blockquote>\n<p><script async src=\"https:\/\/platform.twitter.com\/widgets.js\" charset=\"utf-8\"><\/script><\/p>\n<p class=\"p1\" style=\"text-align: center;\"><span style=\"font-size: 14pt;\"><strong>Este 20 de julio inicia la segunda legislatura del Gobierno de Gustavo Petro. Consultamos con analistas cu\u00e1l es el panorama en el Congreso<\/strong><\/span><\/p>\n<p><span style=\"font-size: 14pt;\"><em>Redacci\u00f3n Caracol Radio \u00b7 Mar\u00eda Paula Pineda \u00b7 20.07.2023<\/em><\/span><\/p>\n<p class=\"p1\"><span style=\"font-size: 14pt;\">La primera legislatura del gobierno de Gustavo Petro estuvo marcada por el remez\u00f3n ministerial, la ruptura de la coalici\u00f3n y la falta de consensos para sacar adelante las reformas sociales en el legislativo. De acuerdo con analistas, en esta nueva legislatura, las elecciones regionales ser\u00e1n la prioridad, por lo que ser\u00e1 m\u00e1s complejo para el presidente recomponer la coalici\u00f3n.<\/span><\/p>\n<p class=\"p1\"><span style=\"font-size: 14pt;\">Para Mauricio Jaramillo, profesor de la Facultad de Estudios Internacionales Pol\u00edticos y Urbanos de la Universidad del Rosario, el mandatario enfrenta un panorama complejo debido a que el gobierno est\u00e1, seg\u00fan \u00e9l, desgastado de un lado por el tr\u00e1mite de sus reformas sociales y del otro, por la escasa capacidad que tendr\u00eda para entablar consensos en legislativo.<\/span><\/p>\n<p class=\"p1\"><span style=\"font-size: 14pt;\">\u201cYo creo que la va a recomponer, a los partidos tambi\u00e9n les interesa, es decir no solamente el gobierno gana cuando recompone la coalici\u00f3n de cara a una nueva legislatura, sino que adem\u00e1s de eso, los partidos tambi\u00e9n ganan porque para los partidos tambi\u00e9n es importante estar ah\u00ed como autores de reformas. Si el d\u00eda de ma\u00f1ana la reforma laboral, pensiones, o salud es un \u00e9xito, pues obviamente los partidos tambi\u00e9n sacan pecho y eso, en un momento en que los partidos est\u00e1n tan desacreditados de cara a la poblaci\u00f3n, les sirve mucho. Entonces, a mi juicio, lo va a recomponer sin duda alguna, la pregunta es si le va a alcanzar para lograr aprobar esas reformas en el congreso\u201d.<\/span><\/p>\n<p class=\"p1\"><span style=\"font-size: 14pt;\">De otro lado, para <strong>Jairo Libreros<\/strong>, <strong>consultor y analista pol\u00edtico<\/strong>, recomponer la coalici\u00f3n de gobierno ser\u00e1 una tarea casi imposible para el presidente Petro por lo que, en principio, debe entablar consensos con los partidos.<\/span><\/p>\n<p class=\"p1\"><span style=\"font-size: 14pt;\">\u201c<b>Antes de pensar en recomponer la coalici\u00f3n, Gustavo Petro tiene que pensar es en crear consensos. El tema de la reforma a la salud no logra crear unos m\u00ednimos que permitan garantizar un tr\u00e1mite m\u00e1s tranquilo, el Partido Liberal ya anunci\u00f3 que el 20 de julio presenta un proyecto de ley estatutaria para reformar el tema de salud p\u00fablica, el Partido de La U est\u00e1 en lo mismo, el Partido Conservador tambi\u00e9n. Sin ir hacia el tema de la reforma laboral o el tema de la reforma pensional tampoco hay consensos, dif\u00edcilmente se va a crear un nuevo espacio para coaliciones, se le acaba de enredar el tema de la reforma a la educaci\u00f3n, no va a ser f\u00e1cil por este motivo<\/b>\u201d.<\/span><\/p>\n<p class=\"p1\"><span style=\"font-size: 14pt;\"><strong>Adem\u00e1s<\/strong>, asegur\u00f3 que el primer periodo de la segunda legislatura coincide con el periodo electoral, de modo que ser\u00e1 m\u00e1s complejo para el presidente recomponer la coalici\u00f3n y conseguir que salgan adelante los proyectos propuestos.<\/span><\/p>\n<p class=\"p1\"><span style=\"font-size: 14pt;\">\u201c<b>Desde este punto de vista durante este primer periodo de la segunda legislatura no van a avanzar los proyectos de ley. Lo que yo veo es que seguramente va a ser un periodo caracterizado por muchos enfrentamientos, quiz\u00e1s m\u00e1s radicales que los que se dieron en la primera legislatura<\/b>\u201d.<\/span><\/p>\n<p class=\"p1\"><span style=\"font-size: 14pt;\">As\u00ed mismo, para Mauricio Vel\u00e1squez, profesor de la Escuela de Gobierno de la Universidad de los Andes, la polarizaci\u00f3n ocasionada por las elecciones regionales va en contrav\u00eda de la conciliaci\u00f3n que se requiere en el Congreso para reconstruir la coalici\u00f3n.<\/span><\/p>\n<p class=\"p1\"><span style=\"font-size: 14pt;\">\u201cEl tono de las elecciones regionales cada vez parece m\u00e1s polarizado y eso va en contrav\u00eda de, precisamente, el tono de conciliaci\u00f3n que se necesita para reconstruir la coalici\u00f3n de gobierno. Entonces uno imaginaria un escenario en que cualquiera de las partes que tenga un tono de moderaci\u00f3n en el legislativo puede ser le\u00eddo por la contraparte como pate de su debilidad frente a las elecciones regionales y entonces dar el primer paso representa un riesgo muy alto. Eso es un t\u00edpico dilema del prisionero en el que ambas partes se beneficiar\u00edan de cooperar, pero el riesgo de ser traicionadas es demasiado alto, entonces yo imaginaria que no se va a recomponer la coalici\u00f3n de gobierno y todo el semestre se va a jugar en funci\u00f3n de esas elecciones regionales\u201d.<\/span><\/p>\n<p class=\"p1\"><span style=\"font-size: 14pt;\">Este 20 de julio inicia la segunda legislatura del gobierno de Gustavo Petro en la que se espera seguir adelante con el tr\u00e1mite de proyectos clave para el gobierno y, adem\u00e1s, contar\u00e1 con nuevas presidencias de Senado y C\u00e1mara.<\/span><\/p>\n<p class=\"p1\"><span style=\"font-size: 14pt;\">El audio de mi an\u00e1lisis es el siguiente:<\/span><\/p>\n<!--[if lt IE 9]><script>document.createElement('audio');<\/script><![endif]-->\n<audio class=\"wp-audio-shortcode\" id=\"audio-2349-1\" preload=\"none\" style=\"width: 100%;\" controls=\"controls\"><source type=\"audio\/mpeg\" src=\"https:\/\/jairolibreros.com\/wp-content\/uploads\/2023\/07\/Jairo-Libreros.-Caracol-Radio.-20.07.2023.m4a?_=1\" \/><a href=\"https:\/\/jairolibreros.com\/wp-content\/uploads\/2023\/07\/Jairo-Libreros.-Caracol-Radio.-20.07.2023.m4a\">https:\/\/jairolibreros.com\/wp-content\/uploads\/2023\/07\/Jairo-Libreros.-Caracol-Radio.-20.07.2023.m4a<\/a><\/audio>\n<p><span style=\"font-size: 14pt;\"><span style=\"text-decoration: underline;\"><a href=\"https:\/\/caracol.com.co\/2023\/07\/19\/lograra-el-presidente-petro-recomponer-la-coalicion-de-gobierno-esta-nueva-legislatura\/?rel=buscador_noticias\">https:\/\/caracol.com.co\/2023\/07\/19\/lograra-el-presidente-petro-recomponer-la-coalicion-de-gobierno-esta-nueva-legislatura\/?rel=buscador_noticias<\/a><\/span>\u00a0<\/span><\/p>\n","protected":false},"excerpt":{"rendered":"<p>\u00bfLograr\u00e1 el presidente Petro recomponer la coalici\u00f3n de Gobierno en esta nueva legislatura? Jairo Libreros panelista Hora20 de Caracol Radio Este 20 de <\/p>\n","protected":false},"author":1,"featured_media":428,"comment_status":"open","ping_status":"open","sticky":false,"template":"","format":"standard","meta":{"om_disable_all_campaigns":false,"_monsterinsights_skip_tracking":false,"_monsterinsights_sitenote_active":false,"_monsterinsights_sitenote_note":"","_monsterinsights_sitenote_category":0,"footnotes":""},"categories":[1],"tags":[44,53],"aioseo_notices":[],"class_list":["post-2349","post","type-post","status-publish","format-standard","has-post-thumbnail","hentry","category-jairo-libreros","tag-elecciones","tag-politicas-publicas"],"_links":{"self":[{"href":"https:\/\/jairolibreros.com\/index.php?rest_route=\/wp\/v2\/posts\/2349"}],"collection":[{"href":"https:\/\/jairolibreros.com\/index.php?rest_route=\/wp\/v2\/posts"}],"about":[{"href":"https:\/\/jairolibreros.com\/index.php?rest_route=\/wp\/v2\/types\/post"}],"author":[{"embeddable":true,"href":"https:\/\/jairolibreros.com\/index.php?rest_route=\/wp\/v2\/users\/1"}],"replies":[{"embeddable":true,"href":"https:\/\/jairolibreros.com\/index.php?rest_route=%2Fwp%2Fv2%2Fcomments&post=2349"}],"version-history":[{"count":2,"href":"https:\/\/jairolibreros.com\/index.php?rest_route=\/wp\/v2\/posts\/2349\/revisions"}],"predecessor-version":[{"id":2352,"href":"https:\/\/jairolibreros.com\/index.php?rest_route=\/wp\/v2\/posts\/2349\/revisions\/2352"}],"wp:featuredmedia":[{"embeddable":true,"href":"https:\/\/jairolibreros.com\/index.php?rest_route=\/wp\/v2\/media\/428"}],"wp:attachment":[{"href":"https:\/\/jairolibreros.com\/index.php?rest_route=%2Fwp%2Fv2%2Fmedia&parent=2349"}],"wp:term":[{"taxonomy":"category","embeddable":true,"href":"https:\/\/jairolibreros.com\/index.php?rest_route=%2Fwp%2Fv2%2Fcategories&post=2349"},{"taxonomy":"post_tag","embeddable":true,"href":"https:\/\/jairolibreros.com\/index.php?rest_route=%2Fwp%2Fv2%2Ftags&post=2349"}],"curies":[{"name":"wp","href":"https:\/\/api.w.org\/{rel}","templated":true}]}}