{"id":2406,"date":"2023-08-17T11:45:29","date_gmt":"2023-08-17T11:45:29","guid":{"rendered":"https:\/\/jairolibreros.com\/?p=2406"},"modified":"2025-09-06T22:21:39","modified_gmt":"2025-09-06T22:21:39","slug":"paz-total-hay-alguna-forma-de-corregir-el-camino","status":"publish","type":"post","link":"https:\/\/jairolibreros.com\/?p=2406","title":{"rendered":"Paz total, \u00bfhay alguna forma de corregir el camino?"},"content":{"rendered":"<p><span style=\"font-size: 14pt;\"><strong>Paz total, \u00bfhay alguna forma de corregir el camino?<\/strong><\/span><\/p>\n<p style=\"text-align: left;\"><span style=\"font-size: 14pt;\"><strong>Jairo Libreros<\/strong> panelista Hora20 de Caracol Radio<\/span><\/p>\n<p class=\"p1\" style=\"text-align: center;\"><strong><span style=\"font-size: 14pt;\">Panelistas consideran que esta idea tiene avances positivos como el cese con el Eln, pero aseguran que debe haber cambio en pol\u00edtica en seguridad, estrategia militar e inteligencia<\/span><\/strong><\/p>\n<blockquote hcb-fetch-image-from=\"https:\/\/twitter.com\/Hora20\/status\/1691225514986311680?s=20\" class=\"twitter-tweet\" data-width=\"550\" data-dnt=\"true\">\n<p lang=\"es\" dir=\"ltr\"><a href=\"https:\/\/twitter.com\/hashtag\/Hora20?src=hash&amp;ref_src=twsrc%5Etfw\">#Hora20<\/a> | No se pierda esta noche:<\/p>\n<p>Las se\u00f1ales de la paz total e irregularidades de la financiaci\u00f3n de la campa\u00f1a presidencial<\/p>\n<p>Con: <a href=\"https:\/\/twitter.com\/MabelLaraNews?ref_src=twsrc%5Etfw\">@MabelLaraNews<\/a> , <a href=\"https:\/\/twitter.com\/JairoLibreros?ref_src=twsrc%5Etfw\">@JairoLibreros<\/a>, <a href=\"https:\/\/twitter.com\/AlfreMondragon?ref_src=twsrc%5Etfw\">@AlfreMondragon<\/a>  y <a href=\"https:\/\/twitter.com\/rpombocajiao?ref_src=twsrc%5Etfw\">@rpombocajiao<\/a> <\/p>\n<p>Dirige y conduce: <a href=\"https:\/\/twitter.com\/DianaCalderonF?ref_src=twsrc%5Etfw\">@DianaCalderonF<\/a><\/p>\n<p>Esc\u00fachenos en Caracol Radio a las 7:50 p.m. <a href=\"https:\/\/t.co\/Gj90TiJ1uk\">pic.twitter.com\/Gj90TiJ1uk<\/a><\/p>\n<p>&mdash; Hora 20 (@Hora20) <a href=\"https:\/\/twitter.com\/Hora20\/status\/1691225514986311680?ref_src=twsrc%5Etfw\">August 14, 2023<\/a><\/p><\/blockquote>\n<p><script async src=\"https:\/\/platform.twitter.com\/widgets.js\" charset=\"utf-8\"><\/script><\/p>\n<p><span style=\"font-size: 14pt;\"><em>Redacci\u00f3n Hora20 \u00b7 Nicol\u00e1s Llano\u00b7 Hora 2023, episodio 2 \u00b7 14.08.2023<\/em><\/span><\/p>\n<p class=\"p1\"><span style=\"font-size: 14pt;\">En Hora20 el an\u00e1lisis a los hechos de coyuntura del pa\u00eds con las se\u00f1ales que da la paz total, pues mientras se da inicio al cuarto ciclo de negociaciones con el Eln en Caracas, las disidencias de Iv\u00e1n Mordisco cometen atentados en el Cauca; se analiz\u00f3 el panorama, la respuesta de un nuevo consejo de seguridad y el reclamo que hacen los gobernadores al presidente Petro. Despu\u00e9s una mirada a una nueva pol\u00e9mica que empa\u00f1a la campa\u00f1a de Petro a la presidencia, las repuestas del mandatario y las dudas que quedan sobre los apoyos durante la contienda.<\/span><\/p>\n<blockquote hcb-fetch-image-from=\"https:\/\/twitter.com\/Hora20\/status\/1691257330933850112?s=20\" class=\"twitter-tweet\" data-width=\"550\" data-dnt=\"true\">\n<p lang=\"es\" dir=\"ltr\"><a href=\"https:\/\/twitter.com\/hashtag\/Hora20?src=hash&amp;ref_src=twsrc%5Etfw\">#Hora20<\/a> | \u201cSi la polic\u00eda no respeta a la alcaldesa de Bogot\u00e1-  que es de la ciudad que m\u00e1s contribuye en presupuesto a la Fuerza P\u00fablica-se imagina lo que ocurre con las autoridades locales en Cauca\u201d <a href=\"https:\/\/twitter.com\/JairoLibreros?ref_src=twsrc%5Etfw\">@JairoLibreros<\/a>\u25b6\ufe0f <a href=\"https:\/\/t.co\/TSfOYE597O\">https:\/\/t.co\/TSfOYE597O<\/a> <a href=\"https:\/\/t.co\/HfiKg7WXFP\">pic.twitter.com\/HfiKg7WXFP<\/a><\/p>\n<p>&mdash; Hora 20 (@Hora20) <a href=\"https:\/\/twitter.com\/Hora20\/status\/1691257330933850112?ref_src=twsrc%5Etfw\">August 15, 2023<\/a><\/p><\/blockquote>\n<p><script async src=\"https:\/\/platform.twitter.com\/widgets.js\" charset=\"utf-8\"><\/script><\/p>\n<p class=\"p1\"><span style=\"font-size: 14pt;\">Argelia, Buenos Aires y Morales son municipios del Cauca que cada semana escuchamos por cuenta de la violencia que se vive, lugares donde organizaciones como el Estado Mayor Central han sembrado el terror. Tal como ocurri\u00f3 esta semana con la emboscada en la que el s\u00e1bado murieron cuatro soldados en Morales, mientras que el domingo un sargento muri\u00f3 en zona rural de Buenos Aires tras un atentado con carrobomba. Ambos actos fueron reconocidos por el frente Jaime Mart\u00ednez de las disidencias de Iv\u00e1n Mordisco, quienes aseguran no est\u00e1n en cese, mientras que el ministro de Defensa dice que no ceder\u00e1n a la persecuci\u00f3n, que se busca presionar para que se d\u00e9 un cese al fuego y que la Fuerza P\u00fablica debe copar todo el norte del Cauca. No obstante, todo esto se da en medio de las supuestas intenciones de paz y del pronto inicio del di\u00e1logo con el gobierno nacional, pues desde julio cuando se anunciaron equipos negociadores se preparan para dar inicio a las conversaciones.<\/span><\/p>\n<blockquote hcb-fetch-image-from=\"https:\/\/twitter.com\/Hora20\/status\/1691260424560271360?s=20\" class=\"twitter-tweet\" data-width=\"550\" data-dnt=\"true\">\n<p lang=\"es\" dir=\"ltr\"><a href=\"https:\/\/twitter.com\/hashtag\/Hora20?src=hash&amp;ref_src=twsrc%5Etfw\">#Hora20<\/a> | \u201cLa apreciaci\u00f3n del ministro Vel\u00e1squez no corresponde con la realidad. El territorio no se recupera con presencia militar si no act\u00faa, al Cauca y al Catatumbo no le cabe un soldado m\u00e1s\u201d <a href=\"https:\/\/twitter.com\/JairoLibreros?ref_src=twsrc%5Etfw\">@JairoLibreros<\/a>\u25b6\ufe0f <a href=\"https:\/\/t.co\/TSfOYE597O\">https:\/\/t.co\/TSfOYE597O<\/a> <a href=\"https:\/\/t.co\/XfIhM2lrAz\">pic.twitter.com\/XfIhM2lrAz<\/a><\/p>\n<p>&mdash; Hora 20 (@Hora20) <a href=\"https:\/\/twitter.com\/Hora20\/status\/1691260424560271360?ref_src=twsrc%5Etfw\">August 15, 2023<\/a><\/p><\/blockquote>\n<p><script async src=\"https:\/\/platform.twitter.com\/widgets.js\" charset=\"utf-8\"><\/script><\/p>\n<p class=\"p1\"><span style=\"font-size: 14pt;\">Ante este hecho, el gobierno respondi\u00f3 como es costumbre en las \u00faltimas administraciones: recompensas de $200 millones para dar con los responsables y un consejo de seguridad que el presidente Petro atendi\u00f3 este lunes en el departamento, el noveno consejo en los \u00faltimos cinco a\u00f1os que se hace en el departamento del Cauca y del que salieron medidas como aumento en el pie de fuerza profesional, enfocado en paralizar las econom\u00edas il\u00edcitas y propiciar un cambio hacia econom\u00edas l\u00edcitas, pues propone un plan de sustituci\u00f3n a trav\u00e9s de dineros p\u00fablicos, enfocado en el cultivo del caf\u00e9. Adem\u00e1s, dice que se debe privilegiar un cese de hostilidades con las organizaciones armadas, pues afirma que es necesario que la poblaci\u00f3n civil tenga alivios.<\/span><\/p>\n<blockquote hcb-fetch-image-from=\"https:\/\/twitter.com\/Hora20\/status\/1691260689359187969?s=20\" class=\"twitter-tweet\" data-width=\"550\" data-dnt=\"true\">\n<p lang=\"es\" dir=\"ltr\"><a href=\"https:\/\/twitter.com\/hashtag\/Hora20?src=hash&amp;ref_src=twsrc%5Etfw\">#Hora20<\/a> | \u201cNo hay ofensiva de la Fuerza P\u00fablica. De cada 10 operaciones militares que se realizaron durante la administraci\u00f3n Duque, en este gobierno se est\u00e1n realizando 4 y la mayor\u00eda son de patrullaje\u201d <a href=\"https:\/\/twitter.com\/JairoLibreros?ref_src=twsrc%5Etfw\">@JairoLibreros<\/a>\u25b6\ufe0f <a href=\"https:\/\/t.co\/TSfOYE597O\">https:\/\/t.co\/TSfOYE597O<\/a> <a href=\"https:\/\/t.co\/mvrrHRwskS\">pic.twitter.com\/mvrrHRwskS<\/a><\/p>\n<p>&mdash; Hora 20 (@Hora20) <a href=\"https:\/\/twitter.com\/Hora20\/status\/1691260689359187969?ref_src=twsrc%5Etfw\">August 15, 2023<\/a><\/p><\/blockquote>\n<p><script async src=\"https:\/\/platform.twitter.com\/widgets.js\" charset=\"utf-8\"><\/script><\/p>\n<p class=\"p1\"><span style=\"font-size: 14pt;\">Por otro lado, est\u00e1 el proceso de paz que avanza con el Eln, ya hay un cese al fuego que avanza y se acaba de instalar el cuarto ciclo de negociaciones en Caracas donde en esta ocasi\u00f3n se busca que las partes consoliden los alivios humanitarios y que las comunidades, as\u00ed como la poblaci\u00f3n civil tengan un rol central en las conversaciones, pues ha sido denominado como en ciclo de la gente.<\/span><\/p>\n<p class=\"p1\"><span style=\"font-size: 14pt;\"><b>Lo que dicen los panelistas<\/b><\/span><\/p>\n<p class=\"p1\"><span style=\"font-size: 14pt;\"><b>Mabel Lara, periodista, analista y exmiembro del equipo negociador con el Eln,\u00a0<\/b>plante\u00f3 que la paz total es un proyecto ambicioso e inspirador, pero que debe aterrizar al a\u00f1o de gobierno, \u201ctiene claros como negociaci\u00f3n con el Eln que da resultados, hay acuerdo con metodolog\u00eda de participaci\u00f3n y un cese con dudas tras lo conocido de amenazas, pero se deber\u00e1n dar respuestas sobre esto\u201d, sobre los oscuros, dijo que no puede llegar a buen fin sin una estrategia de seguridad que permita a la gente estar tranquila, \u201choy fracasa ese concepto de seguridad humana, que no se est\u00e1 viendo en territorio, hay una ruptura entre la mirada del ministro de defensa con uniformados que no se ponen de acuerdo con la seguridad territorial\u201d.<\/span><\/p>\n<blockquote hcb-fetch-image-from=\"https:\/\/twitter.com\/Hora20\/status\/1691262852823232512?s=20\" class=\"twitter-tweet\" data-width=\"550\" data-dnt=\"true\">\n<p lang=\"es\" dir=\"ltr\"><a href=\"https:\/\/twitter.com\/hashtag\/Hora20?src=hash&amp;ref_src=twsrc%5Etfw\">#Hora20<\/a> | \u201cEl ELN tiene que demostrar que tiene control sobre todas las unidades, si no estar\u00edamos perdiendo el tiempo nosotros y el presidente. De lo contrario se debe iniciar un proceso de sometimiento con esos grupos armados\u201d <a href=\"https:\/\/twitter.com\/JairoLibreros?ref_src=twsrc%5Etfw\">@JairoLibreros<\/a>\u25b6\ufe0f <a href=\"https:\/\/t.co\/TSfOYE597O\">https:\/\/t.co\/TSfOYE597O<\/a> <a href=\"https:\/\/t.co\/L7geUldh8d\">pic.twitter.com\/L7geUldh8d<\/a><\/p>\n<p>&mdash; Hora 20 (@Hora20) <a href=\"https:\/\/twitter.com\/Hora20\/status\/1691262852823232512?ref_src=twsrc%5Etfw\">August 15, 2023<\/a><\/p><\/blockquote>\n<p><script async src=\"https:\/\/platform.twitter.com\/widgets.js\" charset=\"utf-8\"><\/script><\/p>\n<p class=\"p1\"><span style=\"font-size: 14pt;\"><b>Para Rodrigo Pombo, abogado, profesor universitario, columnista y cofundador de Visi\u00f3n Colombia 2022,\u00a0<\/b>hay un problema filos\u00f3fico importante y dif\u00edcil de responder el l\u00edmite de tolerancia ciudadana ante ausencia del Estado en el tema como seguridad, \u201cel tema de tolerancia de ciudadan\u00eda se mueve cuando hay un proceso de paz en el medio y el tema es hasta cu\u00e1ndo debemos soportar las inclemencias del conflicto que no cesa, a pesar de que se diga que la paz lleg\u00f3\u201d. Resalt\u00f3 que la pregunta es si el discurso se compadece con decisiones que toman del aumento de pie de fuerza, \u201ceso aumenta la conflictividad y eso aumenta los muertos; es un contrasentido ante la propuesta de valor del pacto, ese escollo es insalvable en el corto y mediano plazo\u201d. De otro lado, dijo que es importante que la gente conf\u00ede el discurso pol\u00edtico de la institucionalidad, aunque afirma que ese discurso muchas veces resulta contradictorio por parte del presidente de la rep\u00fablica.<\/span><\/p>\n<blockquote hcb-fetch-image-from=\"https:\/\/twitter.com\/Hora20\/status\/1691266179858399232?s=20\" class=\"twitter-tweet\" data-width=\"550\" data-dnt=\"true\">\n<p lang=\"es\" dir=\"ltr\"><a href=\"https:\/\/twitter.com\/hashtag\/Hora20?src=hash&amp;ref_src=twsrc%5Etfw\">#Hora20<\/a> | \u201cA m\u00ed me sorprende el doble rasero de Gustavo Petro: lleva  5 a\u00f1os defendiendo la convenci\u00f3n Interamericana de Derechos Humanos, pero se le olvida que tambi\u00e9n defiende la libertad de prensa\u201d <a href=\"https:\/\/twitter.com\/JairoLibreros?ref_src=twsrc%5Etfw\">@JairoLibreros<\/a>\u25b6\ufe0f <a href=\"https:\/\/t.co\/TSfOYE597O\">https:\/\/t.co\/TSfOYE597O<\/a> <a href=\"https:\/\/t.co\/B1CWEjtAgd\">pic.twitter.com\/B1CWEjtAgd<\/a><\/p>\n<p>&mdash; Hora 20 (@Hora20) <a href=\"https:\/\/twitter.com\/Hora20\/status\/1691266179858399232?ref_src=twsrc%5Etfw\">August 15, 2023<\/a><\/p><\/blockquote>\n<p><script async src=\"https:\/\/platform.twitter.com\/widgets.js\" charset=\"utf-8\"><\/script><\/p>\n<p class=\"p1\"><span style=\"font-size: 14pt;\"><b>Jairo Libreros, abogado, profesor en la Universidad Externado y experto en temas de seguridad,\u00a0<\/b>plante\u00f3 que hay un mensaje de caos, improvisaci\u00f3n y debilidad en las capacidades para hacer el uso leg\u00edtimo de la fuerza de la fuerza ante la violencia que se presenta, \u201cveo mensajes que preocupan, eso no se ha solucionado por arte de magia, eso no se soluciona con comunicados contundentes, eso no sirve para nada en la paz o la guerra\u201d, pues advierte que lo que necesitamos son cosas diferentes, una conducci\u00f3n estrat\u00e9gica del Ministerio de Defensa, que considera, no opera y no tiene capacidad. En ese sentido, coment\u00f3 que, al no haber una colaboraci\u00f3n entre la poblaci\u00f3n civil, alcald\u00edas, gobernaciones y Fuerza P\u00fablica, pues no hay flujo de informaci\u00f3n que permita interlocuci\u00f3n, con lo cual, considera que se ve afectada la confianza. Por \u00faltimo, afirm\u00f3 que, si el ministro Vel\u00e1squez no genera garant\u00edas de seguridad, lo mejor es que d\u00e9 un paso al costado.<\/span><\/p>\n<blockquote hcb-fetch-image-from=\"https:\/\/twitter.com\/JairoLibreros\/status\/1692686721610035589?s=20\" class=\"twitter-tweet\" data-width=\"550\" data-dnt=\"true\">\n<p lang=\"es\" dir=\"ltr\">Las se\u00f1ales de la paz total e irregularidades en la financiaci\u00f3n de la campa\u00f1a presidencial: Debate <a href=\"https:\/\/twitter.com\/Hora20?ref_src=twsrc%5Etfw\">@Hora20<\/a> <a href=\"https:\/\/twitter.com\/CaracolRadio?ref_src=twsrc%5Etfw\">@CaracolRadio<\/a> <a href=\"https:\/\/twitter.com\/JairoLibreros?ref_src=twsrc%5Etfw\">@JairoLibreros<\/a>  <a href=\"https:\/\/t.co\/l9TXRtLAlB\">https:\/\/t.co\/l9TXRtLAlB<\/a><\/p>\n<p>&mdash; Jairo Libreros (@JairoLibreros) <a href=\"https:\/\/twitter.com\/JairoLibreros\/status\/1692686721610035589?ref_src=twsrc%5Etfw\">August 18, 2023<\/a><\/p><\/blockquote>\n<p><script async src=\"https:\/\/platform.twitter.com\/widgets.js\" charset=\"utf-8\"><\/script><\/p>\n<p class=\"p1\"><span style=\"font-size: 14pt;\"><b>Alfredo Mondrag\u00f3n, representante a la C\u00e1mara por el Pacto Hist\u00f3rico,\u00a0<\/b>coment\u00f3 que no se puede perder de vista que en medio de procesos de negociaci\u00f3n se busque hacer una demostraci\u00f3n de fuerzas para llegar fuertes, \u201cla guerra definitivamente de que se puede derrotar la fuerza del Estado, eso los lleva a perder apoyo, tienen fracaso pol\u00edtico, no son procesos de inspiraci\u00f3n; es el tema del Cauca\u201d. <\/span><span style=\"font-size: 14pt;\">Sobre el respaldo popular, coment\u00f3 que es importante porque las expectativas que ha generado la idea de paz total son altas y que, por lo tanto, se vuelven m\u00e1s exigentes, \u201cesa expectativa es exigente y genera entusiasmo y puede ser un bumer\u00e1n; no se puede dejar de desprovisto el tema que no es solo respaldo al presidente y lo que han cultivado estos grupos armados\u201d.<\/span><\/p>\n<blockquote hcb-fetch-image-from=\"https:\/\/twitter.com\/Hora20\/status\/1691266545094209536?s=20\" class=\"twitter-tweet\" data-width=\"550\" data-dnt=\"true\">\n<p lang=\"es\" dir=\"ltr\"><a href=\"https:\/\/twitter.com\/hashtag\/Hora20?src=hash&amp;ref_src=twsrc%5Etfw\">#Hora20<\/a> | \u201cEl manto de duda que plantea Petro no respeta la libertad de prensa. Si no est\u00e1 de acuerdo con los medios de comunicaci\u00f3n, existen distintos mecanismos de rectificaci\u00f3n que no estigmatizan a los periodistas\u201d <a href=\"https:\/\/twitter.com\/JairoLibreros?ref_src=twsrc%5Etfw\">@JairoLibreros<\/a>\u25b6\ufe0f <a href=\"https:\/\/t.co\/TSfOYE597O\">https:\/\/t.co\/TSfOYE597O<\/a> <a href=\"https:\/\/t.co\/M3b34TGKk2\">pic.twitter.com\/M3b34TGKk2<\/a><\/p>\n<p>&mdash; Hora 20 (@Hora20) <a href=\"https:\/\/twitter.com\/Hora20\/status\/1691266545094209536?ref_src=twsrc%5Etfw\">August 15, 2023<\/a><\/p><\/blockquote>\n<p><script async src=\"https:\/\/platform.twitter.com\/widgets.js\" charset=\"utf-8\"><\/script><\/p>\n<p class=\"p1\" style=\"text-align: center;\"><span style=\"font-size: 14pt;\"><strong>Las se\u00f1ales de la paz total e irregularidades en la financiaci\u00f3n de la campa\u00f1a\u00a0presidencial<\/strong><\/span><\/p>\n<p><iframe hcb-fetch-image-from=\"https:\/\/www.youtube.com\/watch?v=i-BiXCe3qn8&amp;t=2s\" title=\"HORA 20- Las se\u00f1ales de la paz total e irregularidades en la financiaci\u00f3n de la campa\u00f1a\u00a0presidencial\" width=\"640\" height=\"360\" src=\"https:\/\/www.youtube.com\/embed\/i-BiXCe3qn8?start=2&#038;feature=oembed\" frameborder=\"0\" allow=\"accelerometer; autoplay; clipboard-write; encrypted-media; gyroscope; picture-in-picture; web-share\" referrerpolicy=\"strict-origin-when-cross-origin\" allowfullscreen><\/iframe><\/p>\n<p><span style=\"font-size: 14pt;\">El link de Hora20 de Caracol Radio con el audio del debate es el siguiente:<\/span><\/p>\n<p><span style=\"text-decoration: underline; font-size: 14pt;\">https:\/\/caracol.com.co\/2023\/08\/15\/paz-total-hay-alguna-forma-de-corregir-el-camino\/<\/span><\/p>\n","protected":false},"excerpt":{"rendered":"<p>Paz total, \u00bfhay alguna forma de corregir el camino? Jairo Libreros panelista Hora20 de Caracol Radio Panelistas consideran que esta idea tiene avances <\/p>\n","protected":false},"author":1,"featured_media":428,"comment_status":"open","ping_status":"open","sticky":false,"template":"","format":"standard","meta":{"om_disable_all_campaigns":false,"_monsterinsights_skip_tracking":false,"_monsterinsights_sitenote_active":false,"_monsterinsights_sitenote_note":"","_monsterinsights_sitenote_category":0,"footnotes":""},"categories":[94,1],"tags":[54,90,97,53,39],"aioseo_notices":[],"class_list":["post-2406","post","type-post","status-publish","format-standard","has-post-thumbnail","hentry","category-caracol-radio","category-jairo-libreros","tag-comunicacion-politica","tag-seguridad-y-defensa-nacional","tag-inteligencia-estrategica","tag-politicas-publicas","tag-seguridad-ciudadana"],"_links":{"self":[{"href":"https:\/\/jairolibreros.com\/index.php?rest_route=\/wp\/v2\/posts\/2406"}],"collection":[{"href":"https:\/\/jairolibreros.com\/index.php?rest_route=\/wp\/v2\/posts"}],"about":[{"href":"https:\/\/jairolibreros.com\/index.php?rest_route=\/wp\/v2\/types\/post"}],"author":[{"embeddable":true,"href":"https:\/\/jairolibreros.com\/index.php?rest_route=\/wp\/v2\/users\/1"}],"replies":[{"embeddable":true,"href":"https:\/\/jairolibreros.com\/index.php?rest_route=%2Fwp%2Fv2%2Fcomments&post=2406"}],"version-history":[{"count":5,"href":"https:\/\/jairolibreros.com\/index.php?rest_route=\/wp\/v2\/posts\/2406\/revisions"}],"predecessor-version":[{"id":2422,"href":"https:\/\/jairolibreros.com\/index.php?rest_route=\/wp\/v2\/posts\/2406\/revisions\/2422"}],"wp:featuredmedia":[{"embeddable":true,"href":"https:\/\/jairolibreros.com\/index.php?rest_route=\/wp\/v2\/media\/428"}],"wp:attachment":[{"href":"https:\/\/jairolibreros.com\/index.php?rest_route=%2Fwp%2Fv2%2Fmedia&parent=2406"}],"wp:term":[{"taxonomy":"category","embeddable":true,"href":"https:\/\/jairolibreros.com\/index.php?rest_route=%2Fwp%2Fv2%2Fcategories&post=2406"},{"taxonomy":"post_tag","embeddable":true,"href":"https:\/\/jairolibreros.com\/index.php?rest_route=%2Fwp%2Fv2%2Ftags&post=2406"}],"curies":[{"name":"wp","href":"https:\/\/api.w.org\/{rel}","templated":true}]}}