{"id":2420,"date":"2023-09-11T17:27:06","date_gmt":"2023-09-11T17:27:06","guid":{"rendered":"https:\/\/jairolibreros.com\/?p=2420"},"modified":"2025-09-06T00:20:14","modified_gmt":"2025-09-06T00:20:14","slug":"ha-logrado-el-gobierno-abonar-el-terreno-para-un-acuerdo-nacional","status":"publish","type":"post","link":"https:\/\/jairolibreros.com\/?p=2420","title":{"rendered":"\u00bfHa logrado el gobierno abonar el terreno para un acuerdo nacional?"},"content":{"rendered":"<p><span style=\"font-size: 14pt;\"><strong>\u00bfHa logrado el gobierno abonar el terreno para un acuerdo nacional?<\/strong><\/span><\/p>\n<p><span style=\"font-size: 14pt;\"><strong>Jairo Libreros<\/strong>\u00a0panelista Hora20 de Caracol Radio<\/span><\/p>\n<blockquote hcb-fetch-image-from=\"https:\/\/twitter.com\/JairoLibreros\/status\/1701281530331435196?s=20\" class=\"twitter-tweet\" data-width=\"550\" data-dnt=\"true\">\n<p lang=\"es\" dir=\"ltr\">Debate <a href=\"https:\/\/twitter.com\/Hora20?ref_src=twsrc%5Etfw\">@Hora20<\/a> <a href=\"https:\/\/twitter.com\/CaracolRadio?ref_src=twsrc%5Etfw\">@CaracolRadio<\/a> <br \/>Acuerdo nacional, Mario Montoya y los preparativos de la paz<a href=\"https:\/\/t.co\/HGI1KmAU5G\">https:\/\/t.co\/HGI1KmAU5G<\/a><\/p>\n<p>&mdash; Jairo Libreros (@JairoLibreros) <a href=\"https:\/\/twitter.com\/JairoLibreros\/status\/1701281530331435196?ref_src=twsrc%5Etfw\">September 11, 2023<\/a><\/p><\/blockquote>\n<p><script async src=\"https:\/\/platform.twitter.com\/widgets.js\" charset=\"utf-8\"><\/script><\/p>\n<p><span style=\"font-size: 14pt;\"><em>Redacci\u00f3n Hora20 \u00b7 Nicol\u00e1s Llano\u00b7 Hora 2023, episodio 2 \u00b7 31.08.2023<\/em><\/span><\/p>\n<p class=\"p1\" style=\"text-align: center;\"><span style=\"font-size: 14pt;\"><strong>Panelistas consideran que el presidente debe ir m\u00e1s all\u00e1 del discurso y proponer un m\u00e9todo a sectores empresariales y pol\u00edticos para alcanzar dicho acuerdo<\/strong><\/span><\/p>\n<p class=\"p1\"><span style=\"font-size: 14pt;\">En Hora20 el an\u00e1lisis a los hechos de coyuntura del d\u00eda: el acuerdo nacional del gobierno que se empezar\u00eda a ver reflejado en los cambios a la reforma a la salud y al di\u00e1logo que sostuvo hoy el presidente con los gobernadores del pa\u00eds, as\u00ed como la apertura al di\u00e1logo con empresarios y sectores pol\u00edticos. Despu\u00e9s el an\u00e1lisis lo que implica para la justicia y las v\u00edctimas la imputaci\u00f3n al general en retiro Mario Montoya por las ejecuciones extrajudiciales.<\/span><\/p>\n<blockquote hcb-fetch-image-from=\"https:\/\/twitter.com\/Hora20\/status\/1697417668582674522?s=20\" class=\"twitter-tweet\" data-width=\"550\" data-dnt=\"true\">\n<p lang=\"es\" dir=\"ltr\"><a href=\"https:\/\/twitter.com\/hashtag\/Hora20?src=hash&amp;ref_src=twsrc%5Etfw\">#Hora20<\/a> | \u201cEl presidente Gustavo Petro lanza unas frases que llaman la atenci\u00f3n de muchas personas, pero al momento de materializarlas o crear consensos se convierten en una desilusi\u00f3n. Eso pasa con el acuerdo nacional\u201d, <a href=\"https:\/\/twitter.com\/JairoLibreros?ref_src=twsrc%5Etfw\">@JairoLibreros<\/a>\u25b6\ufe0f <a href=\"https:\/\/t.co\/lY4VaCdiEj\">https:\/\/t.co\/lY4VaCdiEj<\/a> <a href=\"https:\/\/t.co\/w2xeRUu4ek\">pic.twitter.com\/w2xeRUu4ek<\/a><\/p>\n<p>&mdash; Hora 20 (@Hora20) <a href=\"https:\/\/twitter.com\/Hora20\/status\/1697417668582674522?ref_src=twsrc%5Etfw\">September 1, 2023<\/a><\/p><\/blockquote>\n<p><script async src=\"https:\/\/platform.twitter.com\/widgets.js\" charset=\"utf-8\"><\/script><\/p>\n<p class=\"p1\"><span style=\"font-size: 14pt;\">Esta semana se ha convertido en los d\u00edas de b\u00fasqueda de consenso en camino hacia el \u201cacuerdo nacional\u201d que propone el presidente Petro. La semana empez\u00f3 con el encuentro entre el presidente Petro y el Consejo Gremial, una reuni\u00f3n en la que quedaron claras las diferencias entre ambos sectores, pero tambi\u00e9n los puntos en com\u00fan, los acuerdos y las agendas para construir las reformas y proyectos que resultan clave para el pa\u00eds y el gobierno. Despu\u00e9s tuvo lugar la reuni\u00f3n entre la bancada liberal en la C\u00e1mara de Representantes, la m\u00e1s grande del Legislativo y el presidente para sellar apoyos al Ejecutivo y la agenda de reformas. Por otro lado, est\u00e1 el encuentro entre el presidente, miembros del gobierno y cuatro gobernadores del pa\u00eds golpeados por la violencia como Santander, Norte de Santander, Boyac\u00e1, Arauca y el secretario de gobierno de Casanare, esto en medio de las tensiones que se han dado entre gobernadores y el Gobierno por la pol\u00edtica en seguridad.<\/span><\/p>\n<blockquote hcb-fetch-image-from=\"https:\/\/twitter.com\/Hora20\/status\/1697418049505128834?s=20\" class=\"twitter-tweet\" data-width=\"550\" data-dnt=\"true\">\n<p lang=\"es\" dir=\"ltr\"><a href=\"https:\/\/twitter.com\/hashtag\/Hora20?src=hash&amp;ref_src=twsrc%5Etfw\">#Hora20<\/a> | \u201cNo se logra crear el consenso de la reforma a la salud porque no se trata solamente de ceder si no que hay escuchar e incluir las recomendaciones. EL presidente lanza el acuerdo nacional, pero bajo los t\u00e9rminos de \u00e9l\u201d, <a href=\"https:\/\/twitter.com\/JairoLibreros?ref_src=twsrc%5Etfw\">@JairoLibreros<\/a>\u25b6\ufe0f <a href=\"https:\/\/t.co\/lY4VaCdiEj\">https:\/\/t.co\/lY4VaCdiEj<\/a> <a href=\"https:\/\/t.co\/wiMximkbTl\">pic.twitter.com\/wiMximkbTl<\/a><\/p>\n<p>&mdash; Hora 20 (@Hora20) <a href=\"https:\/\/twitter.com\/Hora20\/status\/1697418049505128834?ref_src=twsrc%5Etfw\">September 1, 2023<\/a><\/p><\/blockquote>\n<p><script async src=\"https:\/\/platform.twitter.com\/widgets.js\" charset=\"utf-8\"><\/script><\/p>\n<p class=\"p1\"><span style=\"font-size: 14pt;\">Estos hechos han estado rodeados de un movimiento ayer en el Legislativo: la creaci\u00f3n de una subcomisi\u00f3n que integre a todos los partidos de la C\u00e1mara de Representantes para que se redacte un texto de reforma a la salud concertado por los distintos actores, de hecho, se convoca tambi\u00e9n a mesas de di\u00e1logo abiertas con participaci\u00f3n de la sociedad civil, de la ciudadan\u00eda y de las organizaciones del sector. Un movimiento, que seg\u00fan la promotora de la iniciativa va en caminado a responder a la invitaci\u00f3n de \u201cacuerdo nacional\u201d que ha hecho el gobierno nacional. El ministro del Interior, Luis Fernando Velasco ha dicho que la aprobaci\u00f3n de la subcomisi\u00f3n le hace pensar que hay consenso sobre la necesidad de la reforma, que es un avance importante, que da cuenta de que s\u00ed se est\u00e1 buscando un acuerdo y que espera que esta iniciativa lleve a un consenso.<\/span><\/p>\n<blockquote hcb-fetch-image-from=\"https:\/\/twitter.com\/Hora20\/status\/1697418431014850911?s=20\" class=\"twitter-tweet\" data-width=\"550\" data-dnt=\"true\">\n<p lang=\"es\" dir=\"ltr\"><a href=\"https:\/\/twitter.com\/hashtag\/Hora20?src=hash&amp;ref_src=twsrc%5Etfw\">#Hora20<\/a> | \u201cSi el presidente quiere el acuerdo nacional tiene que crear consensos, tiene que ceder y escuchar a los partidos de oposici\u00f3n como Cambio Radical o Centro Democr\u00e1tico. El sistema democr\u00e1tico no se trata solamente de ganar las elecciones\u201d, <a href=\"https:\/\/twitter.com\/JairoLibreros?ref_src=twsrc%5Etfw\">@JairoLibreros<\/a>\u25b6\ufe0f <a href=\"https:\/\/t.co\/NobfqDqn8Z\">pic.twitter.com\/NobfqDqn8Z<\/a><\/p>\n<p>&mdash; Hora 20 (@Hora20) <a href=\"https:\/\/twitter.com\/Hora20\/status\/1697418431014850911?ref_src=twsrc%5Etfw\">September 1, 2023<\/a><\/p><\/blockquote>\n<p><script async src=\"https:\/\/platform.twitter.com\/widgets.js\" charset=\"utf-8\"><\/script><\/p>\n<p class=\"p1\"><span style=\"font-size: 14pt;\"><b>Lo que dicen los panelistas<\/b><\/span><\/p>\n<p class=\"p1\"><span style=\"font-size: 14pt;\"><b>Luz Mar\u00eda Sierra, periodista y directora de El Colombiano,\u00a0<\/b>plante\u00f3 que la idea de un acuerdo es fundamental, \u201cesto es posterior a un acuerdo pol\u00edtico y no creo que Petro con la situaci\u00f3n de gobernabilidad, le quede otra salida\u201d, adem\u00e1s, dice que, si le va bien con eso, al pa\u00eds le va bien. Agreg\u00f3 que esas reformas son necesarias, pero no como el Presidente las quiere porque plantea, ese esp\u00edritu de llanero puede que no le sea suficiente para hacer las reformas. \u201c\u00c9l habl\u00f3 de acuerdo en su posesi\u00f3n y el primer a\u00f1o hubo apoyo de pol\u00edticos, pero con la reforma a la salud no pudo comprometerse con los partidos y prefiri\u00f3 sacar tres ministros para sacar adelante su obstinaci\u00f3n de lo que quer\u00eda; que el antecedente que tenemos no sea lo que pase ahora\u201d.<\/span><\/p>\n<p class=\"p1\"><span style=\"font-size: 14pt;\">Sobre la imputaci\u00f3n a Mario Montoya, se\u00f1al\u00f3 que es un s\u00edmbolo de crueldad de la tragedia de los falsos positivos, \u201csu \u00e1nimo de figuraci\u00f3n que demostr\u00f3 en otras operaciones militares, como esa escuela que se cre\u00f3 y termin\u00f3 en esta tragedia de la historia de Colombia tan triste; por eso me parece que es importante lo que ocurre en JEP\u201d.<\/span><\/p>\n<blockquote hcb-fetch-image-from=\"https:\/\/twitter.com\/Hora20\/status\/1697419589334749400?s=20\" class=\"twitter-tweet\" data-width=\"550\" data-dnt=\"true\">\n<p lang=\"es\" dir=\"ltr\"><a href=\"https:\/\/twitter.com\/hashtag\/Hora20?src=hash&amp;ref_src=twsrc%5Etfw\">#Hora20<\/a> | \u201cEs necesario que el gobierno est\u00e9 dispuesto a ceder y de humildad: cuando se presente una reforma en el congreso tiene la oportunidad de salir enriquecida de las propuestas de las personas que tienen ideas diferente\u201d, <a href=\"https:\/\/twitter.com\/JairoLibreros?ref_src=twsrc%5Etfw\">@JairoLibreros<\/a>\u25b6\ufe0f <a href=\"https:\/\/t.co\/lY4VaCdiEj\">https:\/\/t.co\/lY4VaCdiEj<\/a> <a href=\"https:\/\/t.co\/clRuZ44bUR\">pic.twitter.com\/clRuZ44bUR<\/a><\/p>\n<p>&mdash; Hora 20 (@Hora20) <a href=\"https:\/\/twitter.com\/Hora20\/status\/1697419589334749400?ref_src=twsrc%5Etfw\">September 1, 2023<\/a><\/p><\/blockquote>\n<p><script async src=\"https:\/\/platform.twitter.com\/widgets.js\" charset=\"utf-8\"><\/script><\/p>\n<p class=\"p1\"><span style=\"font-size: 14pt;\"><b>Jairo libreros, abogado, profesor universitario y experto en temas de seguridad,<\/b>asegur\u00f3 que la frase del acuerdo nacional es complejo de materializar porque cree que se necesita metodolog\u00eda para crear un consenso, por ejemplo, sobre la reforma a la salud dice que cuando no se logra crear consenso, no es solo ceder, \u201ces que las distintas partes tengan oportunidad de aportar y que la voz sea iniciativa de pol\u00edtica p\u00fablica porque se lanza un acuerdo nacional, establece canales, pero no cede en iniciativas; en eso llegamos a un laberinto que no tiene salida\u201d.<\/span><\/p>\n<blockquote hcb-fetch-image-from=\"https:\/\/twitter.com\/Hora20\/status\/1697424363249635344?s=20\" class=\"twitter-tweet\" data-width=\"550\" data-dnt=\"true\">\n<p lang=\"es\" dir=\"ltr\"><a href=\"https:\/\/twitter.com\/hashtag\/Hora20?src=hash&amp;ref_src=twsrc%5Etfw\">#Hora20<\/a> | \u201cLa JEP funciona, est\u00e1 haciendo un trabajo fundamental que la justicia ordinaria no fue capaz. El dise\u00f1o institucional estaba muy bien estructurado y empieza a mostrar resultados importantes\u201d, <a href=\"https:\/\/twitter.com\/JairoLibreros?ref_src=twsrc%5Etfw\">@JairoLibreros<\/a>\u25b6\ufe0f <a href=\"https:\/\/t.co\/lY4VaCdiEj\">https:\/\/t.co\/lY4VaCdiEj<\/a> <a href=\"https:\/\/t.co\/MQRrWjbpcV\">pic.twitter.com\/MQRrWjbpcV<\/a><\/p>\n<p>&mdash; Hora 20 (@Hora20) <a href=\"https:\/\/twitter.com\/Hora20\/status\/1697424363249635344?ref_src=twsrc%5Etfw\">September 1, 2023<\/a><\/p><\/blockquote>\n<p><script async src=\"https:\/\/platform.twitter.com\/widgets.js\" charset=\"utf-8\"><\/script><\/p>\n<p class=\"p1\"><span style=\"font-size: 14pt;\">Sobre el caso de Mario Montoya, coment\u00f3 que la JEP ha demostrado que funciona a trav\u00e9s de un trabajo monumental, \u201cest\u00e1 el tema de c\u00f3mo saca est\u00e1ndares internacionales en acciones de no repetici\u00f3n, tambi\u00e9n demuestra el buen dise\u00f1o institucional que genera resultados que es importante para las v\u00edctimas y el sistema\u201d. De otro lado, explic\u00f3 que, si Montoya no acepta su participaci\u00f3n, el caso va a la Fiscal\u00eda de la JEP y se enfrentar\u00eda a una condena de 20 a\u00f1os.<\/span><\/p>\n<blockquote hcb-fetch-image-from=\"https:\/\/twitter.com\/Hora20\/status\/1697424783124603105?s=20\" class=\"twitter-tweet\" data-width=\"550\" data-dnt=\"true\">\n<p lang=\"es\" dir=\"ltr\"><a href=\"https:\/\/twitter.com\/hashtag\/Hora20?src=hash&amp;ref_src=twsrc%5Etfw\">#Hora20<\/a> | \u201cEl enemigo interno no se acab\u00f3 en la d\u00e9cada de los 80 del siglo pasado. El concepto sigue vigente y fue esencial en la seguridad democr\u00e1tica, que en \u00faltima instancia fue el desprecio por 6402 j\u00f3venes colombianos\u201d, <a href=\"https:\/\/twitter.com\/JairoLibreros?ref_src=twsrc%5Etfw\">@JairoLibreros<\/a>\u25b6\ufe0f <a href=\"https:\/\/t.co\/lY4VaCdiEj\">https:\/\/t.co\/lY4VaCdiEj<\/a> <a href=\"https:\/\/t.co\/xsr5CtHGpJ\">pic.twitter.com\/xsr5CtHGpJ<\/a><\/p>\n<p>&mdash; Hora 20 (@Hora20) <a href=\"https:\/\/twitter.com\/Hora20\/status\/1697424783124603105?ref_src=twsrc%5Etfw\">September 1, 2023<\/a><\/p><\/blockquote>\n<p><script async src=\"https:\/\/platform.twitter.com\/widgets.js\" charset=\"utf-8\"><\/script><\/p>\n<p class=\"p1\"><span style=\"font-size: 14pt;\"><b>Alfredo Mondrag\u00f3n, representante a la C\u00e1mara del Pacto Hist\u00f3rico por el Valle del Cauca,\u00a0<\/b>plante\u00f3 que Petro acierta con un ambiente distinto, \u201cno es solo pluralidad pol\u00edtica, son hechos pol\u00edticos hist\u00f3ricos, convocar a contradictorios en tema de tierras o paz y con tener gente vinculada a ese ejercicio en discusi\u00f3n de tierras, el tema de Lafaurie o Valencia Cossio\u201d, con lo cual, dice que Petro intenta hacer lo que ha planteado, \u201ces un acuerdo nacional para acuerdos fundamentales que nos saque del atraso econ\u00f3mico, de la criminalidad y la violencia\u201d.<\/span><\/p>\n<p class=\"p1\"><span style=\"font-size: 14pt;\">Se\u00f1al\u00f3 que le parece importante el ejercicio de concertaci\u00f3n a trav\u00e9s de una subcomisi\u00f3n en el Congreso, pero critic\u00f3 que no se le tuviera en cuenta a partidos de gobierno para concertar y que s\u00ed se hiciera con partidos de oposici\u00f3n como Cambio Radical y Centro Democr\u00e1tico.<\/span><\/p>\n<blockquote hcb-fetch-image-from=\"https:\/\/twitter.com\/Hora20\/status\/1697425014981586987?s=20\" class=\"twitter-tweet\" data-width=\"550\" data-dnt=\"true\">\n<p lang=\"es\" dir=\"ltr\"><a href=\"https:\/\/twitter.com\/hashtag\/Hora20?src=hash&amp;ref_src=twsrc%5Etfw\">#Hora20<\/a> | \u201cGustavo Petro tiene la claridad de que se debe eliminar el concepto del enemigo interno de la Fuerza P\u00fablica, pero no encuentra el m\u00e9todo para salir de eso\u201d, <a href=\"https:\/\/twitter.com\/JairoLibreros?ref_src=twsrc%5Etfw\">@JairoLibreros<\/a>\u25b6\ufe0f <a href=\"https:\/\/t.co\/lY4VaCdiEj\">https:\/\/t.co\/lY4VaCdiEj<\/a> <a href=\"https:\/\/t.co\/gCZZ6ReXe1\">pic.twitter.com\/gCZZ6ReXe1<\/a><\/p>\n<p>&mdash; Hora 20 (@Hora20) <a href=\"https:\/\/twitter.com\/Hora20\/status\/1697425014981586987?ref_src=twsrc%5Etfw\">September 1, 2023<\/a><\/p><\/blockquote>\n<p><script async src=\"https:\/\/platform.twitter.com\/widgets.js\" charset=\"utf-8\"><\/script><\/p>\n<p class=\"p1\"><span style=\"font-size: 14pt;\"><b>Para Jos\u00e9 Guarnizo, periodista, director de Vor\u00e1gine y profesor universitario,\u00a0<\/b>en este gran pacto nacional se ve que hay dos di\u00e1logos que van por caminos distintos: esa reuni\u00f3n con gremios es un s\u00edntoma de lo que est\u00e1 pasando porque el presidente hablando de agenda, de temas, de prioridades y a la salida los empresarios hablaron de otra cosa, \u201cel presidente habla de econom\u00eda descarbonizada, de transici\u00f3n energ\u00e9tica y de otro lado, vemos gremios hablando de otros temas como falta de concertaci\u00f3n en reforma laboral o seguridad en territorios\u201d, con lo cual, dice que ve complejo hablar de un gran pacto en este momento.<\/span><\/p>\n<blockquote hcb-fetch-image-from=\"https:\/\/twitter.com\/Hora20\/status\/1697426686533423416?s=20\" class=\"twitter-tweet\" data-width=\"550\" data-dnt=\"true\">\n<p lang=\"es\" dir=\"ltr\"><a href=\"https:\/\/twitter.com\/hashtag\/Hora20?src=hash&amp;ref_src=twsrc%5Etfw\">#Hora20<\/a> | \u201cSi Montoya no acepta la responsabilidad, se tiene que trasladar a la fiscal\u00eda de la JEP donde puede recibir una pena de hasta 20 a\u00f1os por este y otros procesos <a href=\"https:\/\/twitter.com\/JairoLibreros?ref_src=twsrc%5Etfw\">@JairoLibreros<\/a>\u25b6\ufe0f <a href=\"https:\/\/t.co\/lY4VaCdiEj\">https:\/\/t.co\/lY4VaCdiEj<\/a> <a href=\"https:\/\/t.co\/g6EhixRhjw\">pic.twitter.com\/g6EhixRhjw<\/a><\/p>\n<p>&mdash; Hora 20 (@Hora20) <a href=\"https:\/\/twitter.com\/Hora20\/status\/1697426686533423416?ref_src=twsrc%5Etfw\">September 1, 2023<\/a><\/p><\/blockquote>\n<p><script async src=\"https:\/\/platform.twitter.com\/widgets.js\" charset=\"utf-8\"><\/script><\/p>\n<p class=\"p1\"><span style=\"font-size: 14pt;\">En cuanto a los falsos positivos, dijo que en el auto de la JEP se ven unos patrones crueles, \u201cla mayor\u00eda de las v\u00edctimas y j\u00f3venes asesinados por el Ej\u00e9rcito eran de barrios populares, desempleados y uno alcanza a ver es que, en este patr\u00f3n, los funcionarios son responsables por acci\u00f3n u omisi\u00f3n, pero Montoya lo fue por los dos\u201d.<\/span><\/p>\n<blockquote hcb-fetch-image-from=\"https:\/\/twitter.com\/Hora20\/status\/1697426928049807626?s=20\" class=\"twitter-tweet\" data-width=\"550\" data-dnt=\"true\">\n<p lang=\"es\" dir=\"ltr\"><a href=\"https:\/\/twitter.com\/hashtag\/Hora20?src=hash&amp;ref_src=twsrc%5Etfw\">#Hora20<\/a> | \u201cNo veo a Montoya siguiendo el paso de otros generales, como Cabrales, que a un con las pruebas no aporta a la verdad\u201d <a href=\"https:\/\/twitter.com\/JairoLibreros?ref_src=twsrc%5Etfw\">@JairoLibreros<\/a>\u25b6\ufe0f <a href=\"https:\/\/t.co\/lY4VaCdiEj\">https:\/\/t.co\/lY4VaCdiEj<\/a> <a href=\"https:\/\/t.co\/zmhzlu5rxx\">pic.twitter.com\/zmhzlu5rxx<\/a><\/p>\n<p>&mdash; Hora 20 (@Hora20) <a href=\"https:\/\/twitter.com\/Hora20\/status\/1697426928049807626?ref_src=twsrc%5Etfw\">September 1, 2023<\/a><\/p><\/blockquote>\n<p><script async src=\"https:\/\/platform.twitter.com\/widgets.js\" charset=\"utf-8\"><\/script><\/p>\n<p><iframe hcb-fetch-image-from=\"https:\/\/www.youtube.com\/watch?v=zfBBsJDqDEk\" title=\"HORA 20 - Acuerdo nacional, Mario Montoya y los preparativos de la paz | Caracol Radio\" width=\"640\" height=\"360\" src=\"https:\/\/www.youtube.com\/embed\/zfBBsJDqDEk?feature=oembed\" frameborder=\"0\" allow=\"accelerometer; autoplay; clipboard-write; encrypted-media; gyroscope; picture-in-picture; web-share\" referrerpolicy=\"strict-origin-when-cross-origin\" allowfullscreen><\/iframe><\/p>\n<p><span style=\"font-size: 14pt;\">El enlace de Hora20 de Caracol Radio con el audio del debate es el siguiente:<\/span><\/p>\n<p><span style=\"font-size: 14pt;\"><span style=\"text-decoration: underline;\"><a href=\"https:\/\/caracol.com.co\/2023\/09\/01\/ha-logrado-el-gobierno-abonar-el-terreno-para-un-acuerdo-nacional\/\">https:\/\/caracol.com.co\/2023\/09\/01\/ha-logrado-el-gobierno-abonar-el-terreno-para-un-acuerdo-nacional\/<\/a><\/span>\u00a0<\/span><\/p>\n","protected":false},"excerpt":{"rendered":"<p>\u00bfHa logrado el gobierno abonar el terreno para un acuerdo nacional? Jairo Libreros\u00a0panelista Hora20 de Caracol Radio Debate @Hora20 @CaracolRadio Acuerdo nacional, Mario <\/p>\n","protected":false},"author":1,"featured_media":428,"comment_status":"open","ping_status":"open","sticky":false,"template":"","format":"standard","meta":{"om_disable_all_campaigns":false,"_monsterinsights_skip_tracking":false,"_monsterinsights_sitenote_active":false,"_monsterinsights_sitenote_note":"","_monsterinsights_sitenote_category":0,"footnotes":""},"categories":[94,1],"tags":[54,90,53,39],"aioseo_notices":[],"class_list":["post-2420","post","type-post","status-publish","format-standard","has-post-thumbnail","hentry","category-caracol-radio","category-jairo-libreros","tag-comunicacion-politica","tag-seguridad-y-defensa-nacional","tag-politicas-publicas","tag-seguridad-ciudadana"],"_links":{"self":[{"href":"https:\/\/jairolibreros.com\/index.php?rest_route=\/wp\/v2\/posts\/2420"}],"collection":[{"href":"https:\/\/jairolibreros.com\/index.php?rest_route=\/wp\/v2\/posts"}],"about":[{"href":"https:\/\/jairolibreros.com\/index.php?rest_route=\/wp\/v2\/types\/post"}],"author":[{"embeddable":true,"href":"https:\/\/jairolibreros.com\/index.php?rest_route=\/wp\/v2\/users\/1"}],"replies":[{"embeddable":true,"href":"https:\/\/jairolibreros.com\/index.php?rest_route=%2Fwp%2Fv2%2Fcomments&post=2420"}],"version-history":[{"count":2,"href":"https:\/\/jairolibreros.com\/index.php?rest_route=\/wp\/v2\/posts\/2420\/revisions"}],"predecessor-version":[{"id":2423,"href":"https:\/\/jairolibreros.com\/index.php?rest_route=\/wp\/v2\/posts\/2420\/revisions\/2423"}],"wp:featuredmedia":[{"embeddable":true,"href":"https:\/\/jairolibreros.com\/index.php?rest_route=\/wp\/v2\/media\/428"}],"wp:attachment":[{"href":"https:\/\/jairolibreros.com\/index.php?rest_route=%2Fwp%2Fv2%2Fmedia&parent=2420"}],"wp:term":[{"taxonomy":"category","embeddable":true,"href":"https:\/\/jairolibreros.com\/index.php?rest_route=%2Fwp%2Fv2%2Fcategories&post=2420"},{"taxonomy":"post_tag","embeddable":true,"href":"https:\/\/jairolibreros.com\/index.php?rest_route=%2Fwp%2Fv2%2Ftags&post=2420"}],"curies":[{"name":"wp","href":"https:\/\/api.w.org\/{rel}","templated":true}]}}