{"id":2447,"date":"2023-10-03T20:27:30","date_gmt":"2023-10-03T20:27:30","guid":{"rendered":"https:\/\/jairolibreros.com\/?p=2447"},"modified":"2025-09-06T00:30:25","modified_gmt":"2025-09-06T00:30:25","slug":"policia-local-en-bogota","status":"publish","type":"post","link":"https:\/\/jairolibreros.com\/?p=2447","title":{"rendered":"\u00bfPolic\u00eda Local en Bogot\u00e1?"},"content":{"rendered":"<p><span style=\"font-size: 14pt; font-family: tahoma, arial, helvetica, sans-serif;\"><strong>\u00bfPolic\u00eda Local en Bogot\u00e1?<\/strong><\/span><\/p>\n<p><span style=\"text-decoration: underline; font-size: 14pt; font-family: tahoma, arial, helvetica, sans-serif;\"><strong><a href=\"https:\/\/jairolibreros.com\/?page_id=3689\">Jairo Libreros<\/a><\/strong><\/span><\/p>\n<p><span style=\"font-size: 14pt; font-family: tahoma, arial, helvetica, sans-serif;\"><strong>Jairo Libreros<\/strong> profesor titular de seguridad y defensa nacional de la Universidad Externado de Colombia<\/span><\/p>\n<p><span style=\"font-size: 14pt; font-family: tahoma, arial, helvetica, sans-serif;\"><a href=\"https:\/\/x.com\/AngelicaLozanoC\/status\/1704906462416298358?s=20\"><span style=\"text-decoration: underline;\">https:\/\/x.com\/AngelicaLozanoC\/status\/1704906462416298358?s=20<\/span><\/a><\/span><\/p>\n<p><span style=\"font-size: 14pt; font-family: tahoma, arial, helvetica, sans-serif;\"><em>21.09.2023 \u00b7 Congreso de la Rep\u00fablica \u00b7 Comisi\u00f3n I del Senado de la Rep\u00fablica<\/em><\/span><\/p>\n<p><span style=\"font-size: 14pt; font-family: tahoma, arial, helvetica, sans-serif;\"><a href=\"https:\/\/x.com\/AngelicaLozanoC\/status\/1704870724656124119?s=20\">https:\/\/x.com\/AngelicaLozanoC\/status\/1704870724656124119?s=20<\/a><\/span><\/p>\n<p><span style=\"font-size: 14pt; font-family: tahoma, arial, helvetica, sans-serif;\">La agenda de intervenciones:<\/span><\/p>\n<p><span style=\"text-decoration: underline; font-size: 14pt; font-family: tahoma, arial, helvetica, sans-serif;\"><a href=\"https:\/\/jairolibreros.com\/wp-content\/uploads\/2023\/10\/Intervenciones-en-la-audiencia-pu\u0301blica.-Senado-de-la-Repu\u0301blica.-2023.-Jairo-Libreros.pdf\">Intervenciones en la audiencia pu\u0301blica. Senado de la Repu\u0301blica. 2023. Jairo Libreros<\/a><\/span><\/p>\n<p><span style=\"font-size: 14pt; font-family: tahoma, arial, helvetica, sans-serif;\">Durante los cinco\/+1+1 minutos de mi intervenci\u00f3n abord\u00e9 los estos temas:<\/span><\/p>\n<p><span style=\"font-size: 14pt; font-family: tahoma, arial, helvetica, sans-serif;\">Modelo nacional de polic\u00eda.<\/span><\/p>\n<p><span style=\"font-size: 14pt; font-family: tahoma, arial, helvetica, sans-serif;\">Modelo local de polic\u00eda.<\/span><\/p>\n<p><span style=\"font-size: 14pt; font-family: tahoma, arial, helvetica, sans-serif;\">El modelo de la Polic\u00eda Nacional.<\/span><\/p>\n<p><span style=\"font-size: 14pt; font-family: tahoma, arial, helvetica, sans-serif;\"><a href=\"https:\/\/x.com\/AngelicaLozanoC\/status\/1704907828027433320?s=20\">https:\/\/x.com\/AngelicaLozanoC\/status\/1704907828027433320?s=20<\/a><\/span><\/p>\n<p><span style=\"font-size: 14pt; font-family: tahoma, arial, helvetica, sans-serif;\">El video con las voces de diferentes expertos en seguridad ciudadana es el siguiente:<\/span><\/p>\n<p><iframe hcb-fetch-image-from=\"https:\/\/www.youtube.com\/watch?v=4NkAhB1nF_Y\" title=\"Audiencia Publica PAL 11 de 2023 Senado ( 21-09-23 )\" width=\"640\" height=\"360\" src=\"https:\/\/www.youtube.com\/embed\/4NkAhB1nF_Y?feature=oembed\" frameborder=\"0\" allow=\"accelerometer; autoplay; clipboard-write; encrypted-media; gyroscope; picture-in-picture; web-share\" referrerpolicy=\"strict-origin-when-cross-origin\" allowfullscreen><\/iframe><\/p>\n<p><span style=\"font-size: 14pt; font-family: tahoma, arial, helvetica, sans-serif;\">El texto -exposici\u00f3n de motivos y art\u00edculado- del proyecto de Acto Legislativo para crear la Polic\u00eda Local es el siguiente:<\/span><\/p>\n<p><span style=\"font-size: 14pt; font-family: tahoma, arial, helvetica, sans-serif;\"><a href=\"https:\/\/jairolibreros.com\/wp-content\/uploads\/2023\/10\/PAL-Polici\u0301a-Local-VF.-Jairo-Libreros.-2023b.pdf\"><span style=\"text-decoration: underline;\">PAL Polici\u0301a Local VF. Jairo Libreros. 2023b<\/span><\/a><\/span><\/p>\n<p style=\"text-align: right;\"><span style=\"text-decoration: underline; font-size: 14pt; font-family: tahoma, arial, helvetica, sans-serif;\"><a href=\"https:\/\/jairolibreros.com\/\"><strong>Blog de Jairo Libreros<\/strong><\/a><\/span><\/p>\n","protected":false},"excerpt":{"rendered":"<p>\u00bfPolic\u00eda Local en Bogot\u00e1? Jairo Libreros Jairo Libreros profesor titular de seguridad y defensa nacional de la Universidad Externado de Colombia https:\/\/x.com\/AngelicaLozanoC\/status\/1704906462416298358?s=20 21.09.2023 <\/p>\n","protected":false},"author":1,"featured_media":2347,"comment_status":"open","ping_status":"open","sticky":false,"template":"","format":"standard","meta":{"om_disable_all_campaigns":false,"_monsterinsights_skip_tracking":false,"_monsterinsights_sitenote_active":false,"_monsterinsights_sitenote_note":"","_monsterinsights_sitenote_category":0,"footnotes":""},"categories":[1,96],"tags":[44,53,39],"aioseo_notices":[],"class_list":["post-2447","post","type-post","status-publish","format-standard","has-post-thumbnail","hentry","category-jairo-libreros","category-universidad-externado","tag-elecciones","tag-politicas-publicas","tag-seguridad-ciudadana"],"_links":{"self":[{"href":"https:\/\/jairolibreros.com\/index.php?rest_route=\/wp\/v2\/posts\/2447"}],"collection":[{"href":"https:\/\/jairolibreros.com\/index.php?rest_route=\/wp\/v2\/posts"}],"about":[{"href":"https:\/\/jairolibreros.com\/index.php?rest_route=\/wp\/v2\/types\/post"}],"author":[{"embeddable":true,"href":"https:\/\/jairolibreros.com\/index.php?rest_route=\/wp\/v2\/users\/1"}],"replies":[{"embeddable":true,"href":"https:\/\/jairolibreros.com\/index.php?rest_route=%2Fwp%2Fv2%2Fcomments&post=2447"}],"version-history":[{"count":4,"href":"https:\/\/jairolibreros.com\/index.php?rest_route=\/wp\/v2\/posts\/2447\/revisions"}],"predecessor-version":[{"id":3835,"href":"https:\/\/jairolibreros.com\/index.php?rest_route=\/wp\/v2\/posts\/2447\/revisions\/3835"}],"wp:featuredmedia":[{"embeddable":true,"href":"https:\/\/jairolibreros.com\/index.php?rest_route=\/wp\/v2\/media\/2347"}],"wp:attachment":[{"href":"https:\/\/jairolibreros.com\/index.php?rest_route=%2Fwp%2Fv2%2Fmedia&parent=2447"}],"wp:term":[{"taxonomy":"category","embeddable":true,"href":"https:\/\/jairolibreros.com\/index.php?rest_route=%2Fwp%2Fv2%2Fcategories&post=2447"},{"taxonomy":"post_tag","embeddable":true,"href":"https:\/\/jairolibreros.com\/index.php?rest_route=%2Fwp%2Fv2%2Ftags&post=2447"}],"curies":[{"name":"wp","href":"https:\/\/api.w.org\/{rel}","templated":true}]}}