{"id":2470,"date":"2024-01-05T23:46:24","date_gmt":"2024-01-05T23:46:24","guid":{"rendered":"https:\/\/jairolibreros.com\/?p=2470"},"modified":"2025-09-06T22:22:21","modified_gmt":"2025-09-06T22:22:21","slug":"que-esperar-de-la-recta-final-de-las-elecciones-2023","status":"publish","type":"post","link":"https:\/\/jairolibreros.com\/?p=2470","title":{"rendered":"\u00bfQu\u00e9 esperar de la recta final de las elecciones 2023?"},"content":{"rendered":"<p class=\"p1\"><span style=\"font-size: 14pt; font-family: tahoma, arial, helvetica, sans-serif;\"><strong>\u00bfQu\u00e9 esperar de la recta final de las elecciones 2023?<\/strong><\/span><\/p>\n<p><span style=\"text-decoration: underline; font-family: tahoma, arial, helvetica, sans-serif; font-size: 14pt;\"><strong><a href=\"https:\/\/jairolibreros.com\/?page_id=3689\">Jairo Libreros<\/a><\/strong><\/span><\/p>\n<p><span style=\"font-size: 14pt; font-family: tahoma, arial, helvetica, sans-serif;\"><strong>Jairo Libreros<\/strong>\u00a0panelista Hora20 de Caracol Radio<\/span><\/p>\n<p class=\"p1\"><span style=\"font-size: 14pt; font-family: tahoma, arial, helvetica, sans-serif;\">Panelistas consideran que en ciudades como Bogot\u00e1 hay buenos candidatos, que en Medell\u00edn nada est\u00e1 definido y que en Cali, Roberto Ortiz podr\u00eda ganar la alcald\u00eda.<\/span><\/p>\n<p><span style=\"font-size: 14pt; font-family: tahoma, arial, helvetica, sans-serif;\"><em>Redacci\u00f3n Hora20 \u00b7 Nicol\u00e1s Llano\u00b7 #Hora20 \u00b7 23.10.2023<\/em><\/span><\/p>\n<p class=\"p1\"><span style=\"font-size: 14pt; font-family: tahoma, arial, helvetica, sans-serif;\">En Hora20 el an\u00e1lisis en la recta final de las elecciones regionales 2023. Se debati\u00f3 sobre el panorama pol\u00edtico, las alianzas y apoyos que buscan los candidatos a \u00faltima hora, las encuestas y los factores que determinar\u00e1n esta elecci\u00f3n. Tambi\u00e9n se analiz\u00f3 el papel que cumplir\u00e1 el partido de gobierno, los cierres de campa\u00f1a y, por \u00faltimo, el panorama de orden p\u00fablico en elecciones.<\/span><\/p>\n<p class=\"p1\"><span style=\"font-size: 14pt; font-family: tahoma, arial, helvetica, sans-serif;\">Arranc\u00f3 una de las prohibiciones previa a las elecciones, pues a partir de este 23 de octubre los aspirantes en estas elecciones no podr\u00e1n hacer actos de campa\u00f1a en p\u00fablico, con lo cual, el tiempo que queda hasta el 29 de octubre estar\u00e1 concentrado en los debates, lectura de encuestas que se publicar\u00e1n hasta el pr\u00f3ximo s\u00e1bado y reuniones privadas donde se podr\u00edan cocinar nuevas alianzas y coaliciones para asegurar el triunfo el pr\u00f3ximo domingo. Ante este escenario, el pasado fin de semana vimos cierres de campa\u00f1a a lo largo y ancho del pa\u00eds, unos m\u00e1s austeros, otros m\u00e1s abundantes, unos m\u00e1s discretos y otros que buscan llamar m\u00e1s la atenci\u00f3n. Poco m\u00e1s 38,9 millones de colombianos est\u00e1n habilitados para votar en 119 mil puestos de votaci\u00f3n para escoger gobernadores, diputados, alcaldes, concejales y ediles entre m\u00e1s de 128 mil candidatos.<\/span><\/p>\n<p class=\"p1\"><span style=\"font-size: 14pt; font-family: tahoma, arial, helvetica, sans-serif;\">Empieza entonces la recta final de una campa\u00f1a donde los partidos tradicionales buscan mantener el poder en las elecciones regionales, donde el partido de gobierno busca consolidar el triunfo de las presidenciales y legislativas del a\u00f1o pasado y en el que se juega el futuro de las ciudades y regiones del pa\u00eds. En algunas zonas los m\u00e1rgenes son estrechos como para determinar un triunfo previo al domingo, en otras zonas algunos ganadores ya est\u00e1n cantados por el apoyo popular y lo que reflejan las encuestas y hay otras regiones donde se teme por el triste panorama de corrupci\u00f3n, compra de votos, imperio de los clanes y delitos electorales. Mientras tanto el CNE toma decisiones en la revocatoria de candidaturas como la de Rodolfo Hern\u00e1ndez que se cay\u00f3 esta tarde.<\/span><\/p>\n<p class=\"p1\"><span style=\"font-size: 14pt; font-family: tahoma, arial, helvetica, sans-serif;\">La campa\u00f1a tambi\u00e9n ha estado pasada por ataques personales, se\u00f1alamientos entre candidatos y montajes con inteligencia artificial como le pas\u00f3 recientemente a Gal\u00e1n en Bogot\u00e1 y a dos candidatos en el Valle del Cauca, ha sido una contienda en la que gobernantes han renunciado para hacer campa\u00f1a y en la que el temor por las condiciones de orden p\u00fablico es creciente, hay 143 municipios con alguna posibilidad de fraude, la violencia contra candidatos aument\u00f3 37% frente al 2019, seg\u00fan la MOE y todav\u00eda persiste el temor por el libre desarrollo de las votaciones el pr\u00f3ximo domingo.<\/span><\/p>\n<p class=\"p3\"><span style=\"font-size: 14pt; font-family: tahoma, arial, helvetica, sans-serif;\"><b>Lo que dicen los panelistas<\/b><\/span><\/p>\n<p class=\"p1\"><span style=\"font-size: 14pt; font-family: tahoma, arial, helvetica, sans-serif;\"><b>Luz Mar\u00eda Sierra, periodista y directora de El Colombiano,\u00a0<\/b>se\u00f1al\u00f3 que Bogot\u00e1 tiene buenos candidatos, que hay de donde elegir y que se ver\u00e1 el pulso entre petrismo y antipetrismo, \u201cBogot\u00e1 que es plaza petrista y ha sido de izquierda en muchas elecciones, ser\u00e1 una prueba de fuego y seg\u00fan las encuestas parece que la puede perder porque la segunda vuelta estar\u00eda en contra de Bol\u00edvar\u201d.<\/span><\/p>\n<p class=\"p1\"><span style=\"font-size: 14pt; font-family: tahoma, arial, helvetica, sans-serif;\">Sobre Medell\u00edn dijo hay cosas raras y no se puede cantar la victoria de un candidato, as\u00ed la diferencia en encuestas sea mucha, \u201chemos registrado acciones agresivas que se han dado, muchas vienen por las candidaturas del exalcalde quintero, ellos quieren implantar la narrativa de que hay una sociedad violenta y que son las v\u00edctimas de esa sociedad\u201d.<\/span><\/p>\n<p class=\"p1\"><span style=\"font-size: 14pt; font-family: tahoma, arial, helvetica, sans-serif;\">En cuanto a la gobernaci\u00f3n, dijo que parece que la uni\u00f3n Bedoya-P\u00e9rez se dio por instrucci\u00f3n del gobierno nacional, \u201cel otro sector que es antipetro no se puso de acuerdo por diferencias entre An\u00edbal Gaviria y Federico Guti\u00e9rrez y as\u00ed como en la alcald\u00eda el triunfo ser\u00e1 de Federico, en la gobernaci\u00f3n hoy probablemente ser\u00e1 de Luis P\u00e9rez\u201d.<\/span><\/p>\n<p class=\"p1\"><span style=\"font-size: 14pt; font-family: tahoma, arial, helvetica, sans-serif;\"><b>John Marcos Torres, abogado, experto en asuntos corporativos y superintendente delegado para la libre competencia<\/b>, detall\u00f3 que para ganar en Bogot\u00e1 es importante lograr el triunfo en localidades como Engativ\u00e1 y Fontib\u00f3n, adem\u00e1s, dijo que Gal\u00e1n hoy tiene una fuerza pol\u00edtica interesante porque los caciques de la ciudad est\u00e1n con \u00e9l, \u201cla pol\u00edtica electoral est\u00e1 con \u00e9l\u201d, apunt\u00f3.<\/span><\/p>\n<p class=\"p1\"><span style=\"font-size: 14pt; font-family: tahoma, arial, helvetica, sans-serif;\">Tambi\u00e9n destac\u00f3 que independiente de que sea pendular el resultado y se d\u00e9 un voto de aprobaci\u00f3n o castigo ante pol\u00edtica del Presidente, \u201clo que est\u00e1 claro es que no es un derrotado cuando pierde elecciones. Las derrotas fortalecen a Petro y producto del estatuto de la oposici\u00f3n lleg\u00f3 al Congreso; desde ah\u00ed teji\u00f3 la posibilidad de ser presidente\u201d.<\/span><\/p>\n<p class=\"p1\"><span style=\"font-size: 14pt; font-family: tahoma, arial, helvetica, sans-serif;\"><b>Para David Racero, representante a la C\u00e1mara por el Pacto Hist\u00f3rico,\u00a0<\/b>la votaci\u00f3n mediada por Petro en contra o a favor, no tiene mucho sentido, pues advirti\u00f3 que en los \u00faltimos a\u00f1os las elecciones regionales tienen comportamiento diferente al nacional, \u201cUribe convoc\u00f3 referendo y lo perdi\u00f3 y perdi\u00f3 las regionales del 2003 hasta en su tierra, perdi\u00f3 en Antioquia en su momento con Gaviria y la alcald\u00eda lo gan\u00f3 Fajardo, teniendo 70% de favorabilidad\u201d, con lo cual, dice que las regionales no est\u00e1n determinadas por el apoyo o rechazo al gobernante de turno.<\/span><\/p>\n<p class=\"p1\"><span style=\"font-size: 14pt; font-family: tahoma, arial, helvetica, sans-serif;\">Por otro lado, dijo que uno de los perdedores de estas elecciones son el partido Verde al perder dos de las ciudades capitales que gan\u00f3 en 2019, tambi\u00e9n dijo que se ver\u00e1 atrincheramiento de los partidos por cuenta de las coaliciones que han armado los partidos. Por \u00faltimo, dijo que espera que el triunfo del Pacto est\u00e9 concentrado en concejos y asambleas, entendidos como la base de la pol\u00edtica regional.<\/span><\/p>\n<p class=\"p1\"><span style=\"font-size: 14pt; font-family: tahoma, arial, helvetica, sans-serif;\"><b>Para Jairo Libreros, abogado, profesor en la Universidad Externado, consultor y experto en temas de seguridad,\u00a0<\/b>Bogot\u00e1 tiene la caracter\u00edstica particular donde hay voto de opini\u00f3n y voto rebelde, \u201cen la serie hist\u00f3rica tenemos mandatarios locales que difieren, se juegan muchas cosas. Sobre la clientela, hay cierto tipo de pr\u00e1cticas que uno esperar\u00eda que en la capital no se d\u00e9, pero no creo que sean determinantes para elegir alcalde, adem\u00e1s, el voto de opini\u00f3n se informa de manera debida de asuntos de pol\u00edtica p\u00fablica que demandan trabajo especial\u201d.<\/span><\/p>\n<p class=\"p1\"><span style=\"font-size: 14pt; font-family: tahoma, arial, helvetica, sans-serif;\">Sobre la elecci\u00f3n de alcalde en Cali, dijo que hay elementos decisivos bajo variables emocionales,\u00a0<b>\u201c<\/b>en las \u00faltimas semanas hay una intenci\u00f3n de voto marcada en Eder, pero la din\u00e1mica emocional es tan fuerte que este repunte no le alcanza por dos motivos: Roberto Ortiz tiene un trabajo de base muy fuerte que despleg\u00f3 por los \u00faltimos cuatro a\u00f1os que hizo como concejal, es la tercera vez en elecciones y el tema que est\u00e1 en el fondo de discusi\u00f3n es el asunto de seguridad\u201d, tema sobre el cual, Ortiz ha logrado una propuesta m\u00e1s cautivadora.<\/span><\/p>\n<p><span style=\"font-size: 14pt; font-family: tahoma, arial, helvetica, sans-serif;\">Cierre de campa\u00f1as, elecciones y orden p\u00fablico:<\/span><\/p>\n<p><iframe hcb-fetch-image-from=\"https:\/\/www.youtube.com\/watch?v=KpZ63c_Fy3k&amp;t=37s\" title=\"Episodio 6 | Hora 2023: violencia y delitos electorales | Caracol Radio\" width=\"640\" height=\"360\" src=\"https:\/\/www.youtube.com\/embed\/KpZ63c_Fy3k?start=37&#038;feature=oembed\" frameborder=\"0\" allow=\"accelerometer; autoplay; clipboard-write; encrypted-media; gyroscope; picture-in-picture; web-share\" referrerpolicy=\"strict-origin-when-cross-origin\" allowfullscreen><\/iframe><\/p>\n<p class=\"p1\"><span style=\"font-size: 14pt; font-family: tahoma, arial, helvetica, sans-serif;\">El link de Hora20 con el audio del an\u00e1lisis es el siguiente:<\/span><\/p>\n<p><span style=\"text-decoration: underline; font-size: 14pt; font-family: tahoma, arial, helvetica, sans-serif;\"><a href=\"https:\/\/caracol.com.co\/2023\/10\/24\/que-esperar-de-la-recta-final-de-las-elecciones-2023\/\">https:\/\/caracol.com.co\/2023\/10\/24\/que-esperar-de-la-recta-final-de-las-elecciones-2023\/<\/a>\u00a0<\/span><\/p>\n<p style=\"text-align: right;\"><span style=\"text-decoration: underline; font-family: tahoma, arial, helvetica, sans-serif; font-size: 14pt;\"><a href=\"https:\/\/jairolibreros.com\/\"><strong>Blog de Jairo Libreros<\/strong><\/a><\/span><\/p>\n","protected":false},"excerpt":{"rendered":"<p>\u00bfQu\u00e9 esperar de la recta final de las elecciones 2023? Jairo Libreros Jairo Libreros\u00a0panelista Hora20 de Caracol Radio Panelistas consideran que en ciudades <\/p>\n","protected":false},"author":1,"featured_media":428,"comment_status":"open","ping_status":"open","sticky":false,"template":"","format":"standard","meta":{"om_disable_all_campaigns":false,"_monsterinsights_skip_tracking":false,"_monsterinsights_sitenote_active":false,"_monsterinsights_sitenote_note":"","_monsterinsights_sitenote_category":0,"footnotes":""},"categories":[94,1],"tags":[44,54,97,53],"aioseo_notices":[],"class_list":["post-2470","post","type-post","status-publish","format-standard","has-post-thumbnail","hentry","category-caracol-radio","category-jairo-libreros","tag-elecciones","tag-comunicacion-politica","tag-inteligencia-estrategica","tag-politicas-publicas"],"_links":{"self":[{"href":"https:\/\/jairolibreros.com\/index.php?rest_route=\/wp\/v2\/posts\/2470"}],"collection":[{"href":"https:\/\/jairolibreros.com\/index.php?rest_route=\/wp\/v2\/posts"}],"about":[{"href":"https:\/\/jairolibreros.com\/index.php?rest_route=\/wp\/v2\/types\/post"}],"author":[{"embeddable":true,"href":"https:\/\/jairolibreros.com\/index.php?rest_route=\/wp\/v2\/users\/1"}],"replies":[{"embeddable":true,"href":"https:\/\/jairolibreros.com\/index.php?rest_route=%2Fwp%2Fv2%2Fcomments&post=2470"}],"version-history":[{"count":3,"href":"https:\/\/jairolibreros.com\/index.php?rest_route=\/wp\/v2\/posts\/2470\/revisions"}],"predecessor-version":[{"id":3842,"href":"https:\/\/jairolibreros.com\/index.php?rest_route=\/wp\/v2\/posts\/2470\/revisions\/3842"}],"wp:featuredmedia":[{"embeddable":true,"href":"https:\/\/jairolibreros.com\/index.php?rest_route=\/wp\/v2\/media\/428"}],"wp:attachment":[{"href":"https:\/\/jairolibreros.com\/index.php?rest_route=%2Fwp%2Fv2%2Fmedia&parent=2470"}],"wp:term":[{"taxonomy":"category","embeddable":true,"href":"https:\/\/jairolibreros.com\/index.php?rest_route=%2Fwp%2Fv2%2Fcategories&post=2470"},{"taxonomy":"post_tag","embeddable":true,"href":"https:\/\/jairolibreros.com\/index.php?rest_route=%2Fwp%2Fv2%2Ftags&post=2470"}],"curies":[{"name":"wp","href":"https:\/\/api.w.org\/{rel}","templated":true}]}}