{"id":2472,"date":"2024-01-06T00:09:32","date_gmt":"2024-01-06T00:09:32","guid":{"rendered":"https:\/\/jairolibreros.com\/?p=2472"},"modified":"2025-09-06T22:22:52","modified_gmt":"2025-09-06T22:22:52","slug":"paz-total-lideres-sociales-cambios-en-el-dialogo-con-el-eln-y-violencia","status":"publish","type":"post","link":"https:\/\/jairolibreros.com\/?p=2472","title":{"rendered":"Paz total: l\u00edderes sociales, cambios en el di\u00e1logo con el Eln y violencia"},"content":{"rendered":"<p class=\"p1\"><span style=\"font-size: 14pt; font-family: tahoma, arial, helvetica, sans-serif;\"><strong>Paz total: l\u00edderes sociales, cambios en el di\u00e1logo con el Eln y violencia<\/strong><\/span><\/p>\n<p><span style=\"text-decoration: underline; font-family: tahoma, arial, helvetica, sans-serif; font-size: 14pt;\"><strong><a href=\"https:\/\/jairolibreros.com\/?page_id=3689\">Jairo Libreros<\/a><\/strong><\/span><\/p>\n<p><span style=\"font-size: 14pt; font-family: tahoma, arial, helvetica, sans-serif;\"><strong>Jairo Libreros<\/strong>\u00a0panelista Hora20 de Caracol Radio<\/span><\/p>\n<p class=\"p1\"><span style=\"font-size: 14pt; font-family: tahoma, arial, helvetica, sans-serif;\">Panelistas analizaron qu\u00e9 rumbo toma la paz total ante la declaraci\u00f3n de la Corte Constitucional del estado de cosas inconstitucional por el asesinato de l\u00edderes sociales.<\/span><\/p>\n<p><span style=\"font-size: 14pt; font-family: tahoma, arial, helvetica, sans-serif;\"><em>Redacci\u00f3n Hora20 \u00b7 Nicol\u00e1s Llano\u00b7 #Hora20 \u00b7 11.12.2023<\/em><\/span><\/p>\n<p><span style=\"text-decoration: underline; font-size: 14pt; font-family: tahoma, arial, helvetica, sans-serif;\"><a href=\"https:\/\/x.com\/Hora20\/status\/1734347425106547038?s=20\">https:\/\/x.com\/Hora20\/status\/1734347425106547038?s=20<\/a><\/span><\/p>\n<p class=\"p1\"><span style=\"font-size: 14pt; font-family: tahoma, arial, helvetica, sans-serif;\">En Hora20 el an\u00e1lisis a los hechos de coyuntura con los que inicia la semana. Se habl\u00f3 de seguridad y orden p\u00fablico ante el reciente atentado, las cr\u00edticas que despert\u00f3 la respuesta del presidente Petro y los cambios que se han dado en la mesa de negociaci\u00f3n con el Eln. Despu\u00e9s el debate sobre el pol\u00e9mico decreto expedido por el gobierno que seg\u00fan la oposici\u00f3n dejar\u00eda sin herramientas a la Polic\u00eda para controlar el microtr\u00e1fico.<\/span><\/p>\n<p class=\"p1\"><span style=\"font-size: 14pt; font-family: tahoma, arial, helvetica, sans-serif;\">Empieza la segunda semana de diciembre con hechos lamentables del orden p\u00fablico, pues el atentado con tres artefactos explosivos de esta madrugada en el peaje de Boquer\u00f3n en la v\u00eda al Llano que dej\u00f3 a dos personas heridas, contrasta con la decisi\u00f3n de esta tarde del presidente Petro de nombrar a Vera Grabe como jefe de la delegaci\u00f3n del gobierno nacional en los di\u00e1logos con el ELN, pues en adelante el exmilitante por 16 a\u00f1os en el M-19, excongresista y experta en temas de justicia, verdad y paz, el di\u00e1logo con el Eln estar\u00e1 bajo su direcci\u00f3n, un cambio que se da tras la llegada de Otty Pati\u00f1o a la Oficina del Alto Comisionado para la Paz. El atentado de esta madrugada del que todav\u00eda se desconoce los responsables, volvi\u00f3 a despertar una ola de llamados al gobierno nacional para que se adopten estrategias de seguridad, el gobernador del Meta habl\u00f3 de militarizar la v\u00eda, mientras que la alcaldesa de Bogot\u00e1 dijo que la potencia mundial de vida se estaba convirtiendo en potencia mundial del crimen. Mientras tanto, el presidente responde con un escuelo \u201cmmmm\u201d a las cr\u00edticas que hace la oposici\u00f3n por el panorama de violencia en el pa\u00eds.<\/span><\/p>\n<p class=\"p1\"><span style=\"font-size: 14pt; font-family: tahoma, arial, helvetica, sans-serif;\">Estas declaraciones de la alcaldesa L\u00f3pez, se cruzan con cifras de seguridad que se conocieron este lunes, pues Human Rights Watch alert\u00f3 que entre enero y noviembre han sido asesinados 150 l\u00edderes sociales, solo 16 en el mes de noviembre, un escenario que para el organismo internacional genera preocupaci\u00f3n por la p\u00e9rdida de control territorial y ausencia del Estado. Por otro lado, est\u00e1 el drama del secuestro, que como apuntan varios estudios, es el crimen que m\u00e1s ha crecido hoy en el pa\u00eds y que seg\u00fan la Defensor\u00eda del Pueblo a la fecha hay 91 secuestrados en poder de organizaciones como el Eln y el EMC, organizaci\u00f3n que como se revel\u00f3 hoy en el Confidencial de las 12, est\u00e1 utilizando a las Juntas de Acci\u00f3n Comunal para adoctrinarlas militar y pol\u00edticamente, adem\u00e1s, de hacer patrullajes en municipios del Huila e instalar vallas haciendo alusi\u00f3n a la organizaci\u00f3n disidente, como ocurri\u00f3 este fin de semana.<\/span><\/p>\n<p class=\"p1\"><span style=\"font-size: 14pt; font-family: tahoma, arial, helvetica, sans-serif;\"><b>Lo que dicen los panelistas<\/b><\/span><\/p>\n<p class=\"p1\"><span style=\"font-size: 14pt; font-family: tahoma, arial, helvetica, sans-serif;\"><b>Paca Zuleta, directora de la Escuela de Gobierno de la Universidad de los Andes y abogada<\/b>, plante\u00f3 que la declaraci\u00f3n de cosas inconstitucional refleja la falta de presencia del Estado y liderazgo de la Fuerza P\u00fablica para la pol\u00edtica en seguridad, \u201cel<i>\u00a0mmmm\u00a0<\/i>del presidente refleja un desd\u00e9n frente a la acci\u00f3n del estado\u201d, maniest\u00f3. Resalt\u00f3 que lo que ocurre con los l\u00edderes genera un problema de querer callar la voz de la gente y, \u201ctodos esper\u00e1bamos que el gobierno protegiera la voz de la gente y que \u00e9l no le preste atenci\u00f3n al problema desde el d\u00eda cero y termine buscando responsables, mira hacia adentro, no se mira hacia su ausencia de liderazgo, presencia y claridad de qu\u00e9 debe hacer la fuerza del Estado en un momento como este\u201d.<\/span><\/p>\n<p class=\"p1\"><span style=\"font-size: 14pt; font-family: tahoma, arial, helvetica, sans-serif;\">Resalt\u00f3 que ser\u00eda absurdo convertir la declaraci\u00f3n de cosas inconstitucionales en un tema jur\u00eddico, \u201cel gobierno est\u00e1 obligado por la Corte a hacer algo y presentar informes, eso quiere decir que cualquier ciudadano puede perseguir con una acci\u00f3n de cumplimiento al gobierno; es una conminaci\u00f3n seria y requiere capacidad de gesti\u00f3n\u201d.<\/span><\/p>\n<p class=\"p1\"><span style=\"font-size: 14pt; font-family: tahoma, arial, helvetica, sans-serif;\"><b>Jairo Libreros, abogado, profesor en la Universidad Externado, columnista y experto en temas de seguridad,\u00a0<\/b>plante\u00f3 que hay un problema de ausencia, pues la seguridad no es un tema de prioridad para este gobierno, \u201cla administraci\u00f3n Petro en la iniciativa de paz total consider\u00f3 que no necesitaba la seguridad, y no tuvo pol\u00edtica, no tuvo capacidad\u201d. Manifest\u00f3 que tambi\u00e9n ha quedado en evidencia que hay una incapacidad de la clase dirigente para solucionar los problemas, \u201cquienes ostentan el poder son incapaces de encontrar una estrategia que tenga dinero para ejecutarse y lograr objetivos claros\u201d. Tambi\u00e9n manifest\u00f3 que la declaraci\u00f3n de la Corte lleva a que el gobierno priorice por encima de otros problemas, la soluci\u00f3n al asesinato de l\u00edderes sociales.<\/span><\/p>\n<p class=\"p1\"><span style=\"font-size: 14pt; font-family: tahoma, arial, helvetica, sans-serif;\"><b>Para Daniel Valero, editor de pol\u00edtica de El Espectador,\u00a0<\/b>en las elecciones del a\u00f1o pasado se esperaba un cambio para atender el asesinato de lideres, \u201cel actual gobierno est\u00e1 en el poder y tiene que tomar acciones y medidas; s\u00f3lo este a\u00f1o se han asesinado alrededor de 170 y m\u00e1s de 1.500 desde 2016\u2033.<\/span><\/p>\n<p class=\"p1\"><span style=\"font-size: 14pt; font-family: tahoma, arial, helvetica, sans-serif;\">Sobre la llegada de Vera Grabe a la mesa de negociaci\u00f3n con el Eln, dijo que el presidente env\u00eda el mensaje de que la mesa sigue y que no est\u00e1 frenada, adem\u00e1s, de enviar el mensaje de tener a una exintegrante del M-19 que regres\u00f3 a la legalidad, \u201cel presidente se rodea de personas que lo acompa\u00f1aron en sus luchas y es como dici\u00e9ndole al Eln que le haga, que hay buenas intenciones, pero es necesario que ponga de su parte\u201d.<\/span><\/p>\n<p class=\"p1\"><span style=\"font-size: 14pt; font-family: tahoma, arial, helvetica, sans-serif;\"><b>Carlos Augusto Chac\u00f3n, magister en seguridad y estudios pol\u00edticos y director ejecutivo del Instituto de Ciencia Pol\u00edtica Hern\u00e1n Echavarr\u00eda Ol\u00f3zaga<\/b>, manifest\u00f3 que hay que reconocer que el deterioro de las condiciones de seguridad no lleg\u00f3 con el gobierno Petro, pues resalta que este es un problema de capacidad institucional y de voluntad pol\u00edtica. Tambi\u00e9n rescat\u00f3 que el presidente debi\u00f3 sacar una directriz una vez posesionado, en la que se estableciera un protocolo de atenci\u00f3n a las comunidades vulnerable, adem\u00e1s, de tener a la seguridad como un asunto de primer orden, \u201ces una falta de pol\u00edtica, es un problema de concepci\u00f3n, es cuando se piensa que es por v\u00eda negociada con tal de que haya negociaci\u00f3n, de hecho, el excomisionado Rueda hablaba de que clan del Golfo crec\u00eda porque no hay voluntad para sentarse a negociar, pero no, crece es porque hay deterioro de capacidades, de inteligencia\u201d.<\/span><\/p>\n<p class=\"p1\"><span style=\"font-size: 14pt; font-family: tahoma, arial, helvetica, sans-serif;\"><b>Las pol\u00e9micas con las que inicia la semana: Paz total, seguridad y consumo de drogas:<\/b><\/span><\/p>\n<p><iframe hcb-fetch-image-from=\"https:\/\/www.youtube.com\/watch?v=CbycJuVWn14&amp;t=1s\" title=\"HORA 20 - Las pol\u00e9micas con las que inicia la semana: Paz total, seguridad y consumo de drogas\" width=\"640\" height=\"360\" src=\"https:\/\/www.youtube.com\/embed\/CbycJuVWn14?start=1&#038;feature=oembed\" frameborder=\"0\" allow=\"accelerometer; autoplay; clipboard-write; encrypted-media; gyroscope; picture-in-picture; web-share\" referrerpolicy=\"strict-origin-when-cross-origin\" allowfullscreen><\/iframe><\/p>\n<p class=\"p1\"><span style=\"font-size: 14pt; font-family: tahoma, arial, helvetica, sans-serif;\">El link de Hora20 con el audio del an\u00e1lisis es el siguiente:<\/span><\/p>\n<p><span style=\"text-decoration: underline; font-size: 14pt; font-family: tahoma, arial, helvetica, sans-serif;\"><a href=\"https:\/\/caracol.com.co\/2023\/12\/12\/paz-total-lideres-sociales-cambios-en-el-dialogo-con-el-eln-y-violencia\/\">https:\/\/caracol.com.co\/2023\/12\/12\/paz-total-lideres-sociales-cambios-en-el-dialogo-con-el-eln-y-violencia\/\u00a0<\/a><\/span><\/p>\n<p style=\"text-align: right;\"><span style=\"text-decoration: underline; font-family: tahoma, arial, helvetica, sans-serif; font-size: 14pt;\"><a href=\"https:\/\/jairolibreros.com\/\"><strong>Blog de Jairo Libreros<\/strong><\/a><\/span><\/p>\n","protected":false},"excerpt":{"rendered":"<p>Paz total: l\u00edderes sociales, cambios en el di\u00e1logo con el Eln y violencia Jairo Libreros Jairo Libreros\u00a0panelista Hora20 de Caracol Radio Panelistas analizaron <\/p>\n","protected":false},"author":1,"featured_media":428,"comment_status":"open","ping_status":"open","sticky":false,"template":"","format":"standard","meta":{"om_disable_all_campaigns":false,"_monsterinsights_skip_tracking":false,"_monsterinsights_sitenote_active":false,"_monsterinsights_sitenote_note":"","_monsterinsights_sitenote_category":0,"footnotes":""},"categories":[94,1],"tags":[54,90,97,53,39],"aioseo_notices":[],"class_list":["post-2472","post","type-post","status-publish","format-standard","has-post-thumbnail","hentry","category-caracol-radio","category-jairo-libreros","tag-comunicacion-politica","tag-seguridad-y-defensa-nacional","tag-inteligencia-estrategica","tag-politicas-publicas","tag-seguridad-ciudadana"],"_links":{"self":[{"href":"https:\/\/jairolibreros.com\/index.php?rest_route=\/wp\/v2\/posts\/2472"}],"collection":[{"href":"https:\/\/jairolibreros.com\/index.php?rest_route=\/wp\/v2\/posts"}],"about":[{"href":"https:\/\/jairolibreros.com\/index.php?rest_route=\/wp\/v2\/types\/post"}],"author":[{"embeddable":true,"href":"https:\/\/jairolibreros.com\/index.php?rest_route=\/wp\/v2\/users\/1"}],"replies":[{"embeddable":true,"href":"https:\/\/jairolibreros.com\/index.php?rest_route=%2Fwp%2Fv2%2Fcomments&post=2472"}],"version-history":[{"count":2,"href":"https:\/\/jairolibreros.com\/index.php?rest_route=\/wp\/v2\/posts\/2472\/revisions"}],"predecessor-version":[{"id":3843,"href":"https:\/\/jairolibreros.com\/index.php?rest_route=\/wp\/v2\/posts\/2472\/revisions\/3843"}],"wp:featuredmedia":[{"embeddable":true,"href":"https:\/\/jairolibreros.com\/index.php?rest_route=\/wp\/v2\/media\/428"}],"wp:attachment":[{"href":"https:\/\/jairolibreros.com\/index.php?rest_route=%2Fwp%2Fv2%2Fmedia&parent=2472"}],"wp:term":[{"taxonomy":"category","embeddable":true,"href":"https:\/\/jairolibreros.com\/index.php?rest_route=%2Fwp%2Fv2%2Fcategories&post=2472"},{"taxonomy":"post_tag","embeddable":true,"href":"https:\/\/jairolibreros.com\/index.php?rest_route=%2Fwp%2Fv2%2Ftags&post=2472"}],"curies":[{"name":"wp","href":"https:\/\/api.w.org\/{rel}","templated":true}]}}