{"id":2474,"date":"2024-01-06T00:36:31","date_gmt":"2024-01-06T00:36:31","guid":{"rendered":"https:\/\/jairolibreros.com\/?p=2474"},"modified":"2025-09-06T00:40:31","modified_gmt":"2025-09-06T00:40:31","slug":"soy-la-voz-de-quienes-rechazamos-los-niveles-de-inseguridad-que-padecemos-en-colombia","status":"publish","type":"post","link":"https:\/\/jairolibreros.com\/?p=2474","title":{"rendered":"Soy la voz de quienes rechazamos los niveles de inseguridad que padecemos en Colombia"},"content":{"rendered":"<p><span style=\"font-size: 14pt; font-family: tahoma, arial, helvetica, sans-serif;\"><strong>Soy la voz de quienes rechazamos los niveles de inseguridad que padecemos en Colombia<\/strong><\/span><\/p>\n<p><span style=\"text-decoration: underline; font-size: 14pt; font-family: tahoma, arial, helvetica, sans-serif;\"><strong><a href=\"https:\/\/jairolibreros.com\/?page_id=3689\">Jairo Libreros<\/a><\/strong><\/span><\/p>\n<p><span style=\"font-size: 14pt; font-family: tahoma, arial, helvetica, sans-serif;\"><strong>Jairo Libreros<\/strong>\u00a0panelista Hora20 de Caracol Radio<\/span><\/p>\n<p><span style=\"font-size: 14pt; font-family: tahoma, arial, helvetica, sans-serif;\"><em><a class=\"css-4rbku5 css-18t94o4 css-901oao css-16my406 r-1cvl2hr r-1loqt21 r-poiln3 r-bcqeeo r-1ny4l3l r-1ddef8g r-tjvw6i r-qvutc0\" dir=\"ltr\" role=\"link\" href=\"https:\/\/twitter.com\/hashtag\/SoyLaVoz?src=hashtag_click\">#SoyLaVoz<\/a> \u00b7 La Luci\u00e9rnaga \u00b7 Caracol Radio \u00b7 07.11.2023<\/em><\/span><\/p>\n<p class=\"p1\"><span style=\"font-size: 14pt; font-family: tahoma, arial, helvetica, sans-serif;\">Hola, les habla <strong>Jairo Libreros, profesor de la Universidad Externado de Colombia<\/strong>, y soy la voz de quienes rechazamos los niveles de inseguridad que padecemos en Colombia, y exigimos una respuesta de pol\u00edtica p\u00fablica para garantizar la vida e integridad, la libertad y el patrimonio de los ciudadanos.<\/span><\/p>\n<p class=\"p1\"><span style=\"font-size: 14pt; font-family: tahoma, arial, helvetica, sans-serif;\">Las muertes violentas, ll\u00e1menlas masacres, ajustes de cuentas y homicidios se registran todos los d\u00edas. Las denuncias por hurto de veh\u00edculos, a viviendas y a entidades comerciales y financieras son el pan de cada d\u00eda. El secuestro de don Luis Manuel D\u00edaz, padre del gran Lucho, nuestro futbolista en el Liverpool, es un incumplimiento miserable del ELN, que deja sin oxigeno el proceso de negociaci\u00f3n y en estado cr\u00edtico la paz total del presidente Gustavo Petro.<span class=\"Apple-converted-space\">\u00a0<\/span><\/span><\/p>\n<p class=\"p1\"><span style=\"font-size: 14pt; font-family: tahoma, arial, helvetica, sans-serif;\">\u00bfQu\u00e9 hacer? F\u00f3rmulas m\u00e1gicas no existen. Pero lo que si sabemos es que sin liderazgo, trabajo interinstitucional, reglas claras de negociaci\u00f3n y sometimiento a la justicia e implementaci\u00f3n de estrategias de seguridad ciudadana no vamos a salir de la crisis que le arrebat\u00f3 la tranquilidad a los colombianos.<\/span><\/p>\n<p class=\"p1\"><span style=\"font-size: 14pt; font-family: tahoma, arial, helvetica, sans-serif;\">Se\u00f1or presidente Petro: ya es tarde, pero las puertas no est\u00e1n cerradas para la gesti\u00f3n p\u00fablica. Tome nuevas decisiones de pol\u00edtica p\u00fablica. La estrategia de seguridad que present\u00f3 hace un par de meses fracas\u00f3. Fue un ejercicio err\u00e1tico sin valor alguno. Rectifique el rumbo. Lidere, impulse y apoye a los nuevos mandatarios municipales, distritales y departamentales para establecer una verdadera hoja de ruta por la seguridad de los colombianos.<\/span><\/p>\n<p class=\"p1\"><span style=\"font-size: 14pt; font-family: tahoma, arial, helvetica, sans-serif;\">Tiene dos meses para concertar un nuevo rumbo territorial. Si llegamos a enero de 2024 sin nuevas coordenadas de seguridad ciudadana, su mandato presidencial puede pasar a la historia como uno de los per\u00edodos m\u00e1s violentos e inseguros de la historia colombiana por cuenta de la estela de v\u00edctimas que injustamente por inacci\u00f3n gubernamental pierden su vida, su libertad y su patrimonio en manos de los delincuentes.<\/span><\/p>\n<!--[if lt IE 9]><script>document.createElement('audio');<\/script><![endif]-->\n<audio class=\"wp-audio-shortcode\" id=\"audio-2474-1\" preload=\"none\" style=\"width: 100%;\" controls=\"controls\"><source type=\"audio\/mpeg\" src=\"https:\/\/jairolibreros.com\/wp-content\/uploads\/2024\/01\/AUDIO-2023-11-07-18-36-12.mp3?_=1\" \/><a href=\"https:\/\/jairolibreros.com\/wp-content\/uploads\/2024\/01\/AUDIO-2023-11-07-18-36-12.mp3\">https:\/\/jairolibreros.com\/wp-content\/uploads\/2024\/01\/AUDIO-2023-11-07-18-36-12.mp3<\/a><\/audio>\n<p style=\"text-align: right;\"><span style=\"font-size: 14pt; font-family: tahoma, arial, helvetica, sans-serif;\"><a href=\"https:\/\/jairolibreros.com\/\"><strong><span style=\"text-decoration: underline;\">Blog de Jairo Libreros<\/span><\/strong><\/a><\/span><\/p>\n","protected":false},"excerpt":{"rendered":"<p>Soy la voz de quienes rechazamos los niveles de inseguridad que padecemos en Colombia Jairo Libreros Jairo Libreros\u00a0panelista Hora20 de Caracol Radio #SoyLaVoz <\/p>\n","protected":false},"author":1,"featured_media":428,"comment_status":"open","ping_status":"open","sticky":false,"template":"","format":"standard","meta":{"om_disable_all_campaigns":false,"_monsterinsights_skip_tracking":false,"_monsterinsights_sitenote_active":false,"_monsterinsights_sitenote_note":"","_monsterinsights_sitenote_category":0,"footnotes":""},"categories":[94,1],"tags":[90,53,39],"aioseo_notices":[],"class_list":["post-2474","post","type-post","status-publish","format-standard","has-post-thumbnail","hentry","category-caracol-radio","category-jairo-libreros","tag-seguridad-y-defensa-nacional","tag-politicas-publicas","tag-seguridad-ciudadana"],"_links":{"self":[{"href":"https:\/\/jairolibreros.com\/index.php?rest_route=\/wp\/v2\/posts\/2474"}],"collection":[{"href":"https:\/\/jairolibreros.com\/index.php?rest_route=\/wp\/v2\/posts"}],"about":[{"href":"https:\/\/jairolibreros.com\/index.php?rest_route=\/wp\/v2\/types\/post"}],"author":[{"embeddable":true,"href":"https:\/\/jairolibreros.com\/index.php?rest_route=\/wp\/v2\/users\/1"}],"replies":[{"embeddable":true,"href":"https:\/\/jairolibreros.com\/index.php?rest_route=%2Fwp%2Fv2%2Fcomments&post=2474"}],"version-history":[{"count":4,"href":"https:\/\/jairolibreros.com\/index.php?rest_route=\/wp\/v2\/posts\/2474\/revisions"}],"predecessor-version":[{"id":3845,"href":"https:\/\/jairolibreros.com\/index.php?rest_route=\/wp\/v2\/posts\/2474\/revisions\/3845"}],"wp:featuredmedia":[{"embeddable":true,"href":"https:\/\/jairolibreros.com\/index.php?rest_route=\/wp\/v2\/media\/428"}],"wp:attachment":[{"href":"https:\/\/jairolibreros.com\/index.php?rest_route=%2Fwp%2Fv2%2Fmedia&parent=2474"}],"wp:term":[{"taxonomy":"category","embeddable":true,"href":"https:\/\/jairolibreros.com\/index.php?rest_route=%2Fwp%2Fv2%2Fcategories&post=2474"},{"taxonomy":"post_tag","embeddable":true,"href":"https:\/\/jairolibreros.com\/index.php?rest_route=%2Fwp%2Fv2%2Ftags&post=2474"}],"curies":[{"name":"wp","href":"https:\/\/api.w.org\/{rel}","templated":true}]}}