{"id":2489,"date":"2024-01-06T01:13:09","date_gmt":"2024-01-06T01:13:09","guid":{"rendered":"https:\/\/jairolibreros.com\/?p=2489"},"modified":"2025-09-06T01:06:45","modified_gmt":"2025-09-06T01:06:45","slug":"soy-la-voz-de-quienes-creemos-en-una-negociacion-politica-del-conflicto-armado-y-en-una-alternativa-pactada-con-las-estructuras-del-crimen-para-su-sometimiento-a-la-justicia","status":"publish","type":"post","link":"https:\/\/jairolibreros.com\/?p=2489","title":{"rendered":"Soy la voz de quienes creemos en una negociaci\u00f3n pol\u00edtica del conflicto armado y en una alternativa pactada con las estructuras del crimen para su sometimiento a la justicia"},"content":{"rendered":"<p><span style=\"font-size: 14pt; font-family: tahoma, arial, helvetica, sans-serif;\"><strong>Soy la voz de quienes creemos en una negociaci\u00f3n pol\u00edtica del conflicto armado y en una alternativa pactada con las estructuras del crimen para su sometimiento a la justicia<\/strong><\/span><\/p>\n<p><span style=\"text-decoration: underline; font-family: tahoma, arial, helvetica, sans-serif; font-size: 14pt;\"><strong><a href=\"https:\/\/jairolibreros.com\/?page_id=3689\">Jairo Libreros<\/a><\/strong><\/span><\/p>\n<p><span style=\"font-size: 14pt; font-family: tahoma, arial, helvetica, sans-serif;\"><strong>Jairo Libreros<\/strong>\u00a0\u00a0panelista Hora20 de Caracol Radio<\/span><\/p>\n<p><span style=\"font-size: 14pt; font-family: tahoma, arial, helvetica, sans-serif;\"><em><a class=\"css-4rbku5 css-18t94o4 css-901oao css-16my406 r-1cvl2hr r-1loqt21 r-poiln3 r-bcqeeo r-1ny4l3l r-1ddef8g r-tjvw6i r-qvutc0\" dir=\"ltr\" role=\"link\" href=\"https:\/\/twitter.com\/hashtag\/SoyLaVoz?src=hashtag_click\">#SoyLaVoz<\/a> \u00b7 La Luci\u00e9rnaga \u00b7 Caracol Radio \u00b7 01.12.2023<\/em><\/span><\/p>\n<p class=\"p1\"><span style=\"font-size: 14pt; font-family: tahoma, arial, helvetica, sans-serif;\">Hola, les habla <strong>Jairo Libreros, profesor de la Universidad Externado de Colombia<\/strong>, y soy la voz de quienes creemos en una negociaci\u00f3n pol\u00edtica del conflicto armado y en una alternativa pactada con las estructuras del crimen para su sometimiento a la justicia.<\/span><\/p>\n<p class=\"p1\"><span style=\"font-size: 14pt; font-family: tahoma, arial, helvetica, sans-serif;\">La paz total super\u00f3 el primer examen ante la Corte Constitucional. La ley que soporta las negociaciones con bandas criminales, disidencias e insurgentes est\u00e1 bajo los par\u00e1metros de la Carta Pol\u00edtica. Si bien el ejecutivo no puede aplicar la figura de los voceros de paz a quienes se encuentren privadas de la libertad ni negociar un sometimiento sin la participaci\u00f3n de las otras ramas del poder p\u00fablico, la hoja de ruta de la Casa de Nari\u00f1o es viable.<\/span><\/p>\n<p class=\"p1\"><span style=\"font-size: 14pt; font-family: tahoma, arial, helvetica, sans-serif;\">Ahora le corresponde al presidente Gustavo Petro materializar el hundimiento de su malograda primera pol\u00edtica de seguridad e implementar la nueva estrategia que nos anunci\u00f3 en d\u00edas pasados, la cual deber\u00eda estar sintonizada con el objeto de la paz total y con la soluci\u00f3n a las exigencias de seguridad que reclamamos los colombianos.<\/span><\/p>\n<p class=\"p1\"><span style=\"font-size: 14pt; font-family: tahoma, arial, helvetica, sans-serif;\">Pero el bal\u00f3n no solo est\u00e1 en la cancha de la rama ejecutiva. El segundo examen lo deben aprobar los actores violentos, quienes deben confirmar su voluntad de paz con hechos incontrovertibles. Por ejemplo, no cometer homicidios, secuestros, reclutamientos forzados, entre muchas otras modalidades delictivas.<span class=\"Apple-converted-space\">\u00a0<\/span><\/span><\/p>\n<p class=\"p1\"><span style=\"font-size: 14pt; font-family: tahoma, arial, helvetica, sans-serif;\">Y le corresponde a los partidos pol\u00edticos en el Congreso de la Rep\u00fablica superar el tercer examen, es esto, estudiar, tramitar, ajustar y aprobar una ley de sometimiento a la justicia, en los t\u00e9rminos estipulados por la Corte Constitucional.<\/span><\/p>\n<p class=\"p1\"><span style=\"font-size: 14pt; font-family: tahoma, arial, helvetica, sans-serif;\">En conclusi\u00f3n, no hay espacio para vacilaciones. O avanzamos con las negociaciones de paz y de sometimiento a la justicia o seguiremos atados a un pasado violento que nos ha negado la oportunidad de vivir en paz.<\/span><\/p>\n<!--[if lt IE 9]><script>document.createElement('audio');<\/script><![endif]-->\n<audio class=\"wp-audio-shortcode\" id=\"audio-2489-1\" preload=\"none\" style=\"width: 100%;\" controls=\"controls\"><source type=\"audio\/mpeg\" src=\"https:\/\/jairolibreros.com\/wp-content\/uploads\/2024\/01\/AUDIO-2023-12-01-18-41-12.mp3?_=1\" \/><a href=\"https:\/\/jairolibreros.com\/wp-content\/uploads\/2024\/01\/AUDIO-2023-12-01-18-41-12.mp3\">https:\/\/jairolibreros.com\/wp-content\/uploads\/2024\/01\/AUDIO-2023-12-01-18-41-12.mp3<\/a><\/audio>\n<p style=\"text-align: right;\"><span style=\"text-decoration: underline; font-family: tahoma, arial, helvetica, sans-serif; font-size: 14pt;\"><a href=\"https:\/\/jairolibreros.com\/\"><strong>Blog de Jairo Libreros<\/strong><\/a><\/span><\/p>\n","protected":false},"excerpt":{"rendered":"<p>Soy la voz de quienes creemos en una negociaci\u00f3n pol\u00edtica del conflicto armado y en una alternativa pactada con las estructuras del crimen <\/p>\n","protected":false},"author":1,"featured_media":428,"comment_status":"open","ping_status":"open","sticky":false,"template":"","format":"standard","meta":{"om_disable_all_campaigns":false,"_monsterinsights_skip_tracking":false,"_monsterinsights_sitenote_active":false,"_monsterinsights_sitenote_note":"","_monsterinsights_sitenote_category":0,"footnotes":""},"categories":[94,1],"tags":[53,39],"aioseo_notices":[],"class_list":["post-2489","post","type-post","status-publish","format-standard","has-post-thumbnail","hentry","category-caracol-radio","category-jairo-libreros","tag-politicas-publicas","tag-seguridad-ciudadana"],"_links":{"self":[{"href":"https:\/\/jairolibreros.com\/index.php?rest_route=\/wp\/v2\/posts\/2489"}],"collection":[{"href":"https:\/\/jairolibreros.com\/index.php?rest_route=\/wp\/v2\/posts"}],"about":[{"href":"https:\/\/jairolibreros.com\/index.php?rest_route=\/wp\/v2\/types\/post"}],"author":[{"embeddable":true,"href":"https:\/\/jairolibreros.com\/index.php?rest_route=\/wp\/v2\/users\/1"}],"replies":[{"embeddable":true,"href":"https:\/\/jairolibreros.com\/index.php?rest_route=%2Fwp%2Fv2%2Fcomments&post=2489"}],"version-history":[{"count":4,"href":"https:\/\/jairolibreros.com\/index.php?rest_route=\/wp\/v2\/posts\/2489\/revisions"}],"predecessor-version":[{"id":3850,"href":"https:\/\/jairolibreros.com\/index.php?rest_route=\/wp\/v2\/posts\/2489\/revisions\/3850"}],"wp:featuredmedia":[{"embeddable":true,"href":"https:\/\/jairolibreros.com\/index.php?rest_route=\/wp\/v2\/media\/428"}],"wp:attachment":[{"href":"https:\/\/jairolibreros.com\/index.php?rest_route=%2Fwp%2Fv2%2Fmedia&parent=2489"}],"wp:term":[{"taxonomy":"category","embeddable":true,"href":"https:\/\/jairolibreros.com\/index.php?rest_route=%2Fwp%2Fv2%2Fcategories&post=2489"},{"taxonomy":"post_tag","embeddable":true,"href":"https:\/\/jairolibreros.com\/index.php?rest_route=%2Fwp%2Fv2%2Ftags&post=2489"}],"curies":[{"name":"wp","href":"https:\/\/api.w.org\/{rel}","templated":true}]}}