{"id":2498,"date":"2024-02-04T13:57:44","date_gmt":"2024-02-04T13:57:44","guid":{"rendered":"https:\/\/jairolibreros.com\/?p=2498"},"modified":"2025-09-06T22:23:23","modified_gmt":"2025-09-06T22:23:23","slug":"a-que-ministros-cambiaria-si-fuera-presidente-de-la-republica","status":"publish","type":"post","link":"https:\/\/jairolibreros.com\/?p=2498","title":{"rendered":"\u00bfA qu\u00e9 ministros cambiar\u00eda si fuera presidente de la Rep\u00fablica?"},"content":{"rendered":"<p><span style=\"font-size: 14pt; font-family: tahoma, arial, helvetica, sans-serif;\"><strong>\u00bfA qu\u00e9 ministros cambiar\u00eda si fuera presidente de la Rep\u00fablica?<\/strong><\/span><\/p>\n<p><span style=\"text-decoration: underline; font-family: tahoma, arial, helvetica, sans-serif; font-size: 14pt;\"><strong><a href=\"https:\/\/jairolibreros.com\/?page_id=3689\">Jairo Libreros<\/a><\/strong><\/span><\/p>\n<p><span style=\"font-size: 14pt; font-family: tahoma, arial, helvetica, sans-serif;\"><strong>Jairo Libreros<\/strong> panelista Hora20 de Caracol Radio<\/span><\/p>\n<p><span style=\"font-size: 14pt; font-family: tahoma, arial, helvetica, sans-serif;\"><em>6Am Hoy por Hoy \u00b7 #6AM \u00b7 Caracol Radio \u00b7 02.02.2024<\/em><\/span><\/p>\n<p><span style=\"font-size: 14pt; font-family: tahoma, arial, helvetica, sans-serif;\"><a href=\"https:\/\/x.com\/6AMCaracol\/status\/1753878271995818166?s=20\"><span style=\"text-decoration: underline;\">https:\/\/x.com\/6AMCaracol\/status\/1753878271995818166?s=20<\/span><\/a><\/span><\/p>\n<p class=\"p1\"><span style=\"font-size: 14pt; font-family: tahoma, arial, helvetica, sans-serif;\">Gustavo, buenos d\u00edas<span class=\"Apple-converted-space\">\u00a0<\/span><\/span><\/p>\n<p class=\"p1\"><span style=\"font-size: 14pt; font-family: tahoma, arial, helvetica, sans-serif;\">Hace 18 meses Ivan Vel\u00e1zquez se posesion\u00f3 como ministro de defensa nacional. Pero no ejerci\u00f3 el cargo. Nuuunca. Su papel como tomador de decisiones de pol\u00edtica p\u00fablica de seguridad y defensa nacional es irrelevante. Anecd\u00f3tico. Fantasmag\u00f3rico.<\/span><\/p>\n<p class=\"p1\"><span style=\"font-size: 14pt; font-family: tahoma, arial, helvetica, sans-serif;\">En lo que va del periodo constitucional del presidente Gustavo Petro, la \u00fanica cartera ministerial ac\u00e9fala es MinDefensa. Vel\u00e1zquez se posesion\u00f3 sin tener una sola idea clara. Y saldr\u00e1 sin pena ni gloria -no del ministerio-, sino de su propia burbuja en id\u00e9nticas condiciones, porque no se esforz\u00f3 por entender la misi\u00f3n constitucional de la Fuerza P\u00fablica ni el papel de un civil como ministro de defensa.<\/span><\/p>\n<p class=\"p1\"><span style=\"font-size: 14pt; font-family: tahoma, arial, helvetica, sans-serif;\">El l\u00edo para Colombia y para nosotros los colombianos consiste en que Vel\u00e1zquez apag\u00f3 el ministerio. Lo dej\u00f3 en cuidados intensivos. La pol\u00edtica p\u00fablica de seguridad. La pol\u00edtica de paz total. Las operaciones de inteligencia, las operaciones militares y las operaciones de polic\u00eda perdieron su valor estrat\u00e9gico. Si bien public\u00f3 un texto como si fuera una hoja de ruta, en realidad seguimos sin tener una pol\u00edtica p\u00fablica de seguridad y defensa nacional.<\/span><\/p>\n<p class=\"p1\"><span style=\"font-size: 14pt; font-family: tahoma, arial, helvetica, sans-serif;\">La lista de desaciertos y fracasos es m\u00e1s larga. Por ejemplo, Vel\u00e1zquez no logr\u00f3 renovar la flota de aviones de combate. Por ello, nuestra nueva fuerza aeroespacial -h\u00e1game el favor- navegar\u00e1 por nuestro espacio pero desde un c\u00f3modo simulador de vuelo. En fin\u2026, para qu\u00e9 continuar: Vel\u00e1zquez tiene que dar un paso al costado.<\/span><\/p>\n<!--[if lt IE 9]><script>document.createElement('audio');<\/script><![endif]-->\n<audio class=\"wp-audio-shortcode\" id=\"audio-2498-1\" preload=\"none\" style=\"width: 100%;\" controls=\"controls\"><source type=\"audio\/mpeg\" src=\"https:\/\/jairolibreros.com\/wp-content\/uploads\/2024\/02\/AUDIO-2024-02-01-22-32-19.m4a?_=1\" \/><a href=\"https:\/\/jairolibreros.com\/wp-content\/uploads\/2024\/02\/AUDIO-2024-02-01-22-32-19.m4a\">https:\/\/jairolibreros.com\/wp-content\/uploads\/2024\/02\/AUDIO-2024-02-01-22-32-19.m4a<\/a><\/audio>\n<p>&nbsp;<\/p>\n<p><span style=\"text-decoration: underline; font-size: 14pt; font-family: tahoma, arial, helvetica, sans-serif;\"><a href=\"https:\/\/caracol.com.co\/2024\/02\/02\/a-que-ministros-cambiaria-si-fuera-presidente-de-la-republica-responde-la-opinion-publica\/\">https:\/\/caracol.com.co\/2024\/02\/02\/a-que-ministros-cambiaria-si-fuera-presidente-de-la-republica-responde-la-opinion-publica\/<\/a><\/span><\/p>\n<p style=\"text-align: right;\"><span style=\"font-family: tahoma, arial, helvetica, sans-serif; font-size: 14pt;\"><a href=\"https:\/\/jairolibreros.com\/\"><strong><span style=\"text-decoration: underline;\">Blog de Jairo Libreros<\/span><\/strong><\/a><\/span><\/p>\n","protected":false},"excerpt":{"rendered":"<p>\u00bfA qu\u00e9 ministros cambiar\u00eda si fuera presidente de la Rep\u00fablica? Jairo Libreros Jairo Libreros panelista Hora20 de Caracol Radio 6Am Hoy por Hoy <\/p>\n","protected":false},"author":1,"featured_media":428,"comment_status":"open","ping_status":"open","sticky":false,"template":"","format":"standard","meta":{"om_disable_all_campaigns":false,"_monsterinsights_skip_tracking":false,"_monsterinsights_sitenote_active":false,"_monsterinsights_sitenote_note":"","_monsterinsights_sitenote_category":0,"footnotes":""},"categories":[94,1],"tags":[90,97,53,39],"aioseo_notices":[],"class_list":["post-2498","post","type-post","status-publish","format-standard","has-post-thumbnail","hentry","category-caracol-radio","category-jairo-libreros","tag-seguridad-y-defensa-nacional","tag-inteligencia-estrategica","tag-politicas-publicas","tag-seguridad-ciudadana"],"_links":{"self":[{"href":"https:\/\/jairolibreros.com\/index.php?rest_route=\/wp\/v2\/posts\/2498"}],"collection":[{"href":"https:\/\/jairolibreros.com\/index.php?rest_route=\/wp\/v2\/posts"}],"about":[{"href":"https:\/\/jairolibreros.com\/index.php?rest_route=\/wp\/v2\/types\/post"}],"author":[{"embeddable":true,"href":"https:\/\/jairolibreros.com\/index.php?rest_route=\/wp\/v2\/users\/1"}],"replies":[{"embeddable":true,"href":"https:\/\/jairolibreros.com\/index.php?rest_route=%2Fwp%2Fv2%2Fcomments&post=2498"}],"version-history":[{"count":5,"href":"https:\/\/jairolibreros.com\/index.php?rest_route=\/wp\/v2\/posts\/2498\/revisions"}],"predecessor-version":[{"id":3854,"href":"https:\/\/jairolibreros.com\/index.php?rest_route=\/wp\/v2\/posts\/2498\/revisions\/3854"}],"wp:featuredmedia":[{"embeddable":true,"href":"https:\/\/jairolibreros.com\/index.php?rest_route=\/wp\/v2\/media\/428"}],"wp:attachment":[{"href":"https:\/\/jairolibreros.com\/index.php?rest_route=%2Fwp%2Fv2%2Fmedia&parent=2498"}],"wp:term":[{"taxonomy":"category","embeddable":true,"href":"https:\/\/jairolibreros.com\/index.php?rest_route=%2Fwp%2Fv2%2Fcategories&post=2498"},{"taxonomy":"post_tag","embeddable":true,"href":"https:\/\/jairolibreros.com\/index.php?rest_route=%2Fwp%2Fv2%2Ftags&post=2498"}],"curies":[{"name":"wp","href":"https:\/\/api.w.org\/{rel}","templated":true}]}}