{"id":2500,"date":"2024-02-04T14:13:23","date_gmt":"2024-02-04T14:13:23","guid":{"rendered":"https:\/\/jairolibreros.com\/?p=2500"},"modified":"2025-10-22T14:09:45","modified_gmt":"2025-10-22T14:09:45","slug":"elecciones-en-el-salvador-el-efecto-bukele-y-el-futuro-de-la-democracia","status":"publish","type":"post","link":"https:\/\/jairolibreros.com\/?p=2500","title":{"rendered":"Elecciones en El Salvador: el efecto Bukele y el futuro de la democracia"},"content":{"rendered":"<p><span style=\"font-size: 14pt; font-family: tahoma, arial, helvetica, sans-serif;\"><strong>Elecciones en El Salvador: el efecto Bukele y el futuro de la democracia<\/strong><\/span><\/p>\n<p><span style=\"font-family: tahoma, arial, helvetica, sans-serif; font-size: 14pt;\"><strong><a href=\"https:\/\/jairolibreros.com\/?page_id=3689\"><span style=\"text-decoration: underline;\">Jairo Libreros<\/span><\/a><\/strong><\/span><\/p>\n<p><span style=\"font-size: 14pt; font-family: tahoma, arial, helvetica, sans-serif;\"><strong>Jairo Libreros<\/strong> panelista Hora20 de Caracol Radio<\/span><\/p>\n<p class=\"p1\"><span style=\"font-size: 14pt; font-family: tahoma, arial, helvetica, sans-serif;\">Cinco expertos analizaron el posible triunfo del actual presidente y el impacto en la estabilidad democr\u00e1tica de El Salvador.<\/span><\/p>\n<p><span style=\"text-decoration: underline; font-size: 14pt; font-family: tahoma, arial, helvetica, sans-serif;\"><a href=\"https:\/\/x.com\/JairoLibreros\/status\/1753586465265594876?s=20\">https:\/\/x.com\/JairoLibreros\/status\/1753586465265594876?s=20<\/a><\/span><\/p>\n<p><span style=\"font-size: 14pt; font-family: tahoma, arial, helvetica, sans-serif;\"><em>Redacci\u00f3n Hora20 \u00b7 Nicol\u00e1s Llano\u00b7 #Hora20 \u00b7 02.02.2024<\/em><\/span><\/p>\n<p class=\"p1\"><span style=\"font-size: 14pt; font-family: tahoma, arial, helvetica, sans-serif;\">Esta noche de viernes en Hora20 nos vamos para El Salvador. Pa\u00eds que en pocas horas acudir\u00e1 a las urnas para elegir presidente y una nueva asamblea legislativa. Se analiz\u00f3 de la importancia de estas elecciones, del impacto democr\u00e1tico de la nueva candidatura de Nayib Bukele, de las altas posibilidades de seguir gobernando el pa\u00eds, as\u00ed como una mirada a los actores clave en esta elecci\u00f3n.<\/span><\/p>\n<p class=\"p1\"><span style=\"font-size: 14pt; font-family: tahoma, arial, helvetica, sans-serif;\">En menos de 36 horas cerca de 6,2 millones de salvadore\u00f1os acudir\u00e1n a las urnas para elegir presidente. El resultado parece estar cantado, pues las encuestas publicadas en enero como la de CID-Gallup, demuestran que la intenci\u00f3n de voto de Nayib Bukele ronda el 79%, mientras que el resto de sus cinco competidores no superan m\u00e1s del 3%. Quien se ha hecho llamar como el \u201cpresidente millenial\u201d o \u201cel dictador m\u00e1s cool del mundo\u201d, ha logrado saltarse la constituci\u00f3n con una interpretaci\u00f3n que hizo la Corte Suprema de Justicia que en 2014 estableci\u00f3 que se deb\u00eda esperar 10 a\u00f1os para volver a aspirar a la presidente, pues con un cambio de magistrados tras la destituci\u00f3n de 10 de 15 de ellos, se estableci\u00f3 que s\u00ed podr\u00eda ser aspirante nuevamente apart\u00e1ndose seis meses del cargo antes de terminar el periodo. Hoy la popularidad de Bukele se ubica entre el 70 y el 90%, todo esto a pesar de los enormes repartos que hay sobre su gobierno.<\/span><\/p>\n<p class=\"p1\"><span style=\"font-size: 14pt; font-family: tahoma, arial, helvetica, sans-serif;\"><b>Lo que dicen los panelistas<\/b><\/span><\/p>\n<p class=\"p1\"><span style=\"font-size: 14pt; font-family: tahoma, arial, helvetica, sans-serif;\"><b>Para \u00d3scar Mart\u00ednez, jefe de redacci\u00f3n de El Faro,\u00a0<\/b>es previsible que hombres como Bukele existan y aprovechen el momento en sociedades tan injustas como las que se han construido, \u201clos \u00faltimos cuarto expresidentes han tenido problemas judiciales, hoy amparados en la dictadura de Ortega. La gente estaba cansada del saqueo, tenemos una sociedad en nivel de degradaci\u00f3n terrible, 50% de la poblaci\u00f3n en inseguridad alimentaria; en sociedades desesperadas donde la difusi\u00f3n de la democracia es tan raqu\u00edtica o nula es dif\u00edcil convencer a la gente que se preocupa por la comida, a que vea lo que hace la Corte Suprema de Justicia\u201d. Resalt\u00f3 que el tema econ\u00f3mico sin duda marca tendencia, \u201cdesde que lleg\u00f3 Bukele al poder 210 mil personas han ca\u00eddo a la pobreza extrema y 1 mill\u00f3n de personas est\u00e1n a pasos de caer en hambruna porque no hay categor\u00edas que los definan en la crisis de inseguridad alimentaria\u201d.<\/span><\/p>\n<p class=\"p1\"><span style=\"font-size: 14pt; font-family: tahoma, arial, helvetica, sans-serif;\"><b>Juan Diego Quesada, corresponsal de El Pa\u00eds Am\u00e9rica en El Salvador,\u00a0<\/b>plante\u00f3 que hay una preponderancia de Bukele asombrosa, \u201cnunca he hecho una cobertura en un pa\u00eds en la que un presidente arrase de esa manera, hay una recreaci\u00f3n del despacho presidencial en el aeropuerto y la gente se toma fotos, en camino a la ciudad hay anuncios sobre Bukele y su partido, pero no se encuentra nada de la oposici\u00f3n, no tienen dinero, no tienen recursos y no se anuncian de ninguna manera\u201d.<\/span><\/p>\n<p class=\"p1\"><span style=\"font-size: 14pt; font-family: tahoma, arial, helvetica, sans-serif;\">Resalt\u00f3 que la gente apoya a Bukele por su pol\u00edtica en seguridad, \u201cparece no importar el deterioro en derechos humanos que se ha dado, no hay emoci\u00f3n porque Bukele arrase, \u00e9l no ha hecho campa\u00f1a, no ha hecho eventos p\u00fablicos, ni siquiera un cierre de campa\u00f1a donde se muestre su poder, todo lo ha hecho en redes sociales, sus videos son cinematogr\u00e1ficos, algo que no se ve\u00eda desde Obama en publicidad de s\u00ed mismo\u201d.<\/span><\/p>\n<p class=\"p1\"><span style=\"font-size: 14pt; font-family: tahoma, arial, helvetica, sans-serif;\"><b>Ruth L\u00f3pez, abogada constitucionalista, jefa Anticorrupci\u00f3n y Justicia de Cristosal en El Salvador<\/b>, plante\u00f3 que el asunto es que estamos sobrepasados de propaganda gubernamental, \u201cEl Salvador es un pa\u00eds que no tiene frenos y contrapesos, eso dej\u00f3 de funcionar desde 2021 y con la sombrilla de popularidad; cada vez los espacios de corrupci\u00f3n son conocidos por el periodismo, hay un blindaje, lo cierto es que cada vez m\u00e1s estos elementos salen a flote, hay una excesiva concentraci\u00f3n de poder, mucho nepotismo, el r\u00e9gimen de excepci\u00f3n y eso ha tra\u00eddo fen\u00f3meno de desaparecidos y un producto de personas despedidas que no logran protestar frente al r\u00e9gimen\u201d.<\/span><\/p>\n<p class=\"p1\"><span style=\"font-size: 14pt; font-family: tahoma, arial, helvetica, sans-serif;\">Resalt\u00f3 que no hay \u00e1rbitro electoral que establezca equidad en la contienda, \u201cno se nivela la cancha, por el otro lado, esto ocurre bajo la sombrilla de popularidad que termina justificando por fuera, eso cubre toda irregularidad y pretende justificarse; dentro de la poblaci\u00f3n hay personas muy afectadas por el r\u00e9gimen\u201d.<\/span><\/p>\n<p class=\"p1\"><span style=\"font-size: 14pt; font-family: tahoma, arial, helvetica, sans-serif;\"><b>Jairo Libreros, abogado, profesor universitario, experto en asuntos de seguridad,\u00a0<\/b>coment\u00f3 que con los antecedentes que hay en la regi\u00f3n, se puede decir que lo que ocurre en El Salvador es un embrujo autoritario, \u201clos que logran entender la l\u00ednea que les permite no hablar de la soluci\u00f3n o de hechos y las dificultades, sino un relato populista para crear una ilusi\u00f3n de la nada y apoderarse del poder, eso es lo que marca el l\u00edmite\u201d. De otro lado, record\u00f3 que en el pa\u00eds tuvimos la oportunidad de tener un gobierno con facetas parecidas a lo que pasa en ese momento, \u201cel inicio del gobierno Uribe, un presidente carism\u00e1tico, que utiliz\u00f3 la seguridad para subir la popularidad y manejaron bien en comunicaciones, pero Bukele rompe el orden constitucional, sabe bien que, con un discurso f\u00e1cil y suave logra tener atenci\u00f3n y en otra mano tiene discurso fuerte\u201d.<\/span><\/p>\n<p class=\"p1\"><span style=\"font-size: 14pt; font-family: tahoma, arial, helvetica, sans-serif;\">Plante\u00f3 que Bukele tiene que cerrar m\u00e1s espacios democr\u00e1ticos para mantenerse en el poder y estar lejos de la justicia que lo lleve a un juicio pol\u00edtico, \u201ccuando se apuesta por el autoritarismo y se tuerce la constituci\u00f3n para estar en el poder, la \u00fanica salida es restringir y utilizar el nosotros contra ellos\u201d.<\/span><\/p>\n<p><span style=\"text-decoration: underline; font-size: 14pt; font-family: tahoma, arial, helvetica, sans-serif;\"><a href=\"https:\/\/x.com\/UltimaHoraCR\/status\/1753589726605349004?s=20\">https:\/\/x.com\/UltimaHoraCR\/status\/1753589726605349004?s=20<\/a><\/span><\/p>\n<p class=\"p1\"><span style=\"font-size: 14pt; font-family: tahoma, arial, helvetica, sans-serif;\"><b>Para H\u00e9ctor Lindo, historiador salvadore\u00f1o,\u00a0<\/b>lo que est\u00e1 ocurriendo con Bukele se trata de un quiebre en el Estado de derecho, \u201ceso est\u00e1 vigente en la constituci\u00f3n, es parte de la tradici\u00f3n de oponerse a la reelecci\u00f3n porque el pa\u00eds tuvo una trayectoria muy larga de presidentes que quer\u00edan quedarse en el poder\u201d, en se sentido, coment\u00f3 que desafortunadamente en la historia de El Salvador las dictaduras ha sido m\u00e1s frecuentes que la democracia, \u201chan sido militares y personalistas, pero el fen\u00f3meno Bukele evoca m\u00e1s los elementos de dictaduras personalistas del siglo XX como hostilidad a prensa libre, el control del poder judicial, la falta de transparencia en el manejo de fondos p\u00fablicos, dotaci\u00f3n del Ej\u00e9rcito para ampliar el poder coactivo del Estado, sobre todo, un manejo de la propaganda\u201d.<\/span><\/p>\n<p class=\"p1\"><span style=\"font-size: 14pt; font-family: tahoma, arial, helvetica, sans-serif;\">Explic\u00f3 que el pa\u00eds llega a este punto despu\u00e9s de que los partidos dominantes hicieron avances en t\u00e9rminos de independencia y establecer transparencia, \u201cpero tambi\u00e9n se dieron traspi\u00e9s, en el problema de las pandillas la soluci\u00f3n fue muy limitada, un problema que el causal no era tanto de ellos, eran las limitaciones, el desarraigo de la guerra\u201d.<\/span><\/p>\n<p><span style=\"font-size: 14pt; font-family: tahoma, arial, helvetica, sans-serif;\">El enlace de Hora20 con el audio del an\u00e1lisis es el siguiente:<\/span><\/p>\n<p><span style=\"text-decoration: underline; font-size: 14pt; font-family: tahoma, arial, helvetica, sans-serif;\"><a href=\"https:\/\/caracol.com.co\/2024\/02\/03\/elecciones-en-el-salvador-el-efecto-bukele-y-el-futuro-de-la-democracia\/\">https:\/\/caracol.com.co\/2024\/02\/03\/elecciones-en-el-salvador-el-efecto-bukele-y-el-futuro-de-la-democracia\/<\/a><\/span><\/p>\n<p style=\"text-align: right;\"><span style=\"text-decoration: underline; font-family: tahoma, arial, helvetica, sans-serif; font-size: 14pt;\"><a href=\"https:\/\/jairolibreros.com\/\"><strong>Blog de Jairo Libreros<\/strong><\/a><\/span><\/p>\n","protected":false},"excerpt":{"rendered":"<p>Elecciones en El Salvador: el efecto Bukele y el futuro de la democracia Jairo Libreros Jairo Libreros panelista Hora20 de Caracol Radio Cinco <\/p>\n","protected":false},"author":1,"featured_media":428,"comment_status":"open","ping_status":"open","sticky":false,"template":"","format":"standard","meta":{"om_disable_all_campaigns":false,"_monsterinsights_skip_tracking":false,"_monsterinsights_sitenote_active":false,"_monsterinsights_sitenote_note":"","_monsterinsights_sitenote_category":0,"footnotes":""},"categories":[94,1],"tags":[44,54,98,53,39],"aioseo_notices":[],"class_list":["post-2500","post","type-post","status-publish","format-standard","has-post-thumbnail","hentry","category-caracol-radio","category-jairo-libreros","tag-elecciones","tag-comunicacion-politica","tag-derechos-humanos","tag-politicas-publicas","tag-seguridad-ciudadana"],"_links":{"self":[{"href":"https:\/\/jairolibreros.com\/index.php?rest_route=\/wp\/v2\/posts\/2500"}],"collection":[{"href":"https:\/\/jairolibreros.com\/index.php?rest_route=\/wp\/v2\/posts"}],"about":[{"href":"https:\/\/jairolibreros.com\/index.php?rest_route=\/wp\/v2\/types\/post"}],"author":[{"embeddable":true,"href":"https:\/\/jairolibreros.com\/index.php?rest_route=\/wp\/v2\/users\/1"}],"replies":[{"embeddable":true,"href":"https:\/\/jairolibreros.com\/index.php?rest_route=%2Fwp%2Fv2%2Fcomments&post=2500"}],"version-history":[{"count":3,"href":"https:\/\/jairolibreros.com\/index.php?rest_route=\/wp\/v2\/posts\/2500\/revisions"}],"predecessor-version":[{"id":3856,"href":"https:\/\/jairolibreros.com\/index.php?rest_route=\/wp\/v2\/posts\/2500\/revisions\/3856"}],"wp:featuredmedia":[{"embeddable":true,"href":"https:\/\/jairolibreros.com\/index.php?rest_route=\/wp\/v2\/media\/428"}],"wp:attachment":[{"href":"https:\/\/jairolibreros.com\/index.php?rest_route=%2Fwp%2Fv2%2Fmedia&parent=2500"}],"wp:term":[{"taxonomy":"category","embeddable":true,"href":"https:\/\/jairolibreros.com\/index.php?rest_route=%2Fwp%2Fv2%2Fcategories&post=2500"},{"taxonomy":"post_tag","embeddable":true,"href":"https:\/\/jairolibreros.com\/index.php?rest_route=%2Fwp%2Fv2%2Ftags&post=2500"}],"curies":[{"name":"wp","href":"https:\/\/api.w.org\/{rel}","templated":true}]}}